{"id":30865314,"date":"2021-04-21T11:06:01","date_gmt":"2021-04-21T09:06:01","guid":{"rendered":"https:\/\/www.upo.es\/diario\/?p=30865314"},"modified":"2021-04-27T09:21:44","modified_gmt":"2021-04-27T07:21:44","slug":"el-ayuntamiento-y-la-upo-constituyen-el-comite-tecnico-para-la-elaboracion-de-un-plan-estrategico-comun-en-el-area-metropolitana","status":"publish","type":"post","link":"https:\/\/www.upo.es\/diario\/institucional\/2021\/04\/el-ayuntamiento-y-la-upo-constituyen-el-comite-tecnico-para-la-elaboracion-de-un-plan-estrategico-comun-en-el-area-metropolitana\/","title":{"rendered":"El Ayuntamiento y la UPO constituyen el comit\u00e9 t\u00e9cnico para la elaboraci\u00f3n de un plan estrat\u00e9gico com\u00fan en el \u00e1rea metropolitana"},"content":{"rendered":"<p><a href=\"https:\/\/www.upo.es\/diario\/wp-content\/uploads\/2021\/04\/ayto_foro.jpeg\"><img loading=\"lazy\" decoding=\"async\" class=\"size-medium wp-image-30865315 alignright\" src=\"https:\/\/www.upo.es\/diario\/wp-content\/uploads\/2021\/04\/ayto_foro-360x270.jpeg\" alt=\"\" width=\"360\" height=\"270\" srcset=\"https:\/\/www.upo.es\/diario\/wp-content\/uploads\/2021\/04\/ayto_foro-360x270.jpeg 360w, https:\/\/www.upo.es\/diario\/wp-content\/uploads\/2021\/04\/ayto_foro-750x563.jpeg 750w, https:\/\/www.upo.es\/diario\/wp-content\/uploads\/2021\/04\/ayto_foro-600x450.jpeg 600w, https:\/\/www.upo.es\/diario\/wp-content\/uploads\/2021\/04\/ayto_foro.jpeg 768w\" sizes=\"auto, (max-width: 360px) 100vw, 360px\" \/><\/a>El Ayuntamiento de Sevilla ha sido sede de la constituci\u00f3n del comit\u00e9 t\u00e9cnico de impulso a la elaboraci\u00f3n de un plan estrat\u00e9gico com\u00fan para el \u00e1rea metropolitana que defina sus \u00e1reas de desarrollo econ\u00f3mico, industrial y laboral, conforme al compromiso adquirido por los distintos municipios que se dieron cita a mediados de marzo pasado en el I Foro Metropolitano de Sevilla. Se trata de una iniciativa impulsada desde el Consistorio hispalense, a trav\u00e9s de la Oficina del Plan Estrat\u00e9gico Sevilla 2030, y\u00a0 desde la Universidad Pablo de Olavide, en el marco de su proyecto de investigaci\u00f3n MetropoliAnd_.<\/p>\n<p>En esta constituci\u00f3n, presidida por el alcalde de Sevilla, Juan Espadas, y por el investigador principal de MetropoliAnd_, Rafael Merinero, han participado el alcalde de Camas, Rafael Recio, y la alcaldesa de Espartinas, Cristina Arcos, as\u00ed como concejales o representantes de Dos Hermanas, Bormujos, Alcal\u00e1 de Guada\u00edra, Mairena del Aljarafe, La Rinconada, Gelves, Santiponce, Coria del R\u00edo, La Algaba y Gelves, el Consorcio de Transporte Metropolitano del \u00c1rea de Sevilla (Consejer\u00eda de Fomento, Infraestructuras y Ordenaci\u00f3n del Territorio de la Junta de Andaluc\u00eda) y la Diputaci\u00f3n Provincial de Sevilla. La totalidad de los asistentes ante este comit\u00e9 t\u00e9cnico ha trasladado el compromiso de sus respectivos ayuntamientos para avanzar en esta estrategia metropolitana.<\/p>\n<p>\u201cEste comit\u00e9 debe proponer, entre otras cuestiones, unos planteamientos comunes de desarrollo industrial y tecnol\u00f3gico que hagan m\u00e1s atractivo el conjunto del \u00e1rea metropolitana a la hora de captar inversiones, as\u00ed como de mejora del transporte y las infraestructuras, gesti\u00f3n compartida de servicios p\u00fablicos, impulso a proyectos de econom\u00eda circular y una estrategia de lucha contra el cambo clim\u00e1tico\u201d, ha dicho Juan Espadas. \u201cY que exista un equipo profesional que vea esta imagen de conjunto del \u00e1rea metropolitana y haga adem\u00e1s propuestas susceptibles de una b\u00fasqueda de financiaci\u00f3n externa que, de una manera individual, no tendr\u00edamos acceso. Quienes estamos aqu\u00ed creemos que tal visi\u00f3n, esta vez s\u00ed, puede llegar a buen puerto\u201d, ha agregado.<\/p>\n<p>El objetivo, que naci\u00f3 el foro metropolitano del pasado mes de marzo, es promover una alianza entre administraciones, instituciones como la universidad y agentes sociales y econ\u00f3micos para poner en marcha un plan estrat\u00e9gico metropolitano com\u00fan y crear un \u00f3rgano de coordinaci\u00f3n que defina las \u00e1reas de oportunidades de desarrollo econ\u00f3mico y laboral para el \u00e1rea metropolitana de Sevilla.<\/p>\n<p>Con la constituci\u00f3n de este comit\u00e9 t\u00e9cnico se sigue el mismo modelo de trabajo que permiti\u00f3 en 2019 que Sevilla alcanzara un gran acuerdo para la aprobaci\u00f3n de su plan Estrat\u00e9gico Sevilla 2030 que fue ratificado por el Pleno del Ayuntamiento, asociaciones empresariales, sindicatos, instituciones, y entidades de distintos \u00e1mbitos de la ciudad.<\/p>\n<p>&nbsp;<\/p>\n<div id=\"content-core\">\n<div class=\"row bb-1 mb-4\">\n<div class=\"col-xs-12 col-sm-7 mb-4\">\n<p class=\"documentDescription description mb-4 text-semi h4-size mt-0\"><strong>Fuente:<\/strong> Ayuntamiento de Sevilla<\/p>\n<\/div>\n<div class=\"col-xs-12 col-sm-5 mb-4\">\n<div id=\"leadImage\" class=\"leadImage\"><\/div>\n<\/div>\n<\/div>\n<div id=\"parent-fieldname-text\" class=\"\">\n<p>&nbsp;<\/p>\n<\/div>\n<\/div>\n","protected":false},"excerpt":{"rendered":"<p>El Ayuntamiento de Sevilla ha sido sede esta semana de la constituci\u00f3n del comit\u00e9 t\u00e9cnico de impulso a la elaboraci\u00f3n de un plan estrat\u00e9gico com\u00fan para el \u00e1rea metropolitana que defina sus \u00e1reas de desarrollo econ\u00f3mico, industrial y laboral, conforme al compromiso adquirido por los distintos municipios que se dieron cita a mediados de marzo pasado en el I Foro Metropolitano de Sevilla. Se trata de una iniciativa impulsada desde el Consistorio hispalense, a trav\u00e9s de la Oficina del Plan Estrat\u00e9gico Sevilla 2030, y\u00a0 desde la Universidad Pablo de Olavide, en el marco de su proyecto de investigaci\u00f3n MetropoliAnd_.<\/p>\n","protected":false},"author":15,"featured_media":30865315,"comment_status":"closed","ping_status":"open","sticky":false,"template":"","format":"standard","meta":{"_monsterinsights_skip_tracking":false,"_monsterinsights_sitenote_active":false,"_monsterinsights_sitenote_note":"","_monsterinsights_sitenote_category":0,"footnotes":""},"categories":[6],"tags":[3473,7369,307,7327,2741,7368,7324,4960],"class_list":["post-30865314","post","type-post","status-publish","format-standard","has-post-thumbnail","hentry","category-institucional","tag-ayuntamiento","tag-comite-tecnico","tag-constitucion","tag-i-foro-metropolitano","tag-juan-espadas","tag-mesa-trabajo","tag-metropoliand_","tag-rafael-merinero"],"_links":{"self":[{"href":"https:\/\/www.upo.es\/diario\/wp-json\/wp\/v2\/posts\/30865314","targetHints":{"allow":["GET"]}}],"collection":[{"href":"https:\/\/www.upo.es\/diario\/wp-json\/wp\/v2\/posts"}],"about":[{"href":"https:\/\/www.upo.es\/diario\/wp-json\/wp\/v2\/types\/post"}],"author":[{"embeddable":true,"href":"https:\/\/www.upo.es\/diario\/wp-json\/wp\/v2\/users\/15"}],"replies":[{"embeddable":true,"href":"https:\/\/www.upo.es\/diario\/wp-json\/wp\/v2\/comments?post=30865314"}],"version-history":[{"count":3,"href":"https:\/\/www.upo.es\/diario\/wp-json\/wp\/v2\/posts\/30865314\/revisions"}],"predecessor-version":[{"id":30865328,"href":"https:\/\/www.upo.es\/diario\/wp-json\/wp\/v2\/posts\/30865314\/revisions\/30865328"}],"wp:featuredmedia":[{"embeddable":true,"href":"https:\/\/www.upo.es\/diario\/wp-json\/wp\/v2\/media\/30865315"}],"wp:attachment":[{"href":"https:\/\/www.upo.es\/diario\/wp-json\/wp\/v2\/media?parent=30865314"}],"wp:term":[{"taxonomy":"category","embeddable":true,"href":"https:\/\/www.upo.es\/diario\/wp-json\/wp\/v2\/categories?post=30865314"},{"taxonomy":"post_tag","embeddable":true,"href":"https:\/\/www.upo.es\/diario\/wp-json\/wp\/v2\/tags?post=30865314"}],"curies":[{"name":"wp","href":"https:\/\/api.w.org\/{rel}","templated":true}]}}