{"id":30865325,"date":"2021-04-22T04:54:56","date_gmt":"2021-04-22T02:54:56","guid":{"rendered":"https:\/\/www.upo.es\/diario\/?p=30865325"},"modified":"2021-04-22T10:55:20","modified_gmt":"2021-04-22T08:55:20","slug":"la-pandemia-ha-aumentado-la-inactividad-fisica-en-los-jovenes-esta-red-global-quiere-solucionarlo","status":"publish","type":"post","link":"https:\/\/www.upo.es\/diario\/theconversation\/2021\/04\/la-pandemia-ha-aumentado-la-inactividad-fisica-en-los-jovenes-esta-red-global-quiere-solucionarlo\/","title":{"rendered":"La pandemia ha aumentado la inactividad f\u00edsica en los j\u00f3venes: esta red global quiere solucionarlo"},"content":{"rendered":"<p><a href=\"https:\/\/theconversation.com\/profiles\/javier-brazo-sayavera-1219184\"><img loading=\"lazy\" decoding=\"async\" class=\"aligncenter size-large wp-image-30865326\" src=\"https:\/\/www.upo.es\/diario\/wp-content\/uploads\/2021\/04\/the-conversation_20210421-750x489.jpg\" alt=\"Ni\u00f1os y ni\u00f1as con dispositivos digitales\" width=\"750\" height=\"489\" srcset=\"https:\/\/www.upo.es\/diario\/wp-content\/uploads\/2021\/04\/the-conversation_20210421-750x489.jpg 750w, https:\/\/www.upo.es\/diario\/wp-content\/uploads\/2021\/04\/the-conversation_20210421-360x235.jpg 360w, https:\/\/www.upo.es\/diario\/wp-content\/uploads\/2021\/04\/the-conversation_20210421-600x392.jpg 600w, https:\/\/www.upo.es\/diario\/wp-content\/uploads\/2021\/04\/the-conversation_20210421-165x109.jpg 165w, https:\/\/www.upo.es\/diario\/wp-content\/uploads\/2021\/04\/the-conversation_20210421.jpg 754w\" sizes=\"auto, (max-width: 750px) 100vw, 750px\" \/>Javier Brazo-Sayavera<\/a>, <em><a href=\"https:\/\/theconversation.com\/institutions\/universidad-pablo-de-olavide-1362\">Universidad Pablo de Olavide<\/a><\/em>; <a href=\"https:\/\/theconversation.com\/profiles\/ales-gaba-1224746\">Ale\u0161 G\u00e1ba<\/a>; <a href=\"https:\/\/theconversation.com\/profiles\/eun-young-lee-1218005\">Eun-Young Lee<\/a>, <em><a href=\"https:\/\/theconversation.com\/institutions\/queens-university-ontario-1154\">Queen&#8217;s University, Ontario<\/a><\/em>; <a href=\"https:\/\/theconversation.com\/profiles\/riaz-uddin-1221583\">Riaz Uddin<\/a>, <em><a href=\"https:\/\/theconversation.com\/institutions\/deakin-university-757\">Deakin University<\/a><\/em>; <a href=\"https:\/\/theconversation.com\/profiles\/salome-aubert-1221617\">Salome Aubert<\/a>, <em><a href=\"https:\/\/theconversation.com\/institutions\/luniversite-dottawa-university-of-ottawa-1165\">L\u2019Universit\u00e9 d\u2019Ottawa\/University of Ottawa<\/a><\/em> y <a href=\"https:\/\/theconversation.com\/profiles\/taru-manyanga-1221625\">Taru Manyanga<\/a>, <em><a href=\"https:\/\/theconversation.com\/institutions\/university-of-northern-british-columbia-2730\">University of Northern British Columbia<\/a><\/em><\/p>\n<p>Expertos a nivel internacional reconocen la importancia de cumplir con las cantidades recomendadas de actividad f\u00edsica y sue\u00f1o para la salud de los m\u00e1s j\u00f3venes, as\u00ed como evitar comportamientos sedentarios. Es adecuado que ni\u00f1os y adolescentes <a href=\"https:\/\/apps.who.int\/iris\/bitstream\/handle\/10665\/337004\/9789240014817-spa.pdf?sequence=1&amp;isAllowed=y\">acumulen un promedio de 60 minutos diarios de actividad f\u00edsica de moderada a vigorosa intensidad, limiten la cantidad de tiempo de comportamiento sedentario (especialmente tiempo recreativo de pantalla)<\/a> y tengan entre 8 y 11 horas (dependiendo de la edad) de sue\u00f1o ininterrumpido por noche para su salud.<\/p>\n<p>Por otro lado, la insuficiente actividad f\u00edsica ha sido identificada como el cuarto factor de riesgo de muerte prematura durante la edad adulta. Este est\u00e1 asociado con par\u00e1metros adversos de salud a nivel f\u00edsico, psicosocial y cognitivo, as\u00ed como a una menor condici\u00f3n f\u00edsica y niveles m\u00e1s bajos de actividad f\u00edsica tanto durante la infancia y adolescencia como en etapas posteriores en la vida.<\/p>\n<p>En los \u00faltimos a\u00f1os, el uso recreativo de las pantallas se ha convertido en la principal actividad de comportamiento sedentario en ni\u00f1os y j\u00f3venes. Este incremento en el tiempo de pantalla es muy preocupante debido a sus consecuencias negativas para la salud f\u00edsica (obsesidad) y mental.<\/p>\n<p>El sue\u00f1o es otro comportamiento importante para el bienestar de los j\u00f3venes y est\u00e1 relacionado con diferentes par\u00e1metros de salud tales como la salud psicosocial, salud cardiometab\u00f3lica o adiposidad. Los h\u00e1bitos establecidos durante la infancia y adolescencia pueden tener efectos a largo plazo en la salud y pueden llegar hasta la edad adulta. Por lo tanto, la infancia es un periodo \u00f3ptimo para promocionar h\u00e1bitos de vida activos y saludables como estrategia para prevenir las enfermedades no transmisibles y lograr una poblaci\u00f3n adulta sana.<\/p>\n<h3>La pandemia agrava la crisis de la actividad f\u00edsica<\/h3>\n<p>La pandemia de covid-19 oblig\u00f3 a establecer restricciones alrededor del mundo que afectaron a los comportamientos activos de ni\u00f1os y j\u00f3venes. La comunidad cient\u00edfica ha reportado una reducci\u00f3n en el cumplimiento de las mencionadas recomendaciones en diferentes partes del mundo, incluyendo Australia, Brasil, Canad\u00e1 y Espa\u00f1a.<\/p>\n<p>Dado que el mundo ya estaba afrontando una crisis de insuficiente actividad f\u00edsica antes del inicio de la pandemia, existe una preocupaci\u00f3n por la doble carga en la era pospandemia que supone la propia pandemia y la insuficiente actividad f\u00edsica.<\/p>\n<p>Como respuesta directa a esta situaci\u00f3n, un grupo de investigadores, profesionales de la salud y grupos de inter\u00e9s trabajar\u00e1n juntos para amortiguar el impacto de los cambios comportamentales relacionados con la pandemia en conjunci\u00f3n con la persistente inactividad f\u00edsica a nivel mundial.<\/p>\n<p>La <a href=\"https:\/\/www.activehealthykids.org\/\">Alianza Global por una Infancia Activa y Saludable<\/a> (AHKGA, por sus siglas en ingl\u00e9s) es una organizaci\u00f3n sin \u00e1nimo de lucro que integra investigadores, profesionales de la salud y relevantes grupos de inter\u00e9s con el objetivo de promocionar la actividad f\u00edsica en ni\u00f1os y j\u00f3venes. La alianza ha desarrollado la <a href=\"https:\/\/www.activehealthykids.org\/3-0\/\">matriz global de actividad f\u00edsica para ni\u00f1os y j\u00f3venes<\/a>, que es una iniciativa de desarrollo de un reporte de calificaciones que eval\u00faa 10 indicadores relacionados con la actividad f\u00edsica en ni\u00f1os y j\u00f3venes en pa\u00edses de seis continentes.:<\/p>\n<ol>\n<li>Actividad f\u00edsica general.<\/li>\n<li>Deporte y actividad f\u00edsica organizada.<\/li>\n<li>Juego activo.<\/li>\n<li>Transporte activo.<\/li>\n<li>Comportamiento sedentario.<\/li>\n<li>Condici\u00f3n f\u00edsica.<\/li>\n<li>Familiares y pares.<\/li>\n<li>Escuela.<\/li>\n<li>Comunidad y ambiente.<\/li>\n<li>Gobierno.<\/li>\n<\/ol>\n<p>Cada pa\u00eds participante elabora un reporte de calificaciones que presenta la evidencia disponible m\u00e1s reciente de cada indicador. El de Espa\u00f1a, por ejemplo, se encuentra <a href=\"https:\/\/www.activehealthykids.org\/wp-content\/uploads\/2016\/11\/spain-report-card-long-form-2016.pdf\">aqu\u00ed<\/a>.<\/p>\n<h3>Un reporte para mejorar la investigaci\u00f3n<\/h3>\n<p>La matriz global y los reportes de calificaciones son importantes instrumentos de apoyo para el desarrollo de pol\u00edticas p\u00fablicas y programas nacionales e internacionales para la promoci\u00f3n de la actividad f\u00edsica en ni\u00f1os y j\u00f3venes. Tambi\u00e9n facilitan la investigaci\u00f3n en este \u00e1mbito, ya que presentan las brechas cr\u00edticas de investigaci\u00f3n y vigilancia que deben ser abordadas para promocionar un estilo de vida activo y saludable en ni\u00f1os y j\u00f3venes a nivel global.<\/p>\n<p>El proyecto presentar\u00e1 su cuarta edici\u00f3n en 2022, e incluir\u00e1 un total de 60 pa\u00edses participantes. Para la cuarta edici\u00f3n, 16 territorios o pa\u00edses nuevos participar\u00e1n en el proyecto por primera vez, y se suman a los 44 pa\u00edses o territorios que vuelven a participar.<\/p>\n<p>Una caracter\u00edstica \u00fanica de la cuarta edici\u00f3n es la participaci\u00f3n independiente de regiones espa\u00f1olas (Extremadura, Pa\u00eds Vasco y Regi\u00f3n de Murcia) como proyecto piloto para obtener informaci\u00f3n m\u00e1s espec\u00edfica sobre las diferencias generales existentes entre regiones dentro de un mismo pa\u00eds.<\/p>\n<p>Esto podr\u00eda ayudar a comprender las diferencias regionales e implementar pol\u00edticas espec\u00edficas para promocionar comportamientos activos de una manera efectiva. Algunos <a href=\"https:\/\/www.gasolfoundation.org\/es\/estudio-pasos\/#:%7E:text=%C2%BFQu%C3%A9%20es%20PASOS%3F,16%20a%C3%B1os%20y%20sus%20familias.\">estudios recientes<\/a> en Espa\u00f1a han resaltado las diferencias regionales respecto a la obesidad y los indicadores relacionados con la obesidad.<\/p>\n<p>Una nueva colaboraci\u00f3n (Red Espa\u00f1ola por una Infancia Activa y Saludable) de expertos e investigadores de actividad f\u00edsica se est\u00e1 poniendo en marcha. Esta apoyar\u00e1 las actividades de la AHKGA, promocionando la difusi\u00f3n y comunicaci\u00f3n del conocimiento cient\u00edfico relacionado con la actividad f\u00edsica y la salud entre la comunidad cient\u00edfica espa\u00f1ola, as\u00ed como entre la poblaci\u00f3n general, defendiendo el desarrollo de intervenciones, programas, y pol\u00edticas de promoci\u00f3n de comportamientos activos en ni\u00f1os y j\u00f3venes.<\/p>\n<p>Recopilar, armonizar y sintetizar datos para la edici\u00f3n actual ser\u00e1 un desaf\u00edo debido al impacto de la pandemia en curso y su irrupci\u00f3n en nuestras vidas en todo el mundo. La sociedad cient\u00edfica espa\u00f1ola e internacional est\u00e1 comprometida con la promoci\u00f3n, difusi\u00f3n y comunicaci\u00f3n de la evidencia cient\u00edfica para apoyar el objetivo de la Organizaci\u00f3n Mundial de la Salud de reducir la insuficiente actividad f\u00edsica a nivel global.<\/p>\n<p>Adem\u00e1s, la actual situaci\u00f3n sanitaria llama a la acci\u00f3n y apoyo de gobierno, legisladores e investigadores para una mejor monitorizaci\u00f3n y evaluaci\u00f3n de los cambios en actividad f\u00edsica, comportamiento sedentario y sue\u00f1o en ni\u00f1os y j\u00f3venes, as\u00ed como sus fuentes de influencia durante y en la era pospandemia. Estos esfuerzos constituir\u00e1n un paso esencial para lograr una poblaci\u00f3n<a href=\"https:\/\/apps.who.int\/iris\/bitstream\/handle\/10665\/272721\/WHO-NMH-PND-18.5-eng.pdf\">activa para un mundo m\u00e1s saludable<\/a>.<\/p>\n<p><a href=\"https:\/\/theconversation.com\/profiles\/javier-brazo-sayavera-1219184\">Javier Brazo-Sayavera<\/a>, Profesor del \u00e1rea de Educaci\u00f3n F\u00edsica y Deportiva, <em><a href=\"https:\/\/theconversation.com\/institutions\/universidad-pablo-de-olavide-1362\">Universidad Pablo de Olavide<\/a><\/em>; <a href=\"https:\/\/theconversation.com\/profiles\/ales-gaba-1224746\">Ale\u0161 G\u00e1ba<\/a>, Associate professor, Palack\u00fd University Olomouc, Czech Republic; <a href=\"https:\/\/theconversation.com\/profiles\/eun-young-lee-1218005\">Eun-Young Lee<\/a>, Assistant Professor, <em><a href=\"https:\/\/theconversation.com\/institutions\/queens-university-ontario-1154\">Queen&#8217;s University, Ontario<\/a><\/em>; <a href=\"https:\/\/theconversation.com\/profiles\/riaz-uddin-1221583\">Riaz Uddin<\/a>, Postdoctoral Research Fellow, <em><a href=\"https:\/\/theconversation.com\/institutions\/deakin-university-757\">Deakin University<\/a><\/em>; <a href=\"https:\/\/theconversation.com\/profiles\/salome-aubert-1221617\">Salome Aubert<\/a>, PhD in Population Health, <em><a href=\"https:\/\/theconversation.com\/institutions\/luniversite-dottawa-university-of-ottawa-1165\">L\u2019Universit\u00e9 d\u2019Ottawa\/University of Ottawa<\/a><\/em> y <a href=\"https:\/\/theconversation.com\/profiles\/taru-manyanga-1221625\">Taru Manyanga<\/a>, Assistant Professor-Physical Therapy, <em><a href=\"https:\/\/theconversation.com\/institutions\/university-of-northern-british-columbia-2730\">University of Northern British Columbia<\/a><\/em><\/p>\n<p>Este art\u00edculo fue publicado originalmente en <a href=\"https:\/\/theconversation.com\">The Conversation<\/a>. Lea el <a href=\"https:\/\/theconversation.com\/la-pandemia-ha-aumentado-la-inactividad-fisica-en-los-jovenes-esta-red-global-quiere-solucionarlo-157626\">original<\/a>.<\/p>\n<p><img loading=\"lazy\" decoding=\"async\" style=\"border: none !important; box-shadow: none !important; margin: 0 !important; max-height: 1px !important; max-width: 1px !important; min-height: 1px !important; min-width: 1px !important; opacity: 0 !important; outline: none !important; padding: 0 !important; text-shadow: none !important;\" src=\"https:\/\/counter.theconversation.com\/content\/157626\/count.gif?distributor=republish-lightbox-advanced\" alt=\"The Conversation\" width=\"1\" height=\"1\" \/><\/p>\n","protected":false},"excerpt":{"rendered":"<p>Javier Brazo-Sayavera, Universidad Pablo de Olavide; Ale\u0161 G\u00e1ba; Eun-Young Lee, Queen&#8217;s University, Ontario; Riaz Uddin, Deakin University; Salome Aubert, L\u2019Universit\u00e9 d\u2019Ottawa\/University of Ottawa y Taru Manyanga, University of Northern British Columbia Expertos a nivel internacional reconocen la importancia de cumplir con las cantidades recomendadas de actividad f\u00edsica y sue\u00f1o para la salud de los m\u00e1s j\u00f3venes, as\u00ed como evitar comportamientos<a class=\"read-more\" href=\"https:\/\/www.upo.es\/diario\/theconversation\/2021\/04\/la-pandemia-ha-aumentado-la-inactividad-fisica-en-los-jovenes-esta-red-global-quiere-solucionarlo\/\">[Read More&#8230;]<\/a><\/p>\n","protected":false},"author":6,"featured_media":30865326,"comment_status":"closed","ping_status":"open","sticky":false,"template":"","format":"standard","meta":{"_monsterinsights_skip_tracking":false,"_monsterinsights_sitenote_active":false,"_monsterinsights_sitenote_note":"","_monsterinsights_sitenote_category":0,"footnotes":""},"categories":[5390],"tags":[666,144,541,451,7041,218],"class_list":["post-30865325","post","type-post","status-publish","format-standard","has-post-thumbnail","hentry","category-theconversation","tag-actividad-fisica","tag-crisis","tag-deporte","tag-infancia","tag-pandemia","tag-salud"],"_links":{"self":[{"href":"https:\/\/www.upo.es\/diario\/wp-json\/wp\/v2\/posts\/30865325","targetHints":{"allow":["GET"]}}],"collection":[{"href":"https:\/\/www.upo.es\/diario\/wp-json\/wp\/v2\/posts"}],"about":[{"href":"https:\/\/www.upo.es\/diario\/wp-json\/wp\/v2\/types\/post"}],"author":[{"embeddable":true,"href":"https:\/\/www.upo.es\/diario\/wp-json\/wp\/v2\/users\/6"}],"replies":[{"embeddable":true,"href":"https:\/\/www.upo.es\/diario\/wp-json\/wp\/v2\/comments?post=30865325"}],"version-history":[{"count":1,"href":"https:\/\/www.upo.es\/diario\/wp-json\/wp\/v2\/posts\/30865325\/revisions"}],"predecessor-version":[{"id":30865327,"href":"https:\/\/www.upo.es\/diario\/wp-json\/wp\/v2\/posts\/30865325\/revisions\/30865327"}],"wp:featuredmedia":[{"embeddable":true,"href":"https:\/\/www.upo.es\/diario\/wp-json\/wp\/v2\/media\/30865326"}],"wp:attachment":[{"href":"https:\/\/www.upo.es\/diario\/wp-json\/wp\/v2\/media?parent=30865325"}],"wp:term":[{"taxonomy":"category","embeddable":true,"href":"https:\/\/www.upo.es\/diario\/wp-json\/wp\/v2\/categories?post=30865325"},{"taxonomy":"post_tag","embeddable":true,"href":"https:\/\/www.upo.es\/diario\/wp-json\/wp\/v2\/tags?post=30865325"}],"curies":[{"name":"wp","href":"https:\/\/api.w.org\/{rel}","templated":true}]}}