{"id":30865566,"date":"2021-05-03T11:09:44","date_gmt":"2021-05-03T09:09:44","guid":{"rendered":"https:\/\/www.upo.es\/diario\/?p=30865566"},"modified":"2021-05-03T11:09:44","modified_gmt":"2021-05-03T09:09:44","slug":"six-out-of-ten-entrepreneurs-consider-the-existence-of-their-businesses-threatened-by-the-coronavirus","status":"publish","type":"post","link":"https:\/\/www.upo.es\/diario\/english\/2021\/05\/six-out-of-ten-entrepreneurs-consider-the-existence-of-their-businesses-threatened-by-the-coronavirus\/","title":{"rendered":"Six out of ten entrepreneurs consider the existence of their businesses threatened by the coronavirus"},"content":{"rendered":"<p><img loading=\"lazy\" decoding=\"async\" class=\"aligncenter wp-image-30865561 size-full\" src=\"https:\/\/www.upo.es\/diario\/wp-content\/uploads\/2021\/05\/loss-trading-covid-19.png\" alt=\"gr\u00e1fica de p\u00e9rdidas de negocio por pa\u00edses\" width=\"690\" height=\"344\" srcset=\"https:\/\/www.upo.es\/diario\/wp-content\/uploads\/2021\/05\/loss-trading-covid-19.png 690w, https:\/\/www.upo.es\/diario\/wp-content\/uploads\/2021\/05\/loss-trading-covid-19-360x179.png 360w, https:\/\/www.upo.es\/diario\/wp-content\/uploads\/2021\/05\/loss-trading-covid-19-600x299.png 600w\" sizes=\"auto, (max-width: 690px) 100vw, 690px\" \/>60% of Spanish entrepreneurs have seen their business activity threatened by COVID-19. This figure is slightly below the international average, according to a research co-led by Universidad Pablo de Olavide which assesses the pandemic\u2019s impact on the entrepreneurship group in terms of economy, as well as emotional well-being and social relationships. The data, which compares a sample of 23 countries, ranks Spain at the bottom of the list in job creation prospects, just behind Japan.<\/p>\n<p>Late payment of invoices and problems in meeting payrolls or suppliers have been the two main threats to these businesses during the pandemic. Around 28% of self-employed and small and medium-sized enterprises (SMEs) have had to face these circumstances. This has affected in a special way to China, Pakistan, or Germany, a country that leads the list of entrepreneurs with difficulties to meet the costs of their activity (44.5% of the cases).<\/p>\n<figure id=\"attachment_30865563\" aria-describedby=\"caption-attachment-30865563\" style=\"width: 360px\" class=\"wp-caption alignright\"><a href=\"https:\/\/www.upo.es\/diario\/wp-content\/uploads\/2021\/05\/AnaPerez02.jpg\"><img loading=\"lazy\" decoding=\"async\" class=\"size-medium wp-image-30865563\" src=\"https:\/\/www.upo.es\/diario\/wp-content\/uploads\/2021\/05\/AnaPerez02-360x270.jpg\" alt=\"Ana P\u00e9rez Lu\u00f1o\" width=\"360\" height=\"270\" srcset=\"https:\/\/www.upo.es\/diario\/wp-content\/uploads\/2021\/05\/AnaPerez02-360x270.jpg 360w, https:\/\/www.upo.es\/diario\/wp-content\/uploads\/2021\/05\/AnaPerez02-750x562.jpg 750w, https:\/\/www.upo.es\/diario\/wp-content\/uploads\/2021\/05\/AnaPerez02-768x576.jpg 768w, https:\/\/www.upo.es\/diario\/wp-content\/uploads\/2021\/05\/AnaPerez02-600x450.jpg 600w, https:\/\/www.upo.es\/diario\/wp-content\/uploads\/2021\/05\/AnaPerez02-1536x1152.jpg 1536w, https:\/\/www.upo.es\/diario\/wp-content\/uploads\/2021\/05\/AnaPerez02-2048x1536.jpg 2048w, https:\/\/www.upo.es\/diario\/wp-content\/uploads\/2021\/05\/AnaPerez02-1320x990.jpg 1320w\" sizes=\"auto, (max-width: 360px) 100vw, 360px\" \/><\/a><figcaption id=\"caption-attachment-30865563\" class=\"wp-caption-text\">Ana P\u00e9rez Lu\u00f1o<\/figcaption><\/figure>\n<p>The health crisis has not led to changes in that way for almost half of Spanish respondents (41.5%), \u201cmaybe because Spain had not emerged from the previous crisis yet\u201d, pointed <strong>Ana Perez-Lu\u00f1o, main co-author of the research and founding member of the research center Inn-Lab belonging to UPO<\/strong>.<\/p>\n<p>Along with the economic issue, the jump to digital adaptation is another commonplace for this group. 42% of the sample claim that distance working has increased or that they have started to work from home. Attendance to the entrepreneurs\u2019 offices from Chile, Australia, and United Kingdom has been reduced to less than 10% of the cases, a figure that rises to 42% for Spain and Japan. At the other end, the countries where distance working is less popular are Bosnia-Herzegovina, Norway, and France.<\/p>\n<p>In spite of the coronavirus, around 70% of entrepreneurs hope to create more jobs in the next few years and almost 40% estimate that their businesses will be even bigger than they were before the pandemic. A moderate enthusiasm (almost half of the sample admits being in a precarious situation), in light of the new opportunities that are still emerging at these times.<\/p>\n<p>\u201cWe are talking about a group that is used to facing continuous uncertainty, with a high level of resilience, but it is also necessary to consider that the research was carried out before the second wave and today, for certain sectors, the situation is harder\u201d, says Ana P\u00e9rez-Lu\u00f1o. For this reason, the contributors of the research, funded by King\u2019s College London, are preparing a new approach for the month of July to compare it with the results obtained last summer.<\/p>\n<h3><strong>Emotional well-being<\/strong><\/h3>\n<p>According to the report, levels of life satisfaction have dropped by 12% during the first months of pandemic, going from 7.5 to 6.6 out of 10. Further on, barely half of the participants found enough time to recover from work stress or to exercise regularly. 44% reported not getting enough sleep. Regarding this data, Spain is in line with the international average.<\/p>\n<p>The majority of the sample (58%) expressed concern about both their own and their family&#8217;s health. In this regard, slightly more than a third of the participants acknowledged their fear of receiving insufficient medical care. Uncertainty, as a result of the health crisis, was another of the main sources of stress, along with long working hours that were around 45 hours a week on average.<\/p>\n<p>Almost half of the entrepreneurs reported frustration with social constraints. However, the report highlights that barely 15% admitted feeling alone in their jobs. Social support from those around them (family, friends, and other entrepreneurs) has had a positive impact on this group, experiencing good emotional support in most cases.<\/p>\n<h3><strong>About the report<\/strong><\/h3>\n<p><em>Entrepreneurship during the Covid-19 Pandemic: A global study of entrepreneurs\u2019 challenges, resilience, and well-being <\/em>is a project led by <strong>Ute Stephan<\/strong>, <strong>Przemys\u0142aw Zbierowski<\/strong>, <strong>Ana P\u00e9rez-Lu\u00f1o an Anna Klausen, <\/strong>mainly funded by King\u2019s College London, and also by the Andaluc\u00eda European Regional Development Fund (ERDF) (among other sources). Furthermore, it also has the collaboration of observatory GEM (Global Entrepreneurship Monitor). Researchers from 25 different universities, who have surveyed more than 5.200 entrepreneurs from 23 countries have participated in it, including United Kingdom, France, Spain, USA, China, and Japan.<\/p>\n<p>The research sizes the impact of the pandemic on economic activity, business prospects, emotional well-being, and social relationships of entrepreneurs. In order to do so, they have analyzed both self- employed and SMEs from a geographical area that represents 3\/4 of the world\u2019s Gross Domestic Product (GDP).<\/p>\n<p>The report concludes with a reflection on five trends identified for the post-Covid economy: digitalization, \u2018local\u2019 focus, inclusive business models, staff development and business resilience. In addition, it offers five practical steps for entrepreneurs to protect their psychosocial well-being.<\/p>\n<p>&nbsp;<\/p>\n<p><a href=\"https:\/\/www.kcl.ac.uk\/business\/assets\/PDF\/research-papers\/global-report-entrepreneurship-during-the-covid-19-pandemic-a-global-study-of-entrepreneurs%27-challenges-resilience-and-well-being.pdf\">https:\/\/www.kcl.ac.uk\/business\/assets\/PDF\/research-papers\/global-report-entrepreneurship-during-the-covid-19-pandemic-a-global-study-of-entrepreneurs%27-challenges-resilience-and-well-being.pdf<\/a><\/p>\n<p>&nbsp;<\/p>\n","protected":false},"excerpt":{"rendered":"<p>Universidad Pablo de Olavide co-leads an international research, funded by the King\u2019s College London, which analyzes the impact of the pandemic on entrepreneurs from 23 countries.<\/p>\n","protected":false},"author":6,"featured_media":30865561,"comment_status":"closed","ping_status":"open","sticky":false,"template":"","format":"standard","meta":{"_monsterinsights_skip_tracking":false,"_monsterinsights_sitenote_active":false,"_monsterinsights_sitenote_note":"","_monsterinsights_sitenote_category":0,"footnotes":""},"categories":[3258],"tags":[6601,5604,7378],"class_list":["post-30865566","post","type-post","status-publish","format-standard","has-post-thumbnail","hentry","category-english","tag-covid-19","tag-entrepreneurship","tag-interna"],"_links":{"self":[{"href":"https:\/\/www.upo.es\/diario\/wp-json\/wp\/v2\/posts\/30865566","targetHints":{"allow":["GET"]}}],"collection":[{"href":"https:\/\/www.upo.es\/diario\/wp-json\/wp\/v2\/posts"}],"about":[{"href":"https:\/\/www.upo.es\/diario\/wp-json\/wp\/v2\/types\/post"}],"author":[{"embeddable":true,"href":"https:\/\/www.upo.es\/diario\/wp-json\/wp\/v2\/users\/6"}],"replies":[{"embeddable":true,"href":"https:\/\/www.upo.es\/diario\/wp-json\/wp\/v2\/comments?post=30865566"}],"version-history":[{"count":1,"href":"https:\/\/www.upo.es\/diario\/wp-json\/wp\/v2\/posts\/30865566\/revisions"}],"predecessor-version":[{"id":30865567,"href":"https:\/\/www.upo.es\/diario\/wp-json\/wp\/v2\/posts\/30865566\/revisions\/30865567"}],"wp:featuredmedia":[{"embeddable":true,"href":"https:\/\/www.upo.es\/diario\/wp-json\/wp\/v2\/media\/30865561"}],"wp:attachment":[{"href":"https:\/\/www.upo.es\/diario\/wp-json\/wp\/v2\/media?parent=30865566"}],"wp:term":[{"taxonomy":"category","embeddable":true,"href":"https:\/\/www.upo.es\/diario\/wp-json\/wp\/v2\/categories?post=30865566"},{"taxonomy":"post_tag","embeddable":true,"href":"https:\/\/www.upo.es\/diario\/wp-json\/wp\/v2\/tags?post=30865566"}],"curies":[{"name":"wp","href":"https:\/\/api.w.org\/{rel}","templated":true}]}}