{"id":30865633,"date":"2021-05-06T15:56:48","date_gmt":"2021-05-06T13:56:48","guid":{"rendered":"https:\/\/www.upo.es\/diario\/?p=30865633"},"modified":"2021-05-14T14:58:24","modified_gmt":"2021-05-14T12:58:24","slug":"francisco-oliva-saldremos-de-la-pandemia-siendo-una-mejor-sociedad-basada-en-la-sostenibilidad-la-digitalizacion-y-la-igualdad-de-genero","status":"publish","type":"post","link":"https:\/\/www.upo.es\/diario\/institucional\/2021\/05\/francisco-oliva-saldremos-de-la-pandemia-siendo-una-mejor-sociedad-basada-en-la-sostenibilidad-la-digitalizacion-y-la-igualdad-de-genero\/","title":{"rendered":"Francisco Oliva: \u201cSaldremos de la pandemia siendo una mejor sociedad basada en la sostenibilidad, la digitalizaci\u00f3n y la igualdad de g\u00e9nero\u201d"},"content":{"rendered":"<figure id=\"attachment_30865635\" aria-describedby=\"caption-attachment-30865635\" style=\"width: 750px\" class=\"wp-caption aligncenter\"><img loading=\"lazy\" decoding=\"async\" class=\"size-large wp-image-30865635\" src=\"https:\/\/www.upo.es\/diario\/wp-content\/uploads\/2021\/05\/plan-industrial-ayto-alcala-750x484.jpeg\" alt=\"\" width=\"750\" height=\"484\" srcset=\"https:\/\/www.upo.es\/diario\/wp-content\/uploads\/2021\/05\/plan-industrial-ayto-alcala-750x484.jpeg 750w, https:\/\/www.upo.es\/diario\/wp-content\/uploads\/2021\/05\/plan-industrial-ayto-alcala-360x232.jpeg 360w, https:\/\/www.upo.es\/diario\/wp-content\/uploads\/2021\/05\/plan-industrial-ayto-alcala-768x495.jpeg 768w, https:\/\/www.upo.es\/diario\/wp-content\/uploads\/2021\/05\/plan-industrial-ayto-alcala-600x387.jpeg 600w, https:\/\/www.upo.es\/diario\/wp-content\/uploads\/2021\/05\/plan-industrial-ayto-alcala-665x430.jpeg 665w, https:\/\/www.upo.es\/diario\/wp-content\/uploads\/2021\/05\/plan-industrial-ayto-alcala.jpeg 952w\" sizes=\"auto, (max-width: 750px) 100vw, 750px\" \/><figcaption id=\"caption-attachment-30865635\" class=\"wp-caption-text\">Foto: Ayuntamiento Alcal\u00e1 de Guada\u00edra<\/figcaption><\/figure>\n<p>El rector de la Universidad Pablo de Olavide, <strong>Francisco Oliva Bl\u00e1zquez<\/strong>, ha asistido al acto de presentaci\u00f3n del <strong>Plan Industrial de Alcal\u00e1 de Guada\u00edra 2021-2023<\/strong> en el que ha mostrado su colaboraci\u00f3n hacia esta iniciativa impulsada por el Ayuntamiento alcalare\u00f1o. La UPO apoya el plan destinado a fomentar el empleo, la mejora de las infraestructuras y la transformaci\u00f3n de los servicios empresariales demostrando as\u00ed su compromiso con la innovaci\u00f3n, el emprendimiento y el dinamismo. \u201cLas investigaciones apuntan a que m\u00e1s de la mitad de los puestos de trabajo del futuro no se han inventado actualmente. Desde la Universidad trabajamos para proporcionar las herramientas necesarias a nuestros j\u00f3venes para que puedan desarrollarse en este nuevo mercado laboral basado en la innovaci\u00f3n y la digitalizaci\u00f3n, algo que ya es una tarea del presente\u201d, ha explicado el <strong>rector<\/strong>.<\/p>\n<p>La presentaci\u00f3n del plan ha contado con la presencia de la ministra de Hacienda y portavoz del Gobierno de Espa\u00f1a, <strong>Mar\u00eda Jes\u00fas Montero<\/strong>, el presidente de la Diputaci\u00f3n de Sevilla, <strong>Fernando Rodr\u00edguez Villalobos<\/strong>, el alcalde de Sevilla, <strong>Juan Espadas<\/strong> y la alcaldesa de Alcal\u00e1 de Guada\u00edra, <strong>Ana Isabel Jim\u00e9nez<\/strong>.<\/p>\n<p>La Universidad Pablo de Olavide ha mostrado un compromiso basado en proyectos abanderados por un marcado <strong>car\u00e1cter social<\/strong>, \u201cdesde la UPO consideramos que saldremos de esta pandemia siendo una mejor sociedad basada en la sostenibilidad, la digitalizaci\u00f3n humana y la igualdad real entre g\u00e9neros\u201d ha explicado <strong>Francisco Oliva<\/strong>. De esta manera, el rector de la Olavide ha comunicado que la Universidad trabaja para conseguir este prop\u00f3sito social a trav\u00e9s de la preparaci\u00f3n de j\u00f3venes hacia un escenario de futuro cambiante, el fomento y la dinamizaci\u00f3n del emprendimiento, la transferencia de conocimientos a la sociedad y el fomento del esp\u00edritu cr\u00edtico.<\/p>\n<p>Tras la presentaci\u00f3n a cargo de las instituciones, ha tenido lugar un coloquio sobre el proyecto, en el que han participado como miembros de la mesa t\u00e9cnica el representante de la Red Innpulso, Sergio Serna, junto con tres empresarios locales Mar\u00eda del Carmen Garc\u00eda Oliveros, gerente de la industria ferretera Cays, Cristian Luque, representante de Best Medical y Juan Esteban G\u00f3mez.<\/p>\n<h3><strong>Plan Industrial de Alcal\u00e1 de Guada\u00edra 2021-2023<\/strong><\/h3>\n<p>El <strong>Ayuntamiento de Alcal\u00e1 de Guada\u00edra<\/strong> ha presentado este trabajo partiendo de las caracter\u00edsticas empresariales que posee el municipio, que cuenta con 21 parques empresariales, 11 millones de metros cuadrados de suelo industrial y siendo la ciudad l\u00edder en n\u00famero de empleados directos en la industria manufacturera de la comunidad.<\/p>\n<p>El plan tiene como finalidad mejorar la regulaci\u00f3n de las entidades que conservan los parques empresariales, aumentar la inversi\u00f3n en infraestructuras y equipamientos, promover una gesti\u00f3n inteligente de parques empresariales <em>smart city<\/em>, desarrollar un ecosistema innovador para las pymes, as\u00ed como promover la captaci\u00f3n de nuevas inversiones. Para conseguir estos objetivos, el proyecto cuenta con cinco l\u00edneas de actuaci\u00f3n o programas: el desarrollo de un nuevo marco administrativo y urban\u00edstico, la configuraci\u00f3n de un plan de inversi\u00f3n plurianual, el establecimiento de un <em>Smart Business Park<\/em>, el desarrollo de un programa <em>Smart<\/em> Pymes y, por \u00faltimo, la captaci\u00f3n de inversiones productivas.<\/p>\n<p>&nbsp;<\/p>\n","protected":false},"excerpt":{"rendered":"<p>El rector de la Universidad Pablo de Olavide, Francisco Oliva Bl\u00e1zquez, ha asistido al acto de presentaci\u00f3n del Plan Industrial de Alcal\u00e1 de Guada\u00edra 2021-2023 en el que ha mostrado su colaboraci\u00f3n hacia esta iniciativa impulsada por el Ayuntamiento alcalare\u00f1o. La UPO apoya el plan destinado a fomentar el empleo, la mejora de las infraestructuras y la transformaci\u00f3n de los servicios empresariales demostrando as\u00ed su compromiso con la innovaci\u00f3n, el emprendimiento y el dinamismo.<\/p>\n","protected":false},"author":6,"featured_media":30865635,"comment_status":"closed","ping_status":"open","sticky":false,"template":"","format":"standard","meta":{"_monsterinsights_skip_tracking":false,"_monsterinsights_sitenote_active":false,"_monsterinsights_sitenote_note":"","_monsterinsights_sitenote_category":0,"footnotes":""},"categories":[6],"tags":[767,3473,4021,4609,1073,38,161],"class_list":["post-30865633","post","type-post","status-publish","format-standard","has-post-thumbnail","hentry","category-institucional","tag-alcala-de-guadaira","tag-ayuntamiento","tag-francisco-oliva-blazquez","tag-gobierno-de-espana","tag-industria","tag-rector","tag-sevilla"],"_links":{"self":[{"href":"https:\/\/www.upo.es\/diario\/wp-json\/wp\/v2\/posts\/30865633","targetHints":{"allow":["GET"]}}],"collection":[{"href":"https:\/\/www.upo.es\/diario\/wp-json\/wp\/v2\/posts"}],"about":[{"href":"https:\/\/www.upo.es\/diario\/wp-json\/wp\/v2\/types\/post"}],"author":[{"embeddable":true,"href":"https:\/\/www.upo.es\/diario\/wp-json\/wp\/v2\/users\/6"}],"replies":[{"embeddable":true,"href":"https:\/\/www.upo.es\/diario\/wp-json\/wp\/v2\/comments?post=30865633"}],"version-history":[{"count":2,"href":"https:\/\/www.upo.es\/diario\/wp-json\/wp\/v2\/posts\/30865633\/revisions"}],"predecessor-version":[{"id":30865636,"href":"https:\/\/www.upo.es\/diario\/wp-json\/wp\/v2\/posts\/30865633\/revisions\/30865636"}],"wp:featuredmedia":[{"embeddable":true,"href":"https:\/\/www.upo.es\/diario\/wp-json\/wp\/v2\/media\/30865635"}],"wp:attachment":[{"href":"https:\/\/www.upo.es\/diario\/wp-json\/wp\/v2\/media?parent=30865633"}],"wp:term":[{"taxonomy":"category","embeddable":true,"href":"https:\/\/www.upo.es\/diario\/wp-json\/wp\/v2\/categories?post=30865633"},{"taxonomy":"post_tag","embeddable":true,"href":"https:\/\/www.upo.es\/diario\/wp-json\/wp\/v2\/tags?post=30865633"}],"curies":[{"name":"wp","href":"https:\/\/api.w.org\/{rel}","templated":true}]}}