{"id":30865649,"date":"2021-05-07T14:25:34","date_gmt":"2021-05-07T12:25:34","guid":{"rendered":"https:\/\/www.upo.es\/diario\/?p=30865649"},"modified":"2021-05-07T14:57:19","modified_gmt":"2021-05-07T12:57:19","slug":"exito-en-la-celebracion-de-ias-jornadas-virtuales-de-orientacion-y-acceso-a-la-universidad-de-la-upo","status":"publish","type":"post","link":"https:\/\/www.upo.es\/diario\/institucional\/2021\/05\/exito-en-la-celebracion-de-ias-jornadas-virtuales-de-orientacion-y-acceso-a-la-universidad-de-la-upo\/","title":{"rendered":"\u00c9xito en la celebraci\u00f3n de las Jornadas Virtuales de Orientaci\u00f3n y Acceso a la Universidad de la UPO"},"content":{"rendered":"<figure id=\"attachment_30865650\" aria-describedby=\"caption-attachment-30865650\" style=\"width: 360px\" class=\"wp-caption alignright\"><a href=\"https:\/\/www.upo.es\/diario\/wp-content\/uploads\/2021\/05\/rector_jestudiantes.jpg\"><img loading=\"lazy\" decoding=\"async\" class=\"size-medium wp-image-30865650\" src=\"https:\/\/www.upo.es\/diario\/wp-content\/uploads\/2021\/05\/rector_jestudiantes-360x204.jpg\" alt=\"\" width=\"360\" height=\"204\" srcset=\"https:\/\/www.upo.es\/diario\/wp-content\/uploads\/2021\/05\/rector_jestudiantes-360x204.jpg 360w, https:\/\/www.upo.es\/diario\/wp-content\/uploads\/2021\/05\/rector_jestudiantes-750x424.jpg 750w, https:\/\/www.upo.es\/diario\/wp-content\/uploads\/2021\/05\/rector_jestudiantes-768x434.jpg 768w, https:\/\/www.upo.es\/diario\/wp-content\/uploads\/2021\/05\/rector_jestudiantes-600x339.jpg 600w, https:\/\/www.upo.es\/diario\/wp-content\/uploads\/2021\/05\/rector_jestudiantes.jpg 1270w\" sizes=\"auto, (max-width: 360px) 100vw, 360px\" \/><\/a><figcaption id=\"caption-attachment-30865650\" class=\"wp-caption-text\">El rector Francisco Oliva Bl\u00e1zquez dio la bienvenida a todos los participantes.<\/figcaption><\/figure>\n<p>La Universidad Pablo de Olavide, en su firme compromiso con el estudiantado, ha celebrado con \u00e9xito las <strong>Jornadas Virtuales de Orientaci\u00f3n y Acceso a la Universidad<\/strong>, un evento desarrollado durante los d\u00edas 4, 5 y 6 de mayo en formato virtual y que cont\u00f3 con la bienvenida del rector, Francisco Oliva Bl\u00e1zquez.<\/p>\n<p>As\u00ed, con la intenci\u00f3n de acompa\u00f1ar a los y las estudiantes que est\u00e1n a las puertas de elegir carrera universitaria, la UPO ha mostrado a lo largo de tres jornadas los aspectos cruciales de este proceso, como las <strong>claves sobre el desarrollo de la Prueba de Evaluaci\u00f3n de Bachillerato, Acceso y Admisi\u00f3n<\/strong> y algunos consejos sobre c\u00f3mo afrontar mejor esta experiencia.<\/p>\n<figure id=\"attachment_30865651\" aria-describedby=\"caption-attachment-30865651\" style=\"width: 360px\" class=\"wp-caption alignleft\"><a href=\"https:\/\/www.upo.es\/diario\/wp-content\/uploads\/2021\/05\/vicerrectora_jornada.jpg\"><img loading=\"lazy\" decoding=\"async\" class=\"size-medium wp-image-30865651\" src=\"https:\/\/www.upo.es\/diario\/wp-content\/uploads\/2021\/05\/vicerrectora_jornada-360x200.jpg\" alt=\"\" width=\"360\" height=\"200\" srcset=\"https:\/\/www.upo.es\/diario\/wp-content\/uploads\/2021\/05\/vicerrectora_jornada-360x200.jpg 360w, https:\/\/www.upo.es\/diario\/wp-content\/uploads\/2021\/05\/vicerrectora_jornada-750x417.jpg 750w, https:\/\/www.upo.es\/diario\/wp-content\/uploads\/2021\/05\/vicerrectora_jornada-768x427.jpg 768w, https:\/\/www.upo.es\/diario\/wp-content\/uploads\/2021\/05\/vicerrectora_jornada-600x334.jpg 600w, https:\/\/www.upo.es\/diario\/wp-content\/uploads\/2021\/05\/vicerrectora_jornada.jpg 1257w\" sizes=\"auto, (max-width: 360px) 100vw, 360px\" \/><\/a><figcaption id=\"caption-attachment-30865651\" class=\"wp-caption-text\">Mari\u00e1n Mor\u00f3n Mart\u00edn, vicerrectora de Estudiantes, en un momento de las jornadas.<\/figcaption><\/figure>\n<p>Los participantes, procedentes de centros de educaci\u00f3n secundaria p\u00fablicos y privados de Sevilla y provincia, de otras localidades andaluzas e incluso de otros pa\u00edses como M\u00e9xico o Colombia, tambi\u00e9n han podido conocer la <strong>oferta acad\u00e9mica<\/strong> de esta Universidad de la mano de representantes de las distintas Facultades y de la Escuela Polit\u00e9cnica Superior, as\u00ed como dar un <strong><a href=\"https:\/\/youtu.be\/-q6wxQYO1aI\">ameno paseo virtual por el Campus<\/a><\/strong> recorriendo sus instalaciones, entre las que se encuentran laboratorios, zonas deportivas y de ocio, biblioteca y dem\u00e1s espacios para la docencia y la formaci\u00f3n integral del estudiantado. El v\u00eddeo, que ha sido grabado gracias a la colaboraci\u00f3n desinteresada de estudiantes de esta Universidad, est\u00e1 disponible en el <a href=\"https:\/\/www.youtube.com\/channel\/UCUANEVb6m2nqixg39-etHWQ\">canal de YouTube de la UPO<\/a>, as\u00ed como la <a href=\"https:\/\/www.youtube.com\/watch?v=FlVlN1-aqcU\">grabaci\u00f3n de la primera sesi\u00f3n de las jornadas<\/a>, que cuenta hasta el d\u00eda de hoy con cerca de 1000 visualizaciones.<\/p>\n<figure id=\"attachment_30865652\" aria-describedby=\"caption-attachment-30865652\" style=\"width: 360px\" class=\"wp-caption alignright\"><a href=\"https:\/\/www.upo.es\/diario\/wp-content\/uploads\/2021\/05\/diapositiva_pevau.jpg\"><img loading=\"lazy\" decoding=\"async\" class=\"size-medium wp-image-30865652\" src=\"https:\/\/www.upo.es\/diario\/wp-content\/uploads\/2021\/05\/diapositiva_pevau-360x204.jpg\" alt=\"\" width=\"360\" height=\"204\" srcset=\"https:\/\/www.upo.es\/diario\/wp-content\/uploads\/2021\/05\/diapositiva_pevau-360x204.jpg 360w, https:\/\/www.upo.es\/diario\/wp-content\/uploads\/2021\/05\/diapositiva_pevau-750x425.jpg 750w, https:\/\/www.upo.es\/diario\/wp-content\/uploads\/2021\/05\/diapositiva_pevau-768x435.jpg 768w, https:\/\/www.upo.es\/diario\/wp-content\/uploads\/2021\/05\/diapositiva_pevau-600x340.jpg 600w, https:\/\/www.upo.es\/diario\/wp-content\/uploads\/2021\/05\/diapositiva_pevau.jpg 1272w\" sizes=\"auto, (max-width: 360px) 100vw, 360px\" \/><\/a><figcaption id=\"caption-attachment-30865652\" class=\"wp-caption-text\">Miguel \u00c1ngel Morales Cevidanes, director del \u00c1rea de Gesti\u00f3n Administrativa de Asistencia al Estudiante de Grado, en su intervenci\u00f3n sobre la PEvAU.<\/figcaption><\/figure>\n<p>La Universidad Pablo de Olavide se adapta de esta manera a las condiciones de seguridad y salud marcadas por la COVID-19 con este <strong>evento virtual y cercano, centrado en el estudiante y en sus necesidades, sin perder el car\u00e1cter accesible y humano que le caracteriza<\/strong>. <strong>Mari\u00e1n Mor\u00f3n, vicerrectora de Estudiantes<\/strong> incide en que \u201cesta proximidad es una se\u00f1a de identidad de la UPO, una universidad con la tasa de rendimiento acad\u00e9mico m\u00e1s elevada y con el menor \u00edndice de abandono, la primera y \u00fanica universidad espa\u00f1ola con todos sus centros de estudios grado acreditados por el Consejo de Universidades\u201d, y a\u00f1ade que \u201cesto no ser\u00eda posible sin un equipo humano que pone a su estudiantado en valor, pues en estas jornadas hemos intentado mostrarnos como esa universidad \u00fanica y conectada con las personas, tambi\u00e9n gracias a las nuevas tecnolog\u00edas\u201d.<\/p>\n<p>Adem\u00e1s, a lo largo de las sesiones, los participantes pudieron expresar sus dudas a trav\u00e9s de un chat, <strong>dudas solventadas<\/strong> por el personal del \u00c1rea de Gesti\u00f3n Administrativa de Asistencia al Estudiante de Grado, que se ampliar\u00e1 con el env\u00edo de <strong>material adicional para la preparaci\u00f3n de la prueba de acceso y una serie de materiales informativos que pueden servir de utilidad<\/strong> para el alumnado a la hora de tomar esa crucial decisi\u00f3n que es la de elegir carrera.<\/p>\n<p><strong>M\u00e1s informaci\u00f3n:<\/strong><\/p>\n<p><a href=\"https:\/\/www.upo.es\/soydelaupo\/\">https:\/\/www.upo.es\/soydelaupo\/<\/a><\/p>\n<p><a href=\"https:\/\/www.youtube.com\/watch?v=FlVlN1-aqcU\">Grabaci\u00f3n de la primera sesi\u00f3n de las jornadas<\/a><\/p>\n<p><a href=\"https:\/\/youtu.be\/-q6wxQYO1aI\">Paseo virtual por el Campus<\/a><\/p>\n<p>&nbsp;<\/p>\n","protected":false},"excerpt":{"rendered":"<p>La Universidad Pablo de Olavide, en su firme compromiso con el estudiantado, ha celebrado con \u00e9xito las Jornadas Virtuales de Orientaci\u00f3n y Acceso a la Universidad, un evento desarrollado durante los d\u00edas 4, 5 y 6 de mayo en formato virtual y que cont\u00f3 con la bienvenida del rector, Francisco Oliva Bl\u00e1zquez.<\/p>\n","protected":false},"author":2,"featured_media":30865650,"comment_status":"closed","ping_status":"open","sticky":false,"template":"","format":"standard","meta":{"_monsterinsights_skip_tracking":false,"_monsterinsights_sitenote_active":false,"_monsterinsights_sitenote_note":"","_monsterinsights_sitenote_category":0,"footnotes":""},"categories":[6],"tags":[501,107,21,84,377,4082,38,2114],"class_list":["post-30865649","post","type-post","status-publish","format-standard","has-post-thumbnail","hentry","category-institucional","tag-acceso","tag-campus","tag-estudiantes","tag-jornadas","tag-oferta-academica","tag-pevau","tag-rector","tag-vicerrectorado-de-estudiantes"],"_links":{"self":[{"href":"https:\/\/www.upo.es\/diario\/wp-json\/wp\/v2\/posts\/30865649","targetHints":{"allow":["GET"]}}],"collection":[{"href":"https:\/\/www.upo.es\/diario\/wp-json\/wp\/v2\/posts"}],"about":[{"href":"https:\/\/www.upo.es\/diario\/wp-json\/wp\/v2\/types\/post"}],"author":[{"embeddable":true,"href":"https:\/\/www.upo.es\/diario\/wp-json\/wp\/v2\/users\/2"}],"replies":[{"embeddable":true,"href":"https:\/\/www.upo.es\/diario\/wp-json\/wp\/v2\/comments?post=30865649"}],"version-history":[{"count":2,"href":"https:\/\/www.upo.es\/diario\/wp-json\/wp\/v2\/posts\/30865649\/revisions"}],"predecessor-version":[{"id":30865654,"href":"https:\/\/www.upo.es\/diario\/wp-json\/wp\/v2\/posts\/30865649\/revisions\/30865654"}],"wp:featuredmedia":[{"embeddable":true,"href":"https:\/\/www.upo.es\/diario\/wp-json\/wp\/v2\/media\/30865650"}],"wp:attachment":[{"href":"https:\/\/www.upo.es\/diario\/wp-json\/wp\/v2\/media?parent=30865649"}],"wp:term":[{"taxonomy":"category","embeddable":true,"href":"https:\/\/www.upo.es\/diario\/wp-json\/wp\/v2\/categories?post=30865649"},{"taxonomy":"post_tag","embeddable":true,"href":"https:\/\/www.upo.es\/diario\/wp-json\/wp\/v2\/tags?post=30865649"}],"curies":[{"name":"wp","href":"https:\/\/api.w.org\/{rel}","templated":true}]}}