{"id":30865674,"date":"2021-05-07T16:24:16","date_gmt":"2021-05-07T14:24:16","guid":{"rendered":"https:\/\/www.upo.es\/diario\/?p=30865674"},"modified":"2021-05-10T09:33:22","modified_gmt":"2021-05-10T07:33:22","slug":"la-sala-de-lectura-de-la-biblioteca-de-la-upo-abrira-hasta-las-21-horas-a-partir-del-proximo-lunes-10-de-mayo","status":"publish","type":"post","link":"https:\/\/www.upo.es\/diario\/comunidad\/2021\/05\/la-sala-de-lectura-de-la-biblioteca-de-la-upo-abrira-hasta-las-21-horas-a-partir-del-proximo-lunes-10-de-mayo\/","title":{"rendered":"La sala de lectura de la Biblioteca de la UPO abrir\u00e1 hasta las 21 horas a partir del lunes 10 de mayo"},"content":{"rendered":"<p><img loading=\"lazy\" decoding=\"async\" class=\"aligncenter size-large wp-image-30865676\" src=\"https:\/\/www.upo.es\/diario\/wp-content\/uploads\/2021\/05\/Biblioteca-horario-especical-2021-3-750x381.jpg\" alt=\"Biblioteca\" width=\"750\" height=\"381\" srcset=\"https:\/\/www.upo.es\/diario\/wp-content\/uploads\/2021\/05\/Biblioteca-horario-especical-2021-3-750x381.jpg 750w, https:\/\/www.upo.es\/diario\/wp-content\/uploads\/2021\/05\/Biblioteca-horario-especical-2021-3-360x183.jpg 360w, https:\/\/www.upo.es\/diario\/wp-content\/uploads\/2021\/05\/Biblioteca-horario-especical-2021-3-768x390.jpg 768w, https:\/\/www.upo.es\/diario\/wp-content\/uploads\/2021\/05\/Biblioteca-horario-especical-2021-3-600x305.jpg 600w, https:\/\/www.upo.es\/diario\/wp-content\/uploads\/2021\/05\/Biblioteca-horario-especical-2021-3.jpg 1005w\" sizes=\"auto, (max-width: 750px) 100vw, 750px\" \/>El mi\u00e9rcoles 19 de mayo comienzan en la Universidad Pablo de Olavide los ex\u00e1menes del curso 2020\/2021 para estudiantes de grado. Con el fin de facilitar la preparaci\u00f3n de las pruebas de evaluaci\u00f3n, <strong>la Biblioteca\/CRAI ampliar\u00e1 el horario de su sala de lectura hasta las 21 horas, de lunes a viernes, desde el pr\u00f3ximo lunes 10 de mayo<\/strong>.<\/p>\n<p>Los <strong>servicios bibliotecarios estar\u00e1n disponibles en horario de 8:30 a 15:00 horas<\/strong>, a partir de esta hora \u00fanicamente permanecer\u00e1 abierta la sala de lectura como espacio de estudio, sin servicio de pr\u00e9stamo y permaneciendo cerradas las salas de trabajo en grupo y las aulas de inform\u00e1tica. Es necesaria la<strong> reserva previa de puestos de lectura<\/strong> en la Biblioteca, que se realiza a trav\u00e9s de la aplicaci\u00f3n gratuita <strong><em><a href=\"https:\/\/guiasbib.upo.es\/reserva_de_espacios\/puestos_lectura\">Affluences<\/a><\/em><\/strong>.<\/p>\n<h3><strong>Apertura de la Galer\u00eda Superior como sala de estudio<\/strong><\/h3>\n<p>El Vicerrectorado de Estudiantes ha habilitado asimismo como sala de estudio la galer\u00eda situada sobre el Pasaje de la Ilustraci\u00f3n, desde las 9 hasta las 21 horas de lunes a viernes. <strong>Con 112 plazas, no es precisa la reserva previa, si bien es necesario un registro de usuarios como medida de prevenci\u00f3n frente a la Covid-19. Por ello el acceso se har\u00e1 desde el edificio 2<\/strong> y la salida por el otro extremo de la galer\u00eda, en el Celestino Mutis (edificio 18).<\/p>\n<p>M\u00e1s informaci\u00f3n: <a href=\"https:\/\/www.upo.es\/biblioteca\/detalle-noticias\/Ampliacion-del-horario-de-apertura-de-la-Sala-de-lectura-de-la-Biblioteca-CRAI\/\">Biblioteca\/CRAI<\/a><\/p>\n","protected":false},"excerpt":{"rendered":"<p>El mi\u00e9rcoles 19 de mayo comienzan los ex\u00e1menes del curso 2020\/2021 en la Universidad Pablo de Olavide para estudiantes de grado. Con el fin de facilitar la preparaci\u00f3n de las pruebas de evaluaci\u00f3n, la Biblioteca\/CRAI ampliar\u00e1 el horario de su sala de lectura hasta las 21 horas, de lunes a viernes, desde el pr\u00f3ximo lunes 10 de mayo.<\/p>\n","protected":false},"author":6,"featured_media":30859376,"comment_status":"closed","ping_status":"open","sticky":false,"template":"","format":"standard","meta":{"_monsterinsights_skip_tracking":false,"_monsterinsights_sitenote_active":false,"_monsterinsights_sitenote_note":"","_monsterinsights_sitenote_category":0,"footnotes":""},"categories":[5842],"tags":[125,6755,21,127,266],"class_list":["post-30865674","post","type-post","status-publish","format-standard","has-post-thumbnail","hentry","category-comunidad","tag-biblioteca","tag-curso-2020-2021","tag-estudiantes","tag-examenes","tag-grados"],"_links":{"self":[{"href":"https:\/\/www.upo.es\/diario\/wp-json\/wp\/v2\/posts\/30865674","targetHints":{"allow":["GET"]}}],"collection":[{"href":"https:\/\/www.upo.es\/diario\/wp-json\/wp\/v2\/posts"}],"about":[{"href":"https:\/\/www.upo.es\/diario\/wp-json\/wp\/v2\/types\/post"}],"author":[{"embeddable":true,"href":"https:\/\/www.upo.es\/diario\/wp-json\/wp\/v2\/users\/6"}],"replies":[{"embeddable":true,"href":"https:\/\/www.upo.es\/diario\/wp-json\/wp\/v2\/comments?post=30865674"}],"version-history":[{"count":7,"href":"https:\/\/www.upo.es\/diario\/wp-json\/wp\/v2\/posts\/30865674\/revisions"}],"predecessor-version":[{"id":30865682,"href":"https:\/\/www.upo.es\/diario\/wp-json\/wp\/v2\/posts\/30865674\/revisions\/30865682"}],"wp:featuredmedia":[{"embeddable":true,"href":"https:\/\/www.upo.es\/diario\/wp-json\/wp\/v2\/media\/30859376"}],"wp:attachment":[{"href":"https:\/\/www.upo.es\/diario\/wp-json\/wp\/v2\/media?parent=30865674"}],"wp:term":[{"taxonomy":"category","embeddable":true,"href":"https:\/\/www.upo.es\/diario\/wp-json\/wp\/v2\/categories?post=30865674"},{"taxonomy":"post_tag","embeddable":true,"href":"https:\/\/www.upo.es\/diario\/wp-json\/wp\/v2\/tags?post=30865674"}],"curies":[{"name":"wp","href":"https:\/\/api.w.org\/{rel}","templated":true}]}}