{"id":30865693,"date":"2021-05-11T12:23:09","date_gmt":"2021-05-11T10:23:09","guid":{"rendered":"https:\/\/www.upo.es\/diario\/?p=30865693"},"modified":"2021-05-13T14:32:12","modified_gmt":"2021-05-13T12:32:12","slug":"el-alumnado-de-fevida-comienza-su-inmersion-en-la-residencia-universitaria-flora-tristan","status":"publish","type":"post","link":"https:\/\/www.upo.es\/diario\/cultura-social\/2021\/05\/el-alumnado-de-fevida-comienza-su-inmersion-en-la-residencia-universitaria-flora-tristan\/","title":{"rendered":"El alumnado de Fevida comienza su inmersi\u00f3n en la Residencia Universitaria Flora Trist\u00e1n"},"content":{"rendered":"<p><a href=\"https:\/\/www.upo.es\/diario\/wp-content\/uploads\/2021\/05\/Foto-grupo-Fevida-Flora-Tristan-e1620727132773.jpg\"><img loading=\"lazy\" decoding=\"async\" class=\"aligncenter wp-image-30865694 size-large\" src=\"https:\/\/www.upo.es\/diario\/wp-content\/uploads\/2021\/05\/Foto-grupo-Fevida-Flora-Tristan-e1620727132773-750x452.jpg\" alt=\"\" width=\"750\" height=\"452\" srcset=\"https:\/\/www.upo.es\/diario\/wp-content\/uploads\/2021\/05\/Foto-grupo-Fevida-Flora-Tristan-e1620727132773-750x452.jpg 750w, https:\/\/www.upo.es\/diario\/wp-content\/uploads\/2021\/05\/Foto-grupo-Fevida-Flora-Tristan-e1620727132773-360x217.jpg 360w, https:\/\/www.upo.es\/diario\/wp-content\/uploads\/2021\/05\/Foto-grupo-Fevida-Flora-Tristan-e1620727132773-768x463.jpg 768w, https:\/\/www.upo.es\/diario\/wp-content\/uploads\/2021\/05\/Foto-grupo-Fevida-Flora-Tristan-e1620727132773-600x362.jpg 600w, https:\/\/www.upo.es\/diario\/wp-content\/uploads\/2021\/05\/Foto-grupo-Fevida-Flora-Tristan-e1620727132773-1536x926.jpg 1536w, https:\/\/www.upo.es\/diario\/wp-content\/uploads\/2021\/05\/Foto-grupo-Fevida-Flora-Tristan-e1620727132773-1320x796.jpg 1320w, https:\/\/www.upo.es\/diario\/wp-content\/uploads\/2021\/05\/Foto-grupo-Fevida-Flora-Tristan-e1620727132773.jpg 2026w\" sizes=\"auto, (max-width: 750px) 100vw, 750px\" \/><\/a>Diecisiete estudiantes de la Universidad Pablo de Olavide con diversidad funcional cognitiva conviven durante esta semana con otros universitarios y universitarias en la Residencia Universitaria Flora Trist\u00e1n, el proyecto de innovaci\u00f3n social de referencia que impulsa la UPO. Este alumnado forma parte del t\u00edtulo propio Fevida, \u2018Formaci\u00f3n para el empleo y la vida aut\u00f3noma de personas con discapacidad intelectual\u2019, que celebra este curso su cuarta edici\u00f3n y que est\u00e1 orientado a la formaci\u00f3n y preparaci\u00f3n laboral de personas con diversidad funcional cognitiva.<\/p>\n<p>A trav\u00e9s de un programa de innovaci\u00f3n social que combina materias funcionales, human\u00edsiticas y profesionales, Fevida ofrece al estudiantado una formaci\u00f3n integral en las aulas, que completa con actividades extracurriculares en el campus, actividades compartidas con alumnado de Grado y Postgrado de estudios oficiales, as\u00ed como otras actuaciones que se desarrollan en el seno de la comunidad universitaria.<\/p>\n<p><a href=\"https:\/\/www.upo.es\/diario\/wp-content\/uploads\/2021\/05\/Presentacion-semana-inmersion-Flora-Tristan-4.jpg\"><img loading=\"lazy\" decoding=\"async\" class=\"alignright wp-image-30865695 size-medium\" src=\"https:\/\/www.upo.es\/diario\/wp-content\/uploads\/2021\/05\/Presentacion-semana-inmersion-Flora-Tristan-4-360x240.jpg\" alt=\"\" width=\"360\" height=\"240\" srcset=\"https:\/\/www.upo.es\/diario\/wp-content\/uploads\/2021\/05\/Presentacion-semana-inmersion-Flora-Tristan-4-360x240.jpg 360w, https:\/\/www.upo.es\/diario\/wp-content\/uploads\/2021\/05\/Presentacion-semana-inmersion-Flora-Tristan-4-750x500.jpg 750w, https:\/\/www.upo.es\/diario\/wp-content\/uploads\/2021\/05\/Presentacion-semana-inmersion-Flora-Tristan-4-768x512.jpg 768w, https:\/\/www.upo.es\/diario\/wp-content\/uploads\/2021\/05\/Presentacion-semana-inmersion-Flora-Tristan-4-600x400.jpg 600w, https:\/\/www.upo.es\/diario\/wp-content\/uploads\/2021\/05\/Presentacion-semana-inmersion-Flora-Tristan-4-1536x1023.jpg 1536w, https:\/\/www.upo.es\/diario\/wp-content\/uploads\/2021\/05\/Presentacion-semana-inmersion-Flora-Tristan-4-165x109.jpg 165w, https:\/\/www.upo.es\/diario\/wp-content\/uploads\/2021\/05\/Presentacion-semana-inmersion-Flora-Tristan-4-1320x879.jpg 1320w, https:\/\/www.upo.es\/diario\/wp-content\/uploads\/2021\/05\/Presentacion-semana-inmersion-Flora-Tristan-4.jpg 2048w\" sizes=\"auto, (max-width: 360px) 100vw, 360px\" \/><\/a>Durante la semana de inmersi\u00f3n comunitaria, adem\u00e1s de poder vivir de manera aut\u00f3noma en la Residencia Universitaria Flora Trist\u00e1n (uno de los alumnos reside desde el inicio de curso), este grupo de estudiantes podr\u00e1 participar en diferentes actividades que lleva a cabo la Residencia en el Pol\u00edgono Sur y que ponen de manifiesto las activas pol\u00edticas en materia social que desarrolla la UPO con su entorno. Seminarios acad\u00e9micos, programas de radio de cr\u00edtica social o encuentros con el tejido asociativo del barrio, son algunas de las actividades que conforman el programa de inmersi\u00f3n de esta semana.<\/p>\n<p>Debido a las medidas y protocolos COVID, las actividades durante esta edici\u00f3n ser\u00e1n realizadas por grupos para poder compartir sin riesgos las experiencias que desde este proyecto social se llevan a cabo en esta zona.<\/p>\n<p>Al acto inaugural y de bienvenida al alumnado para la semana de inmersi\u00f3n comunitaria en la residencia, han asistido, adem\u00e1s de trabajadores y residentes de la Flora: el vicerrector de Cultura y Pol\u00edticas Sociales de la UPO, <strong>David Cobos Sanchiz<\/strong>; el teniente alcalde del Ayuntamiento de Sevilla y delegado del \u00c1rea de Bienestar Social, Empleo y Planes Integrales de Transformaci\u00f3n Social, <strong>Juan Manuel Flores Cordero<\/strong>; el director general de Innovaci\u00f3n Social de la UPO y director de la Residencia Universitaria Flora Trist\u00e1n, <strong>Jos\u00e9 Luis Sarasola S\u00e1nchez-Serrano<\/strong>; la directora acad\u00e9mica del t\u00edtulo FEVIDA, y decana de la Facultad de Ciencias Sociales, <strong>Rosa Mar\u00eda D\u00edaz Jim\u00e9nez<\/strong>; la directora acad\u00e9mica de Integraci\u00f3n y Diversidad Funcional de la UPO, <strong>Mar\u00eda Jos\u00e9 Parejo Guzm\u00e1n<\/strong>; el director de la Asociaci\u00f3n Paz y Bien, <strong>Jos\u00e9 Luis Gordillo Garc\u00eda<\/strong>; y el director de la Asociaci\u00f3n Down Sevilla, <strong>Jos\u00e9 Manuel Hermida Fern\u00e1ndez<\/strong>.<\/p>\n<h3><strong><a href=\"https:\/\/www.upo.es\/diario\/wp-content\/uploads\/2021\/05\/flora-scaled.jpg\"><img loading=\"lazy\" decoding=\"async\" class=\"alignright wp-image-30865697 size-medium\" src=\"https:\/\/www.upo.es\/diario\/wp-content\/uploads\/2021\/05\/flora-360x240.jpg\" alt=\"\" width=\"360\" height=\"240\" srcset=\"https:\/\/www.upo.es\/diario\/wp-content\/uploads\/2021\/05\/flora-360x240.jpg 360w, https:\/\/www.upo.es\/diario\/wp-content\/uploads\/2021\/05\/flora-750x500.jpg 750w, https:\/\/www.upo.es\/diario\/wp-content\/uploads\/2021\/05\/flora-768x512.jpg 768w, https:\/\/www.upo.es\/diario\/wp-content\/uploads\/2021\/05\/flora-600x400.jpg 600w, https:\/\/www.upo.es\/diario\/wp-content\/uploads\/2021\/05\/flora-1536x1024.jpg 1536w\" sizes=\"auto, (max-width: 360px) 100vw, 360px\" \/><\/a>Proyecto referente en innovaci\u00f3n social <\/strong><\/h3>\n<p>Fevida, el programa mejor valorado por la Fundaci\u00f3n ONCE en su \u00faltima edici\u00f3n, est\u00e1 financiado por esta instituci\u00f3n, gestionado por la Fundaci\u00f3n Universidad Pablo de Olavide y cuenta con la colaboraci\u00f3n de entidades como Down Sevilla y la Asociaci\u00f3n Paz y Bien.<\/p>\n<p>La acogida de este proyecto por parte de la Residencia Universitaria Flora Trist\u00e1n muestra, una vez m\u00e1s, la apuesta de la Universidad Pablo de Olavide por la innovaci\u00f3n social. \u201cEs innovaci\u00f3n que personas con diversidad funcional cognitiva pod\u00e1is vivir de manera independiente y las personas como vosotros necesit\u00e1is esa autonom\u00eda\u201d, ha expresado la directora acad\u00e9mica de Fevida, Rosa Mar\u00eda D\u00edaz Jim\u00e9nez. \u201cEs innovaci\u00f3n porque se hace contando con vosotras y vosotros, que hab\u00e9is decidido qu\u00e9 hacer desde el principio al fin de esta semana y es innovaci\u00f3n porque genera conocimiento, genera redes y, sobre todo, transforma\u201d, ha subrayado.<\/p>\n<p>En la misma l\u00ednea, el vicerrector de Cultura y Pol\u00edticas Sociales de la UPO, David Cobos Sanchiz, ha puesto en valor la vertiente social de la Universidad Pablo de Olavide: \u201cLa UPO es ante todo una Universidad que prioriza las pol\u00edticas sociales. La creaci\u00f3n de una direcci\u00f3n de Innovaci\u00f3n Social y de una direcci\u00f3n acad\u00e9mica de Integraci\u00f3n y Diversidad Funcional ponen de manifiesto la apuesta de la Universidad por reforzar su papel de transformador social. Es una alegr\u00eda que se hagan realidad proyectos como el que hoy vivimos\u201d.<\/p>\n<p>&nbsp;<\/p>\n<p>&nbsp;<\/p>\n","protected":false},"excerpt":{"rendered":"<p>Diecisiete estudiantes de la Universidad Pablo de Olavide con diversidad funcional cognitiva conviven durante esta semana con otros universitarios y universitarias en la Residencia Universitaria Flora Trist\u00e1n, el proyecto de innovaci\u00f3n social de referencia que impulsa la UPO. Este alumnado forma parte del t\u00edtulo propio Fevida, \u2018Formaci\u00f3n para el empleo y la vida aut\u00f3noma de personas con discapacidad intelectual\u2019, que celebra este curso su cuarta edici\u00f3n y que est\u00e1 orientado a la formaci\u00f3n y preparaci\u00f3n laboral de personas con diversidad funcional cognitiva.<\/p>\n","protected":false},"author":15,"featured_media":30865694,"comment_status":"closed","ping_status":"open","sticky":false,"template":"","format":"standard","meta":{"_monsterinsights_skip_tracking":false,"_monsterinsights_sitenote_active":false,"_monsterinsights_sitenote_note":"","_monsterinsights_sitenote_category":0,"footnotes":""},"categories":[5843],"tags":[7396,4499,7033,5056,7395,2359,1745],"class_list":["post-30865693","post","type-post","status-publish","format-standard","has-post-thumbnail","hentry","category-cultura-social","tag-cuarta-edicion","tag-discapacidad-intelectual","tag-diversidad-funcional-cognitiva","tag-fevida","tag-inmersion","tag-innovacion-social","tag-residencia-universitaria-flora-tristan"],"_links":{"self":[{"href":"https:\/\/www.upo.es\/diario\/wp-json\/wp\/v2\/posts\/30865693","targetHints":{"allow":["GET"]}}],"collection":[{"href":"https:\/\/www.upo.es\/diario\/wp-json\/wp\/v2\/posts"}],"about":[{"href":"https:\/\/www.upo.es\/diario\/wp-json\/wp\/v2\/types\/post"}],"author":[{"embeddable":true,"href":"https:\/\/www.upo.es\/diario\/wp-json\/wp\/v2\/users\/15"}],"replies":[{"embeddable":true,"href":"https:\/\/www.upo.es\/diario\/wp-json\/wp\/v2\/comments?post=30865693"}],"version-history":[{"count":4,"href":"https:\/\/www.upo.es\/diario\/wp-json\/wp\/v2\/posts\/30865693\/revisions"}],"predecessor-version":[{"id":30865742,"href":"https:\/\/www.upo.es\/diario\/wp-json\/wp\/v2\/posts\/30865693\/revisions\/30865742"}],"wp:featuredmedia":[{"embeddable":true,"href":"https:\/\/www.upo.es\/diario\/wp-json\/wp\/v2\/media\/30865694"}],"wp:attachment":[{"href":"https:\/\/www.upo.es\/diario\/wp-json\/wp\/v2\/media?parent=30865693"}],"wp:term":[{"taxonomy":"category","embeddable":true,"href":"https:\/\/www.upo.es\/diario\/wp-json\/wp\/v2\/categories?post=30865693"},{"taxonomy":"post_tag","embeddable":true,"href":"https:\/\/www.upo.es\/diario\/wp-json\/wp\/v2\/tags?post=30865693"}],"curies":[{"name":"wp","href":"https:\/\/api.w.org\/{rel}","templated":true}]}}