{"id":30865710,"date":"2021-05-12T09:40:08","date_gmt":"2021-05-12T07:40:08","guid":{"rendered":"https:\/\/www.upo.es\/diario\/?p=30865710"},"modified":"2021-05-12T09:40:08","modified_gmt":"2021-05-12T07:40:08","slug":"por-que-se-contagian-las-personas-ya-vacunadas-contra-el-sars-cov-2","status":"publish","type":"post","link":"https:\/\/www.upo.es\/diario\/theconversation\/2021\/05\/por-que-se-contagian-las-personas-ya-vacunadas-contra-el-sars-cov-2\/","title":{"rendered":"\u00bfPor qu\u00e9 se contagian las personas ya vacunadas contra el SARS-Cov-2?"},"content":{"rendered":"<p><a href=\"https:\/\/theconversation.com\/profiles\/guillermo-lopez-lluch-1122562\"><img loading=\"lazy\" decoding=\"async\" class=\"aligncenter size-large wp-image-30865712\" src=\"https:\/\/www.upo.es\/diario\/wp-content\/uploads\/2021\/05\/TheConversation_20210512-750x499.jpg\" alt=\"vacunaci\u00f3n contra el coronavirus\" width=\"750\" height=\"499\" srcset=\"https:\/\/www.upo.es\/diario\/wp-content\/uploads\/2021\/05\/TheConversation_20210512-750x499.jpg 750w, https:\/\/www.upo.es\/diario\/wp-content\/uploads\/2021\/05\/TheConversation_20210512-360x240.jpg 360w, https:\/\/www.upo.es\/diario\/wp-content\/uploads\/2021\/05\/TheConversation_20210512-600x399.jpg 600w, https:\/\/www.upo.es\/diario\/wp-content\/uploads\/2021\/05\/TheConversation_20210512-165x109.jpg 165w, https:\/\/www.upo.es\/diario\/wp-content\/uploads\/2021\/05\/TheConversation_20210512.jpg 754w\" sizes=\"auto, (max-width: 750px) 100vw, 750px\" \/>Guillermo L\u00f3pez Lluch<\/a>, <em><a href=\"https:\/\/theconversation.com\/institutions\/universidad-pablo-de-olavide-1362\">Universidad Pablo de Olavide<\/a><\/em><\/p>\n<p>Conforme el n\u00famero de personas vacunadas aumenta, crece la sensaci\u00f3n de libertad y nos relajamos. Algunos gobiernos establecen ya medidas para dar carta blanca a la movilidad de las personas vacunadas sin limitaciones. Pero, \u00bfestamos seguros de que se puede abrir la movilidad sin haber alcanzado la inmunidad de grupo?<\/p>\n<p>La vacunaci\u00f3n, al igual que el contagio, inmuniza a la persona afectada, que, generalmente, no sufrir\u00e1 s\u00edntomas o \u00e9stos ser\u00e1n leves en futuras reinfecciones. Pero eso no significa que el virus desaparezca. Incluso puede volver a contagiar.<\/p>\n<p>La clave est\u00e1 en la actividad del sistema inmunitario y en la capacidad de proliferaci\u00f3n del virus en estas personas. Un sistema inmunitario entrenado elimina el virus antes de que \u00e9ste pueda causar graves da\u00f1os en el organismo.<\/p>\n<p>Por ello, la duda a despejar ahora es si las personas inmunizadas mantienen capacidad de contagio. La respuesta depender\u00e1 de la cantidad de virus que puedan dispersar.<\/p>\n<h3>Contagios tras la inmunizaci\u00f3n: sintomatolog\u00eda menos grave o asintom\u00e1ticos<\/h3>\n<p>Un reciente estudio realizado en centros de mayores en Chicago demostr\u00f3 que un 4,2%, entre trabajadores y pacientes, se contagiaron por SARS-CoV-2 en un periodo de cuatro meses (diciembre 2020-marzo 2021). De las personas infectadas, la mayor\u00eda no hab\u00edan sido vacunadas. Pero <a href=\"https:\/\/www.cdc.gov\/mmwr\/volumes\/70\/wr\/mm7017e1.htm?s_cid=mm7017e1_w#T1_down\">un 6% de las infecciones se hab\u00edan dado en personas totalmente vacunados y un 23% en las que hab\u00edan recibido una sola dosis<\/a>.<\/p>\n<p>Por otro lado, las reinfecciones de personas que han pasado la enfermedad son inusuales pero ocurren. <a href=\"https:\/\/www.bmj.com\/content\/372\/bmj.n99\">En un estudio realizado en Reino Unido<\/a> con trabajadores sanitarios que hab\u00edan sufrido COVID-19, un 0,6% sufrieron reinfecci\u00f3n. Eso s\u00ed, con s\u00edntomas leves.<\/p>\n<p>Adem\u00e1s, el reciente estudio SIREN enfocado en la inmunidad y la reinfecci\u00f3n por el SARS-CoV-2 concluye que la respuesta inmunitaria previene en gran medida el riesgo de contagio. Pero tambi\u00e9n indica que, a\u00fan con sintomatolog\u00eda leve, <a href=\"https:\/\/www.nature.com\/articles\/d41586-021-00071-6\">los reinfectados pueden ser foco de dispersi\u00f3n del virus<\/a>. En Estados Unidos, la <a href=\"https:\/\/www.beckershospitalreview.com\/public-health\/us-vaccinations-outnumber-covid-19-cases-reinfection-more-likely-if-variants-become-dominant-7-covid-19-updates.html\">exposici\u00f3n a las nuevas variantes ha sido considerada como factor<\/a> frente a la posible reinfecci\u00f3n en personas ya inmunizadas.<\/p>\n<p>En cuanto a Espa\u00f1a, ya se han notificado casos de personas vacunadas al completo que se han <a href=\"https:\/\/www.redaccionmedica.com\/autonomias\/cataluna\/cacuna-covid-contagiados-recibieron-dosis-3896\">reinfectado presentando s\u00edntomas leves acompa\u00f1ados con altas cargas v\u00edricas<\/a>. Lo mismo ha ocurrido en otros pa\u00edses como <a href=\"https:\/\/www.straitstimes.com\/singapore\/health\/post-vaccine-infections-and-reinfections-could-happen-say-experts\">Singapur<\/a> o las islas <a href=\"https:\/\/www.bloomberg.com\/news\/articles\/2021-05-04\/world-s-most-vaccinated-nation-reintroduces-curbs-as-cases-surge\">Seychelles<\/a>.<\/p>\n<h3>Los anticuerpos no lo son todo: el papel relevante de los linfocitos T<\/h3>\n<p>A lo largo de la pandemia se ha prestado mucha atenci\u00f3n a los niveles de anticuerpos y el tiempo que se mantienen en nuestra sangre. Pero, \u00bfde verdad son los anticuerpos tan relevantes?<\/p>\n<p>Los anticuerpos son producidos por linfocitos B activados que se transforman en c\u00e9lulas plasm\u00e1ticas. Las c\u00e9lulas plasm\u00e1ticas dejan de funcionar con el tiempo y mueren. Los anticuerpos producidos por \u00e9stas se mantienen circulando en la sangre durante semanas o meses hasta que degeneran y son eliminados.<\/p>\n<p>Tambi\u00e9n se producen linfocitos B memoria que actuar\u00e1n m\u00e1s r\u00e1pidamente y generar\u00e1n c\u00e9lulas plasm\u00e1ticas y anticuerpos con mayor rapidez y eficacia en el caso de reinfecciones. Por eso, la duraci\u00f3n de los anticuerpos en el plasma no tienen tanta relevancia: son las c\u00e9lulas memoria las que importan.<\/p>\n<p>En el proceso de inmunizaci\u00f3n se activan tambi\u00e9n los linfocitos T ayudantes. Se trata de c\u00e9lulas responsables de controlar la actividad del sistema inmunitario. Simult\u00e1neamente entran en juego los linfocitos T citot\u00f3xicos, que act\u00faan contra las c\u00e9lulas que est\u00e1n expresando la prote\u00edna del virus y las eliminan, reduciendo as\u00ed la proliferaci\u00f3n de \u00e9ste. En ambos tipos de linfocitos se generan c\u00e9lulas memoria con capacidad para activarse r\u00e1pidamente en las reinfecciones.<\/p>\n<p>Los linfocitos T resultan tambi\u00e9n esenciales contra las infecciones por virus al liberar interfer\u00f3n, una prote\u00edna se\u00f1alizadora que bloquea la replicaci\u00f3n de los virus.<\/p>\n<p>Las mutaciones del SARS-CoV-2 est\u00e1n afectando <a href=\"https:\/\/www.nature.com\/articles\/s41392-020-00302-8\">especialmente a la prote\u00edna S<\/a>. <a href=\"https:\/\/theconversation.com\/asi-es-como-algunas-vacunas-paralizan-al-virus-de-la-covid-19-160297?utm_medium=email&amp;utm_campaign=Novedades%20del%20da%207%20mayo%202021%20en%20The%20Conversation%20-%201940619002&amp;utm_content=Novedades%20del%20da%207%20mayo%202021%20en%20The%20Conversation%20-%201940619002+CID_51ce2902c78424ef01204ae92be2bab4&amp;utm_source=campaign_monitor_es&amp;utm_term=As%20es%20como%20algunas%20vacunas%20paralizan%20al%20virus%20de%20la%20covid-19\">Aquellas variantes que presentan un cambio en esta prote\u00edna que mejora la capacidad de uni\u00f3n a la prote\u00edna humana, aumentan su capacidad infectiva<\/a>. Por eso, las variantes que se est\u00e1n imponiendo en todo el mundo est\u00e1n presentando cambios similares.<\/p>\n<p>\u00bfSignifica que pierden efectividad las vacunas? Las vacunas generan <a href=\"https:\/\/science.sciencemag.org\/content\/early\/2021\/05\/03\/science.abg5268?utm_campaign=fr_sci_2021-05-04&amp;et_rid=34985312&amp;et_cid=3761238\">anticuerpos contra diferentes zonas de la prote\u00edna S<\/a>. Tambi\u00e9n <a href=\"https:\/\/www.ijmr.org.in\/article.asp?issn=0971-5916;year=2020;volume=151;issue=2;spage=200;epage=209;aulast=Yadav\">activan a linfocitos T ayudantes y citot\u00f3xicos que act\u00faan reconociendo diferentes zonas de la prote\u00edna<\/a>. Por tanto, las mutaciones puntuales que se est\u00e1n produciendo en la prote\u00edna S del virus no tienen por qu\u00e9 afectar a la respuesta inmunitaria de una forma importante.<\/p>\n<h3>La inmunizaci\u00f3n solo protege a la persona inmunizada<\/h3>\n<p>La vacuna no impide totalmente la invasi\u00f3n del virus. Tanto los anticuerpos como los linfocitos \u201cpreparados para defendernos\u201d se encuentran dentro de nuestro cuerpo. El virus nos contagia principalmente a trav\u00e9s de los aerosoles del aire, por lo que comienza invadiendo las c\u00e9lulas que revisten la parte superior del sistema respiratorio.<\/p>\n<p>Eso implica una relaci\u00f3n entre la capacidad de infecci\u00f3n y el tiempo de reacci\u00f3n del sistema inmunitario. Las personas inmunizadas disponen de un sistema entrenado que actuar\u00e1 en poco tiempo. Pero mientras, el virus puede proliferar y la persona estar\u00eda contagiada pero sin s\u00edntomas. Y podr\u00e1 contagiar a otras.<\/p>\n<p>El simple hecho de que el virus encuentre oposici\u00f3n por parte del sistema inmunitario casi de inmediato permite pensar que habr\u00e1 una reducci\u00f3n en su capacidad de transmisi\u00f3n. <a href=\"https:\/\/khub.net\/documents\/135939561\/390853656\/Impact+of+vaccination+on+household+transmission+of+SARS-COV-2+in+England.pdf\/35bf4bb1-6ade-d3eb-a39e-9c9b25a8122a?t=1619601878136\">De hecho, un reciente estudio en Reino Unido (sin revisi\u00f3n por pares), indica que hasta un 50% menos<\/a>.<\/p>\n<p>Dado que la inmunizaci\u00f3n aumenta el n\u00famero de personas asintom\u00e1ticas que no saben que est\u00e1n contagiadas, no podemos bajar la guardia. Por ello, el <a href=\"https:\/\/www.ecdc.europa.eu\/sites\/default\/files\/documents\/Risk-of-transmission-and-reinfection-of-SARS-CoV-2-following-vaccination.pdf\">European Centre for Disease Prevention and Control (ECDC)<\/a> previene sobre los contagios procedentes de personas inmunizadas.<\/p>\n<p>Es imprescindible que se alcance la inmunidad de grupo para disminuir la expansi\u00f3n del virus y los contagios.<\/p>\n<p><a href=\"https:\/\/theconversation.com\/profiles\/guillermo-lopez-lluch-1122562\">Guillermo L\u00f3pez Lluch<\/a>, Catedr\u00e1tico del \u00e1rea de Biolog\u00eda Celular. Investigador asociado del Centro Andaluz de Biolog\u00eda del Desarrollo. Investigador en metabolismo, envejecimiento y sistemas inmunol\u00f3gicos y antioxidantes., <em><a href=\"https:\/\/theconversation.com\/institutions\/universidad-pablo-de-olavide-1362\">Universidad Pablo de Olavide<\/a><\/em><\/p>\n<p>Este art\u00edculo fue publicado originalmente en <a href=\"https:\/\/theconversation.com\">The Conversation<\/a>. Lea el <a href=\"https:\/\/theconversation.com\/por-que-se-contagian-las-personas-ya-vacunadas-contra-el-sars-cov-2-160120\">original<\/a>.<\/p>\n<p><img loading=\"lazy\" decoding=\"async\" style=\"border: none !important; box-shadow: none !important; margin: 0 !important; max-height: 1px !important; max-width: 1px !important; min-height: 1px !important; min-width: 1px !important; opacity: 0 !important; outline: none !important; padding: 0 !important; text-shadow: none !important;\" src=\"https:\/\/counter.theconversation.com\/content\/160120\/count.gif?distributor=republish-lightbox-advanced\" alt=\"The Conversation\" width=\"1\" height=\"1\" \/><\/p>\n","protected":false},"excerpt":{"rendered":"<p>Conforme el n\u00famero de personas vacunadas aumenta, crece la sensaci\u00f3n de libertad y nos relajamos. Algunos gobiernos establecen ya medidas para dar carta blanca a la movilidad de las personas vacunadas sin limitaciones. Pero, \u00bfestamos seguros de que se puede abrir la movilidad sin haber alcanzado la inmunidad de grupo?.<\/p>\n","protected":false},"author":6,"featured_media":30865712,"comment_status":"closed","ping_status":"open","sticky":false,"template":"","format":"standard","meta":{"_monsterinsights_skip_tracking":false,"_monsterinsights_sitenote_active":false,"_monsterinsights_sitenote_note":"","_monsterinsights_sitenote_category":0,"footnotes":""},"categories":[5390],"tags":[246,6601,7041,218,1271,7364],"class_list":["post-30865710","post","type-post","status-publish","format-standard","has-post-thumbnail","hentry","category-theconversation","tag-biologia","tag-covid-19","tag-pandemia","tag-salud","tag-salud-publica","tag-vacunas"],"_links":{"self":[{"href":"https:\/\/www.upo.es\/diario\/wp-json\/wp\/v2\/posts\/30865710","targetHints":{"allow":["GET"]}}],"collection":[{"href":"https:\/\/www.upo.es\/diario\/wp-json\/wp\/v2\/posts"}],"about":[{"href":"https:\/\/www.upo.es\/diario\/wp-json\/wp\/v2\/types\/post"}],"author":[{"embeddable":true,"href":"https:\/\/www.upo.es\/diario\/wp-json\/wp\/v2\/users\/6"}],"replies":[{"embeddable":true,"href":"https:\/\/www.upo.es\/diario\/wp-json\/wp\/v2\/comments?post=30865710"}],"version-history":[{"count":2,"href":"https:\/\/www.upo.es\/diario\/wp-json\/wp\/v2\/posts\/30865710\/revisions"}],"predecessor-version":[{"id":30865713,"href":"https:\/\/www.upo.es\/diario\/wp-json\/wp\/v2\/posts\/30865710\/revisions\/30865713"}],"wp:featuredmedia":[{"embeddable":true,"href":"https:\/\/www.upo.es\/diario\/wp-json\/wp\/v2\/media\/30865712"}],"wp:attachment":[{"href":"https:\/\/www.upo.es\/diario\/wp-json\/wp\/v2\/media?parent=30865710"}],"wp:term":[{"taxonomy":"category","embeddable":true,"href":"https:\/\/www.upo.es\/diario\/wp-json\/wp\/v2\/categories?post=30865710"},{"taxonomy":"post_tag","embeddable":true,"href":"https:\/\/www.upo.es\/diario\/wp-json\/wp\/v2\/tags?post=30865710"}],"curies":[{"name":"wp","href":"https:\/\/api.w.org\/{rel}","templated":true}]}}