{"id":30865714,"date":"2021-05-12T11:13:38","date_gmt":"2021-05-12T09:13:38","guid":{"rendered":"https:\/\/www.upo.es\/diario\/?p=30865714"},"modified":"2021-05-12T11:13:38","modified_gmt":"2021-05-12T09:13:38","slug":"las-consecuencias-penales-del-discurso-terrorista-en-la-era-de-internet-se-analizan-en-un-congreso-interuniversitario","status":"publish","type":"post","link":"https:\/\/www.upo.es\/diario\/docencia-formacion\/2021\/05\/las-consecuencias-penales-del-discurso-terrorista-en-la-era-de-internet-se-analizan-en-un-congreso-interuniversitario\/","title":{"rendered":"Las consecuencias penales del discurso terrorista en la era de internet se analizan en un congreso interuniversitario"},"content":{"rendered":"<p><a href=\"https:\/\/www.upo.es\/diario\/wp-content\/uploads\/2021\/05\/Congreso-interuniversitario-discurso-terrorista-Internet-1.png\"><img loading=\"lazy\" decoding=\"async\" class=\"alignright size-medium wp-image-30865717\" src=\"https:\/\/www.upo.es\/diario\/wp-content\/uploads\/2021\/05\/Congreso-interuniversitario-discurso-terrorista-Internet-1-360x249.png\" alt=\"Congreso Interuniversitario \u2018El Derecho penal ante el discurso terrorista en la era de Internet\u2019\" width=\"360\" height=\"249\" srcset=\"https:\/\/www.upo.es\/diario\/wp-content\/uploads\/2021\/05\/Congreso-interuniversitario-discurso-terrorista-Internet-1-360x249.png 360w, https:\/\/www.upo.es\/diario\/wp-content\/uploads\/2021\/05\/Congreso-interuniversitario-discurso-terrorista-Internet-1-750x520.png 750w, https:\/\/www.upo.es\/diario\/wp-content\/uploads\/2021\/05\/Congreso-interuniversitario-discurso-terrorista-Internet-1-768x532.png 768w, https:\/\/www.upo.es\/diario\/wp-content\/uploads\/2021\/05\/Congreso-interuniversitario-discurso-terrorista-Internet-1-600x416.png 600w, https:\/\/www.upo.es\/diario\/wp-content\/uploads\/2021\/05\/Congreso-interuniversitario-discurso-terrorista-Internet-1.png 778w\" sizes=\"auto, (max-width: 360px) 100vw, 360px\" \/><\/a>Dirigido por <strong>Alfonso Gal\u00e1n<\/strong>, profesor de la Universidad Pablo de Olavide y director del M\u00e1ster Universitario en Criminolog\u00eda y Ciencias Forenses de la UPO, y por <strong>Carmen G\u00f3mez<\/strong>, directora del Departamento de Derecho Penal y Ciencias Criminales de la Universidad de Sevilla, ma\u00f1ana comienza a las 11:45 horas en formato <em>online<\/em> el <strong>Congreso interuniversitario \u2018El Derecho penal ante el discurso terrorista en la era de Internet\u2019<\/strong>.<\/p>\n<p>Este foro de debate se celebra en el marco del <strong>proyecto de investigaci\u00f3n \u2018An\u00e1lisis Interdisciplinar de la Represi\u00f3n Penal del Discurso Terrorista\u2019<\/strong> (AIRPENDIT), financiado por el Ministerio de Ciencia e Innovaci\u00f3n y la Uni\u00f3n Europea, y en el que participan trece investigadores de la UPO y la US. <strong>Especialistas en Derecho discutir\u00e1n sobre los retos que la persecuci\u00f3n y represi\u00f3n penal de ciertos discursos de apoyo al terrorismo est\u00e1n planteando a los pa\u00edses democr\u00e1ticos<\/strong>. Derechos fundamentales como el de opini\u00f3n, expresi\u00f3n e informaci\u00f3n se ven afectados por la represi\u00f3n penal de estos discursos y actualmente el problema ha hecho que surjan propuestas de reforma en este \u00e1mbito del Derecho.<\/p>\n<p>Organizado en torno a tres mesas de debate m\u00e1s una de comunicaciones, en la primera de ellas ser\u00e1 analizada la legislaci\u00f3n penal antiterrorista y la relaci\u00f3n entre garant\u00edas jur\u00eddicas y seguridad en el discurso del odio (13 de mayo, 12 horas). La segunda mesa abordar\u00e1 el modelo europeo de persecuci\u00f3n del discurso terrorista y la figura del delito de auto-adoctrinamiento terrorista (13 de mayo, 16:30 horas). Tras la mesa de comunicaciones, el viernes a las 10:30 horas comenzar\u00e1 la cuarta y \u00faltima sesi\u00f3n sobre el trabajo policial en la prevenci\u00f3n del discurso terrorista y un an\u00e1lisis de la jurisprudencia sobre el delito de enaltecimiento del terrorismo.<\/p>\n<p>El congreso puede seguirse <a href=\"https:\/\/cutt.ly\/SvTpfFX\">en directo<\/a> y est\u00e1 abierto a estudiantes, personal investigador y profesionales del Derecho, as\u00ed como al p\u00fablico en general.<\/p>\n<p><strong>M\u00e1s informaci\u00f3n:<\/strong><br \/>\n<a href=\"https:\/\/eventos.upo.es\/65584\/detail\/congreso-el-derecho-penal-ante-discurso-terrorista-en-la-era-de-internet.html\">https:\/\/eventos.upo.es\/65584\/detail\/congreso-el-derecho-penal-ante-discurso-terrorista-en-la-era-de-internet.html<\/a><\/p>\n","protected":false},"excerpt":{"rendered":"<p>Especialistas en Derecho discutir\u00e1n sobre los retos que la persecuci\u00f3n y represi\u00f3n penal de ciertos discursos de apoyo al terrorismo est\u00e1n planteando a los pa\u00edses democr\u00e1ticos.<\/p>\n","protected":false},"author":6,"featured_media":30865716,"comment_status":"closed","ping_status":"open","sticky":false,"template":"","format":"standard","meta":{"_monsterinsights_skip_tracking":false,"_monsterinsights_sitenote_active":false,"_monsterinsights_sitenote_note":"","_monsterinsights_sitenote_category":0,"footnotes":""},"categories":[2779],"tags":[],"class_list":["post-30865714","post","type-post","status-publish","format-standard","has-post-thumbnail","hentry","category-docencia-formacion"],"_links":{"self":[{"href":"https:\/\/www.upo.es\/diario\/wp-json\/wp\/v2\/posts\/30865714","targetHints":{"allow":["GET"]}}],"collection":[{"href":"https:\/\/www.upo.es\/diario\/wp-json\/wp\/v2\/posts"}],"about":[{"href":"https:\/\/www.upo.es\/diario\/wp-json\/wp\/v2\/types\/post"}],"author":[{"embeddable":true,"href":"https:\/\/www.upo.es\/diario\/wp-json\/wp\/v2\/users\/6"}],"replies":[{"embeddable":true,"href":"https:\/\/www.upo.es\/diario\/wp-json\/wp\/v2\/comments?post=30865714"}],"version-history":[{"count":2,"href":"https:\/\/www.upo.es\/diario\/wp-json\/wp\/v2\/posts\/30865714\/revisions"}],"predecessor-version":[{"id":30865718,"href":"https:\/\/www.upo.es\/diario\/wp-json\/wp\/v2\/posts\/30865714\/revisions\/30865718"}],"wp:featuredmedia":[{"embeddable":true,"href":"https:\/\/www.upo.es\/diario\/wp-json\/wp\/v2\/media\/30865716"}],"wp:attachment":[{"href":"https:\/\/www.upo.es\/diario\/wp-json\/wp\/v2\/media?parent=30865714"}],"wp:term":[{"taxonomy":"category","embeddable":true,"href":"https:\/\/www.upo.es\/diario\/wp-json\/wp\/v2\/categories?post=30865714"},{"taxonomy":"post_tag","embeddable":true,"href":"https:\/\/www.upo.es\/diario\/wp-json\/wp\/v2\/tags?post=30865714"}],"curies":[{"name":"wp","href":"https:\/\/api.w.org\/{rel}","templated":true}]}}