{"id":30865720,"date":"2021-05-18T05:03:31","date_gmt":"2021-05-18T03:03:31","guid":{"rendered":"https:\/\/www.upo.es\/diario\/?p=30865720"},"modified":"2021-05-18T10:51:40","modified_gmt":"2021-05-18T08:51:40","slug":"la-universidad-pablo-de-olavide-participa-la-proxima-semana-en-la-19a-feria-de-la-ciencia-de-sevilla","status":"publish","type":"post","link":"https:\/\/www.upo.es\/diario\/docencia-formacion\/2021\/05\/la-universidad-pablo-de-olavide-participa-la-proxima-semana-en-la-19a-feria-de-la-ciencia-de-sevilla\/","title":{"rendered":"Comienza la 19\u00aa Feria de la Ciencia de Sevilla con la participaci\u00f3n de la UPO"},"content":{"rendered":"<p><iframe loading=\"lazy\" title=\"YouTube video player\" src=\"https:\/\/www.youtube.com\/embed\/5ja1kCywkr0\" width=\"720\" height=\"405\" frameborder=\"0\" allowfullscreen=\"allowfullscreen\"><span data-mce-type=\"bookmark\" style=\"display: inline-block; width: 0px; overflow: hidden; line-height: 0;\" class=\"mce_SELRES_start\">\ufeff<\/span><span data-mce-type=\"bookmark\" style=\"display: inline-block; width: 0px; overflow: hidden; line-height: 0;\" class=\"mce_SELRES_start\">\ufeff<\/span><\/iframe><\/p>\n<p>La Universidad Pablo de Olavide vuelve a estar presente en la <strong><a href=\"http:\/\/www.feriadelaciencia.org\/\">Feria de la Ciencia de Sevilla<\/a><\/strong>, un espacio de encuentro y de comunicaci\u00f3n, que se celebra <u>del 18 al 21 de mayo<\/u>, en el que participan distintos centros educativos, facultades universitarias, centros de investigaci\u00f3n y otras instituciones cient\u00edficas \u00a0con el objetivo de <strong>divulgar sus proyectos y experimentos cient\u00edficos haciendo part\u00edcipe de ellos al p\u00fablico visitante<\/strong>.<\/p>\n<p>El <strong>Vicerrectorado de Investigaci\u00f3n, Transferencia y Doctorado<\/strong> de la Universidad Pablo de Olavide, a trav\u00e9s de la <strong>Oficina de Transferencia de Resultados de Investigaci\u00f3n<\/strong> (OTRI), coordina la participaci\u00f3n de la UPO en este evento, que celebra este a\u00f1o su 19\u00aa edici\u00f3n. Con los objetivos de acercar a la ciudadan\u00eda los avances cient\u00edficos; despertar vocaciones cient\u00edficas; y contribuir a aumentar el nivel de cultura cient\u00edfica y tecnol\u00f3gica de la sociedad, la Universidad Pablo de Olavide participa en esta Feria desde el a\u00f1o 2014.<\/p>\n<p>La crisis sanitaria provocada por la COVID-19, por segundo a\u00f1o consecutivo, no ha hecho posible el desarrollo presencial de este evento de divulgaci\u00f3n en el Palacio de Congresos y Exposiciones de Sevilla (FIBES), y <strong>la Feria de la Ciencia 2021 se celebra de nuevo de manera virtual, los d\u00edas 18, 19, 20 y 21 de mayo<\/strong>, en una <a href=\"https:\/\/feriadelacienciavirtual.org\/\">plataforma digital<\/a> en la que se incluir\u00e1n todos los contenidos.<\/p>\n<p><a href=\"https:\/\/www.upo.es\/diario\/wp-content\/uploads\/2021\/05\/cartel_feriaciencia.jpg\"><img loading=\"lazy\" decoding=\"async\" class=\"alignright size-medium wp-image-30865722\" src=\"https:\/\/www.upo.es\/diario\/wp-content\/uploads\/2021\/05\/cartel_feriaciencia-360x360.jpg\" alt=\"\" width=\"360\" height=\"360\" srcset=\"https:\/\/www.upo.es\/diario\/wp-content\/uploads\/2021\/05\/cartel_feriaciencia-360x360.jpg 360w, https:\/\/www.upo.es\/diario\/wp-content\/uploads\/2021\/05\/cartel_feriaciencia-750x750.jpg 750w, https:\/\/www.upo.es\/diario\/wp-content\/uploads\/2021\/05\/cartel_feriaciencia-150x150.jpg 150w, https:\/\/www.upo.es\/diario\/wp-content\/uploads\/2021\/05\/cartel_feriaciencia-768x768.jpg 768w, https:\/\/www.upo.es\/diario\/wp-content\/uploads\/2021\/05\/cartel_feriaciencia-600x600.jpg 600w, https:\/\/www.upo.es\/diario\/wp-content\/uploads\/2021\/05\/cartel_feriaciencia-1536x1536.jpg 1536w, https:\/\/www.upo.es\/diario\/wp-content\/uploads\/2021\/05\/cartel_feriaciencia-1320x1320.jpg 1320w, https:\/\/www.upo.es\/diario\/wp-content\/uploads\/2021\/05\/cartel_feriaciencia.jpg 1875w\" sizes=\"auto, (max-width: 360px) 100vw, 360px\" \/><\/a>En esta nueva edici\u00f3n, <strong>la UPO cuenta con un stand virtual que recoger\u00e1 material audiovisual de 15 actividades\/talleres de divulgaci\u00f3n cient\u00edfica<\/strong>, elaborado por investigadores e investigadoras de las Facultades de Humanidades; Ciencias Experimentales; Ciencias del Deporte; Ciencias Sociales; Ciencias Empresariales; y de CEI Cambio (Campus de Excelencia Internacional de Medio Ambiente, Biodiversidad y Cambio Global).<\/p>\n<p>As\u00ed, <strong>se podr\u00e1 acceder a 53 v\u00eddeos de diferentes actividades de divulgaci\u00f3n cient\u00edfica <\/strong>sobre temas y \u00e1reas de conocimiento tan diversas como: paleograf\u00eda; arqueolog\u00eda; ciencia ciudadana; medio ambiente; microbiolog\u00eda; bioinform\u00e1tica; biodiversidad, sociolog\u00eda; deporte y salud; Magallanes y la primera globalizaci\u00f3n; la traducci\u00f3n y herramientas para la inclusi\u00f3n de personas con diversidad funcional;\u00a0 la perspectiva de g\u00e9nero en el proceso creativo; la \u00e9pica grecolatina; Covid y econom\u00eda; la historia de la escritura y de las pr\u00e1cticas paleogr\u00e1ficas; el legado \u201coculto\u201d de textos sefard\u00edes, entre otros.<\/p>\n<p>En total, han participado en el desarrollo de estos v\u00eddeos <strong>55 investigadores e investigadoras <\/strong>de la Universidad Pablo de Olavide, junto con estudiantes y otras entidades externas.\u00a0 Adem\u00e1s, se ha contado con la colaboraci\u00f3n del Laboratorio Multimedia de la Biblioteca en el montaje final del material audiovisual.<\/p>\n<p>La Feria de la Ciencia est\u00e1 organizada por la Sociedad Andaluza de Divulgaci\u00f3n Cient\u00edfica, se desarrolla ininterrumpidamente desde 2003, y desde 2012 est\u00e1 co-organizada con la Fundaci\u00f3n Descubre.<\/p>\n<p>La participaci\u00f3n de la UPO ha sido financiada por la <strong>Consejer\u00eda de Econom\u00eda, Conocimiento, Empresas y Universidad de la Junta de Andaluc\u00eda<\/strong> en el marco del proyecto \u2018Acciones institucionales para la valoraci\u00f3n y transferencia del conocimiento de la Universidad Pablo de Olavide\u2019, con cargo al Programa Operativo FEDER de Andaluc\u00eda 2014-2020, dentro del Objetivo Espec\u00edfico 1.2.2. \u00abTransferencia de conocimiento y cooperaci\u00f3n entre empresas y centros de investigaci\u00f3n\u00bb y de la programaci\u00f3n financiera de la medida A1122062E0 \u2018Transferencia de tecnolog\u00eda y cooperaci\u00f3n entre universidades y empresas, principalmente en beneficio de las PYME\u2019.<\/p>\n<p>&nbsp;<\/p>\n<h3><strong>PROGRAMA &#8216;LA UPO EN LA 19\u00aa FERIA DE LA CIENCIA&#8217;<\/strong><\/h3>\n<p>&nbsp;<\/p>\n<p><strong>FACULTAD DE HUMANIDADES<\/strong><\/p>\n<ol>\n<li><strong> Capaces de Comunicar <\/strong><\/li>\n<\/ol>\n<p>Responsable cient\u00edfica: Ana Medina Reguera. Departamento de Filolog\u00eda y Traducci\u00f3n, Facultad de Humanidades. UPO.<\/p>\n<ol start=\"2\">\n<li><strong> Observatorio Ciudadano de la Sequ\u00eda <\/strong><\/li>\n<\/ol>\n<p>Responsables cient\u00edficos: Pilar Paneque Salgado. \u00c1rea de Geograf\u00eda Humana, Departamento de Geograf\u00eda, Historia y Filosof\u00eda, Facultad de Humanidades. UPO\/Jes\u00fas Vargas Molina.\u00a0 \u00c1rea de Geograf\u00eda Humana, Departamento de Geograf\u00eda, Historia y Filosof\u00eda, Facultad de Humanidades. UPO.<\/p>\n<ol start=\"3\">\n<li><strong> El arte de firmar. Cultura escrita y pr\u00e1cticas paleogr\u00e1ficas en fuentes hist\u00f3ricas<\/strong><\/li>\n<\/ol>\n<p>Responsable cient\u00edfica: Roc\u00edo Moreno Cabanillas. \u00c1rea de Ciencias y T\u00e9cnicas Historiogr\u00e1ficas, Departamento de Geograf\u00eda, Historia y Filosof\u00eda, Facultad de Humanidades. UPO.<\/p>\n<ol start=\"4\">\n<li><strong> El legado \u201coculto\u201d de textos sefard\u00edes escritos en aljam\u00eda hebraica<\/strong><\/li>\n<\/ol>\n<p>Responsable cient\u00edfico: Crist\u00f3bal Jos\u00e9 \u00c1lvarez L\u00f3pez. \u00c1rea de Lengua Espa\u00f1ola, Departamento de Filolog\u00eda y Traducci\u00f3n, Facultad de Humanidades. UPO.<\/p>\n<ol start=\"5\">\n<li><strong> \u00ab\u00a1Canta, Musa, una novela sobre la ca\u00edda de Troya!\u00bb: c\u00f3mo conversan las autoras contempor\u00e1neas con Homero y Virgilio<\/strong><\/li>\n<\/ol>\n<p>Responsables cient\u00edficos: Rosario Moreno Soldevila.\u00a0 \u00c1rea de Filolog\u00eda Latina, Departamento de Filolog\u00eda y Traducci\u00f3n, Facultad de Humanidades.\/ Daniel Nisa C\u00e1ceres. \u00c1rea de Filolog\u00eda Inglesa, Departamento de Filolog\u00eda y Traducci\u00f3n, Facultad de Humanidades. UPO.<\/p>\n<ol start=\"6\">\n<li><strong> La traducci\u00f3n: puente de idiomas y culturas<\/strong><\/li>\n<\/ol>\n<p>Responsable cient\u00edfica: Nuria Ponce-M\u00e1rquez. \u00c1rea de Traducci\u00f3n e Interpretaci\u00f3n, Departamento de Filolog\u00eda y Traducci\u00f3n. Facultad de Humanidades. UPO.<\/p>\n<ol start=\"7\">\n<li><strong> El proyecto de excavaciones arqueol\u00f3gicas en la casa de la Ca\u00f1ada Honda de It\u00e1lica<\/strong><\/li>\n<\/ol>\n<p>Responsable cient\u00edfico: Rafael Hidalgo Prieto. \u00c1rea de Arqueolog\u00eda, Departamento de Geograf\u00eda, Historia y Filosof\u00eda, Facultad de Humanidades. UPO.<\/p>\n<ol start=\"8\">\n<li><strong> Un oc\u00e9ano de negocios. Col\u00f3n, Magallanes, Elcano, y la ruta de la especier\u00eda. La primera globalizaci\u00f3n<\/strong><\/li>\n<\/ol>\n<p>Responsable cient\u00edfico: Juan Marchena Fern\u00e1ndez.\u00a0 \u00c1rea de Historia de Am\u00e9rica, Departamento de Geograf\u00eda, Historia y Filosof\u00eda, Facultad de Humanidades. UPO.<\/p>\n<p>&nbsp;<\/p>\n<p><strong>FACULTAD DE CIENCIAS EXPERIMENTALES: <\/strong><\/p>\n<ol>\n<li><strong> Biofilms: las ciudades de los microorganismos<\/strong><\/li>\n<\/ol>\n<p>Responsable cient\u00edfica: Aroa L\u00f3pez S\u00e1nchez. \u00c1rea de Microbiolog\u00eda, Departamento de Biolog\u00eda Molecular e Ingenier\u00eda Bioqu\u00edmica, Facultad de Ciencias Experimentales. UPO.<\/p>\n<ol start=\"2\">\n<li><strong> iNaturalist, una iniciativa de ciencia ciudadana para inventariar biodiversidad. Experiencias desde la UPO.<\/strong><\/li>\n<\/ol>\n<p>Responsable cient\u00edfico: Santiago Mart\u00edn Bravo. \u00c1rea de Bot\u00e1nica, Departamento de Biolog\u00eda Molecular e Ingenier\u00eda Bioqu\u00edmica, Facultad de Ciencias Experimentales. UPO.<\/p>\n<ol start=\"3\">\n<li><strong> La bioinform\u00e1tica como herramienta para descifrar los enigmas biol\u00f3gicos del filo bacteriano PVC<\/strong><\/li>\n<\/ol>\n<p>Responsables cient\u00edficos: Elena Rivas Mar\u00edn. \u00c1rea de Microbiolog\u00eda, Departamento de Biolog\u00eda Molecular e Ingenier\u00eda Bioqu\u00edmica, Facultad de Ciencias Experimentales.UPO. \/Damien Paul Devos. Centro Andaluz de Biolog\u00eda del Desarrollo (CABD).<\/p>\n<p>&nbsp;<\/p>\n<p><strong>FACULTAD DE CIENCIAS DEL DEPORTE: <\/strong><\/p>\n<ol>\n<li><strong> \u201cA la buena vida\u201d: Influencia de las actividades diarias sobre la condici\u00f3n f\u00edsica y otros par\u00e1metros de salud en las personas<\/strong><\/li>\n<\/ol>\n<p>Responsable cient\u00edfico: Javier Bueno Antequera. \u00c1rea de Educaci\u00f3n F\u00edsica y Deportiva, Departamento de Deporte e Inform\u00e1tica, Facultad de Ciencias del Deporte. UPO.<\/p>\n<p>&nbsp;<\/p>\n<p><strong>FACULTAD DE CIENCIAS SOCIALES: <\/strong><\/p>\n<ol>\n<li><strong> La mirada sociol\u00f3gica en nuestra vida cotidiana<\/strong><\/li>\n<\/ol>\n<p>Responsable cient\u00edfico: Luis Navarro Ardoy.\u00a0 \u00c1rea de Sociolog\u00eda, Departamento de Sociolog\u00eda, Facultad de Ciencias Sociales. UPO.<\/p>\n<p>&nbsp;<\/p>\n<p><strong>FACULTAD DE CIENCIAS EMPRESARIALES:<\/strong><\/p>\n<ol>\n<li><strong> \u00bfPod\u00edamos haber estado preparados para la pand\u00e9mica por COVID-19 sin esperar que ocurriera?_Resiliencia en las cadenas de suministro <\/strong><\/li>\n<\/ol>\n<p>Responsable cient\u00edfica: Cristina L\u00f3pez Vargas. \u00c1rea de Organizaci\u00f3n de empresas, Departamento de Organizaci\u00f3n de empresas y marketing, Facultad de Ciencias Empresariales. UPO.<\/p>\n<p>&nbsp;<\/p>\n<p><strong>CEI CamBio: <\/strong><\/p>\n<ol>\n<li><strong> Transferencia de conocimiento para la adaptaci\u00f3n de la Directiva Marco del Agua a la realidad andaluza: El estuario del Guadalquivir como modelo de gesti\u00f3n integrada (TransDMA)<\/strong><\/li>\n<\/ol>\n<p>Responsable cient\u00edfica: Antonia Mercedes Jim\u00e9nez Rodr\u00edguez. \u00c1rea de Ecolog\u00eda, Departamento de Sistemas F\u00edsicos-Qu\u00edmicos y Naturales, Facultad de Ciencias Experimentales. UPO.<\/p>\n<p>&nbsp;<\/p>\n<p><strong>M\u00e1s informaci\u00f3n:<\/strong><\/p>\n<p><a href=\"https:\/\/feriadelacienciavirtual.org\/\">Feria de la Ciencia de Sevilla<\/a>.<\/p>\n<p><a href=\"https:\/\/feriadelacienciavirtual.org\/\">Plataforma virtual<\/a><\/p>\n<p>&nbsp;<\/p>\n<p>Fuente: OTRI-Universidad Pablo de Olavide<\/p>\n","protected":false},"excerpt":{"rendered":"<p>La Universidad Pablo de Olavide vuelve a estar presente en la Feria de la Ciencia de Sevilla, un espacio de encuentro y de comunicaci\u00f3n, que se celebra del 18 al 21 de mayo, en el que participan distintos centros educativos, facultades universitarias, centros de investigaci\u00f3n y otras instituciones cient\u00edficas \u00a0con el objetivo de divulgar sus proyectos y experimentos cient\u00edficos haciendo part\u00edcipe de ellos al p\u00fablico visitante.<\/p>\n","protected":false},"author":2,"featured_media":30865723,"comment_status":"closed","ping_status":"open","sticky":false,"template":"","format":"standard","meta":{"_monsterinsights_skip_tracking":false,"_monsterinsights_sitenote_active":false,"_monsterinsights_sitenote_note":"","_monsterinsights_sitenote_category":0,"footnotes":""},"categories":[2779],"tags":[544,5684,2645,5019,1411,83,6739],"class_list":["post-30865720","post","type-post","status-publish","format-standard","has-post-thumbnail","hentry","category-docencia-formacion","tag-conferencias","tag-conocimiento","tag-divulgacion-cientifica","tag-feria-de-la-ciencia","tag-fundacion-descubre","tag-otri","tag-virtual"],"_links":{"self":[{"href":"https:\/\/www.upo.es\/diario\/wp-json\/wp\/v2\/posts\/30865720","targetHints":{"allow":["GET"]}}],"collection":[{"href":"https:\/\/www.upo.es\/diario\/wp-json\/wp\/v2\/posts"}],"about":[{"href":"https:\/\/www.upo.es\/diario\/wp-json\/wp\/v2\/types\/post"}],"author":[{"embeddable":true,"href":"https:\/\/www.upo.es\/diario\/wp-json\/wp\/v2\/users\/2"}],"replies":[{"embeddable":true,"href":"https:\/\/www.upo.es\/diario\/wp-json\/wp\/v2\/comments?post=30865720"}],"version-history":[{"count":6,"href":"https:\/\/www.upo.es\/diario\/wp-json\/wp\/v2\/posts\/30865720\/revisions"}],"predecessor-version":[{"id":30865901,"href":"https:\/\/www.upo.es\/diario\/wp-json\/wp\/v2\/posts\/30865720\/revisions\/30865901"}],"wp:featuredmedia":[{"embeddable":true,"href":"https:\/\/www.upo.es\/diario\/wp-json\/wp\/v2\/media\/30865723"}],"wp:attachment":[{"href":"https:\/\/www.upo.es\/diario\/wp-json\/wp\/v2\/media?parent=30865720"}],"wp:term":[{"taxonomy":"category","embeddable":true,"href":"https:\/\/www.upo.es\/diario\/wp-json\/wp\/v2\/categories?post=30865720"},{"taxonomy":"post_tag","embeddable":true,"href":"https:\/\/www.upo.es\/diario\/wp-json\/wp\/v2\/tags?post=30865720"}],"curies":[{"name":"wp","href":"https:\/\/api.w.org\/{rel}","templated":true}]}}