{"id":30865735,"date":"2021-05-13T12:16:12","date_gmt":"2021-05-13T10:16:12","guid":{"rendered":"https:\/\/www.upo.es\/diario\/?p=30865735"},"modified":"2021-05-14T14:57:54","modified_gmt":"2021-05-14T12:57:54","slug":"una-investigacion-liderada-por-la-upo-recibe-el-xv-premio-de-historia-agraria-ramon-garrabou","status":"publish","type":"post","link":"https:\/\/www.upo.es\/diario\/ciencia\/2021\/05\/una-investigacion-liderada-por-la-upo-recibe-el-xv-premio-de-historia-agraria-ramon-garrabou\/","title":{"rendered":"Una investigaci\u00f3n liderada por la UPO recibe el XV Premio de Historia Agraria Ram\u00f3n Garrabou"},"content":{"rendered":"<figure id=\"attachment_30865738\" aria-describedby=\"caption-attachment-30865738\" style=\"width: 750px\" class=\"wp-caption aligncenter\"><a href=\"https:\/\/www.upo.es\/diario\/wp-content\/uploads\/2021\/05\/Premio-historia-agraria.jpg\"><img loading=\"lazy\" decoding=\"async\" class=\"size-large wp-image-30865738\" src=\"https:\/\/www.upo.es\/diario\/wp-content\/uploads\/2021\/05\/Premio-historia-agraria-750x600.jpg\" alt=\"Jaime Vila-Traver (i) y Manuel Gonz\u00e1lez, arriaba, y Eduardo Aguilera (i) y Juan Infante\" width=\"750\" height=\"600\" srcset=\"https:\/\/www.upo.es\/diario\/wp-content\/uploads\/2021\/05\/Premio-historia-agraria-750x600.jpg 750w, https:\/\/www.upo.es\/diario\/wp-content\/uploads\/2021\/05\/Premio-historia-agraria-360x288.jpg 360w, https:\/\/www.upo.es\/diario\/wp-content\/uploads\/2021\/05\/Premio-historia-agraria-768x614.jpg 768w, https:\/\/www.upo.es\/diario\/wp-content\/uploads\/2021\/05\/Premio-historia-agraria-600x480.jpg 600w, https:\/\/www.upo.es\/diario\/wp-content\/uploads\/2021\/05\/Premio-historia-agraria-1536x1229.jpg 1536w, https:\/\/www.upo.es\/diario\/wp-content\/uploads\/2021\/05\/Premio-historia-agraria-1320x1056.jpg 1320w, https:\/\/www.upo.es\/diario\/wp-content\/uploads\/2021\/05\/Premio-historia-agraria.jpg 2000w\" sizes=\"auto, (max-width: 750px) 100vw, 750px\" \/><\/a><figcaption id=\"caption-attachment-30865738\" class=\"wp-caption-text\">Jaime Vila-Traver (i) y Manuel Gonz\u00e1lez, arriba, y Eduardo Aguilera (i) y Juan Infante<\/figcaption><\/figure>\n<p>La Sociedad de Estudios de Historia Agraria ha concedido el <strong>XV premio de Historia Agraria Ram\u00f3n Garrabou<\/strong> al art\u00edculo <strong>\u2018Climate Change and industrialization as the main drivers of Spanish agricultura w\u00e1ter stress (Spain 1922-206)\u2019<\/strong>, elaborado por <strong>Jaime Vila-Traver,<\/strong> investigador predoctoral del Departamento de Geograf\u00eda, Historia y Filosof\u00eda de la UPO, en colaboraci\u00f3n con los investigadores Manuel Gonz\u00e1lez de Molina, Juan Infante Amate y Eduardo Aguilera del <a href=\"http:\/\/www.lha.es\">Laboratorio de Historia de los Agroecosistemas<\/a>. La investigaci\u00f3n, que forma parte de la tesis del profesor, pretende explicar los<strong> efectos que est\u00e1 provocando el cambio clim\u00e1tico y la industrializaci\u00f3n de la agricultura en los recursos h\u00eddricos que \u00e9sta requiere<\/strong>. Adem\u00e1s, pretende identificar aspectos claves para dise\u00f1ar soluciones a largo plazo que solventen este creciente problema.<\/p>\n<blockquote><p>\u00abEl cambio clim\u00e1tico amenaza con limitar la viabilidad de la agricultura en los pa\u00edses mediterr\u00e1neos, lo que conlleva graves impactos sociales, ambientales y econ\u00f3micos\u00bb, Jaime Vila-Traver<\/p><\/blockquote>\n<p>\u201cEl cambio clim\u00e1tico amenaza con limitar la viabilidad de la agricultura en los pa\u00edses mediterr\u00e1neos, lo que conlleva graves impactos sociales, ambientales y econ\u00f3micos. Esta investigaci\u00f3n de largo plazo arroja luz sobre algunos aspectos negativos que ha tenido la industrializaci\u00f3n de la agricultura, que han empeorado los efectos del cambio clim\u00e1tico sobre nuestros agroecosistemas y nos muestra los puntos clave sobre los que podemos actuar en el presente y futuro para tratar de adaptarnos a un clima cambiante y reducir sus impactos, contrariamente a lo que se ha venido haciendo hasta el momento\u201d explica Jaime Vila-Traver. \u201cEstamos muy satisfechos de haber recibido tal distinci\u00f3n y consideramos que es muy importante visibilizar estudios que muestren que la industrializaci\u00f3n de la agricultura, aparte de los aspectos positivos que ha aportado, conlleva graves problemas e impactos ambientales, que suelen obviarse y que es necesario considerar para poder enfrentar el cada vez m\u00e1s acuciante problema del cambio clim\u00e1tico\u201d.<\/p>\n<p>El jurado ha valorado que se trata de un art\u00edculo muy equilibrado, que demuestra un evidente compromiso social acometiendo una <strong>tem\u00e1tica candente en el debate p\u00fablico<\/strong>. \u201cEn las \u00faltimas d\u00e9cadas ha crecido la preocupaci\u00f3n por el futuro impacto del cambio clim\u00e1tico en la producci\u00f3n agr\u00edcola, siendo uno de los principales puntos calientes el consumo de agua y su creciente escasez\u201d, afirma el autor principal.<\/p>\n<p>Este trabajo es un <strong>estudio interdisciplinar, <\/strong>que ha contado con participantes especialistas en materias diversas. Una de sus aportaciones principales radica en poner de manifiesto la importancia de considerar simult\u00e1neamente los diferentes aspectos clave que presenta la investigaci\u00f3n: modificaci\u00f3n en la ubicaci\u00f3n de los cultivos, nuevas formas de manejo de la agricultura y cambio clim\u00e1tico. El <strong>Laboratorio de Historia de los Agroecosistemas<\/strong> cuenta con investigadores de diferentes especialidades que van desde la historia contempor\u00e1nea, a la agroecolog\u00eda, pasando por las ciencias biol\u00f3gicas, ambientales o econ\u00f3micas. Esta heterogeneidad en las trayectorias de los diferentes integrantes del grupo, enriquece las discusiones y permite abordar los estudios desde una mirada amplia que facilita la identificaci\u00f3n de carencias en la literatura cient\u00edfica.<\/p>\n<h3><strong>Agua Violeta, nuevo indicador para el estr\u00e9s h\u00eddrico de los cultivos<\/strong><\/h3>\n<p>Jaime Vila-Traver declara que a pesar de que est\u00e1 creciendo el inter\u00e9s cient\u00edfico sobre la huella h\u00eddrica del sector agrario, no se hab\u00eda prestado atenci\u00f3n al creciente desacoplamiento entre las necesidades de los cultivos y el agua disponible a largo plazo. Cuando la demanda de agua es m\u00e1s alta que la cantidad disponible durante un periodo determinado nos encontramos frente a una situaci\u00f3n de <strong>estr\u00e9s h\u00eddrico<\/strong>, el cual ha aumentado en un 30% para los cultivos espa\u00f1oles desde 1922 hasta 2016, tal y como confirma el estudio premiado.<\/p>\n<p>La investigaci\u00f3n propone un nuevo indicador que permite medir la cantidad de estr\u00e9s h\u00eddrico de los cultivos llamado <strong>agua violeta<\/strong>. \u201cSe constituye como un nuevo indicador que sintetiza el desacoplamiento entre el agua de lluvia disponible y el agua que necesitan los cultivos y es \u00fatil para dise\u00f1ar agroecosistemas sustentables desde el punto de vista h\u00eddrico\u201d, afirma Jaime Vila-Traver.<\/p>\n<p>&nbsp;<\/p>\n<h3><strong>M\u00e1s informaci\u00f3n:<\/strong><\/h3>\n<p><a href=\"https:\/\/www.lha.es\/\">www.lha.es<\/a><\/p>\n<p><a href=\"https:\/\/www.sciencedirect.com\/science\/article\/abs\/pii\/S0048969720369308\">www.sciencedirect.com\/science\/article\/abs\/pii\/S0048969720369308<\/a><\/p>\n","protected":false},"excerpt":{"rendered":"<p>El art\u00edculo, que forma parte de la tesis del investigador Jaime Vila-Traver, examina la repercusi\u00f3n del cambio clim\u00e1tico y la industrializaci\u00f3n en las necesidades h\u00eddricas de los cultivos espa\u00f1oles.<\/p>\n","protected":false},"author":6,"featured_media":30865738,"comment_status":"closed","ping_status":"open","sticky":false,"template":"","format":"standard","meta":{"_monsterinsights_skip_tracking":false,"_monsterinsights_sitenote_active":false,"_monsterinsights_sitenote_note":"","_monsterinsights_sitenote_category":0,"footnotes":""},"categories":[3],"tags":[750,150,3231,56,6387,58],"class_list":["post-30865735","post","type-post","status-publish","format-standard","has-post-thumbnail","hentry","category-ciencia","tag-agricultura","tag-historia","tag-historia-agraria","tag-investigacion","tag-laboratorio-de-historia-de-los-agroecosistemas","tag-premio"],"_links":{"self":[{"href":"https:\/\/www.upo.es\/diario\/wp-json\/wp\/v2\/posts\/30865735","targetHints":{"allow":["GET"]}}],"collection":[{"href":"https:\/\/www.upo.es\/diario\/wp-json\/wp\/v2\/posts"}],"about":[{"href":"https:\/\/www.upo.es\/diario\/wp-json\/wp\/v2\/types\/post"}],"author":[{"embeddable":true,"href":"https:\/\/www.upo.es\/diario\/wp-json\/wp\/v2\/users\/6"}],"replies":[{"embeddable":true,"href":"https:\/\/www.upo.es\/diario\/wp-json\/wp\/v2\/comments?post=30865735"}],"version-history":[{"count":3,"href":"https:\/\/www.upo.es\/diario\/wp-json\/wp\/v2\/posts\/30865735\/revisions"}],"predecessor-version":[{"id":30865743,"href":"https:\/\/www.upo.es\/diario\/wp-json\/wp\/v2\/posts\/30865735\/revisions\/30865743"}],"wp:featuredmedia":[{"embeddable":true,"href":"https:\/\/www.upo.es\/diario\/wp-json\/wp\/v2\/media\/30865738"}],"wp:attachment":[{"href":"https:\/\/www.upo.es\/diario\/wp-json\/wp\/v2\/media?parent=30865735"}],"wp:term":[{"taxonomy":"category","embeddable":true,"href":"https:\/\/www.upo.es\/diario\/wp-json\/wp\/v2\/categories?post=30865735"},{"taxonomy":"post_tag","embeddable":true,"href":"https:\/\/www.upo.es\/diario\/wp-json\/wp\/v2\/tags?post=30865735"}],"curies":[{"name":"wp","href":"https:\/\/api.w.org\/{rel}","templated":true}]}}