{"id":30865878,"date":"2021-05-17T13:17:40","date_gmt":"2021-05-17T11:17:40","guid":{"rendered":"https:\/\/www.upo.es\/diario\/?p=30865878"},"modified":"2021-05-21T11:14:38","modified_gmt":"2021-05-21T09:14:38","slug":"cuando-se-unen-arte-sostenibilidad-y-formacion","status":"publish","type":"post","link":"https:\/\/www.upo.es\/diario\/cultura-social\/2021\/05\/cuando-se-unen-arte-sostenibilidad-y-formacion\/","title":{"rendered":"Cuando se unen arte, sostenibilidad y formaci\u00f3n"},"content":{"rendered":"<figure id=\"attachment_30865879\" aria-describedby=\"caption-attachment-30865879\" style=\"width: 750px\" class=\"wp-caption aligncenter\"><a href=\"https:\/\/www.upo.es\/diario\/wp-content\/uploads\/2021\/05\/mural05.jpg\"><img loading=\"lazy\" decoding=\"async\" class=\"size-large wp-image-30865879\" src=\"https:\/\/www.upo.es\/diario\/wp-content\/uploads\/2021\/05\/mural05-750x500.jpg\" alt=\"\" width=\"750\" height=\"500\" srcset=\"https:\/\/www.upo.es\/diario\/wp-content\/uploads\/2021\/05\/mural05-750x500.jpg 750w, https:\/\/www.upo.es\/diario\/wp-content\/uploads\/2021\/05\/mural05-360x240.jpg 360w, https:\/\/www.upo.es\/diario\/wp-content\/uploads\/2021\/05\/mural05-768x512.jpg 768w, https:\/\/www.upo.es\/diario\/wp-content\/uploads\/2021\/05\/mural05-600x400.jpg 600w, https:\/\/www.upo.es\/diario\/wp-content\/uploads\/2021\/05\/mural05-1536x1024.jpg 1536w, https:\/\/www.upo.es\/diario\/wp-content\/uploads\/2021\/05\/mural05-2048x1366.jpg 2048w, https:\/\/www.upo.es\/diario\/wp-content\/uploads\/2021\/05\/mural05-165x109.jpg 165w, https:\/\/www.upo.es\/diario\/wp-content\/uploads\/2021\/05\/mural05-1320x880.jpg 1320w\" sizes=\"auto, (max-width: 750px) 100vw, 750px\" \/><\/a><figcaption id=\"caption-attachment-30865879\" class=\"wp-caption-text\">Participantes del proyecto \u2018El arte de alimentarte\u2019 junto al mural situado cerca del canal, pr\u00f3ximo a la Biblioteca\/CRAI.<\/figcaption><\/figure>\n<p>Parar para ver, parar para escuchar, parar para reflexionar sobre un mensaje plasmado en un mural: <strong>\u201cM\u00e1s lento, M\u00e1s cerca,&#8230; M\u00e1s justo, M\u00e1s sano,\u2026\u201d<\/strong>. Parar para tomar conciencia de la importancia de incorporar unos h\u00e1bitos de consumo sostenibles, saludables y responsables. \u00c9ste es el objetivo del <strong>proyecto \u2018El arte de alimentarte\u2019<\/strong>, una iniciativa que a\u00fana formaci\u00f3n y acci\u00f3n art\u00edstica y que ha dado a luz el dise\u00f1o de un <strong>mural colectivo <\/strong>situado en el Campus de la Universidad Pablo de Olavide.<\/p>\n<p>En el marco del Programa de fomento de la Alimentaci\u00f3n Sostenible y Salud subvencionado por la Agencia de Cooperaci\u00f3n Internacional de la Junta de Andaluc\u00eda, la UPO se une a esta iniciativa de la <strong>Asociaci\u00f3n El Enjambre Sin Reina<\/strong>, que ha contado con la <strong>Asociaci\u00f3n ARTYART Artesan\u00eda y Arte Mural\u00a0<\/strong>como profesionales del arte mural para su desarrollo, con la implicaci\u00f3n activa de la asociaci\u00f3n de estudiantes <strong>PiensaUPO<\/strong>, el apoyo del <strong>Servicio de Extensi\u00f3n Cultural<\/strong> del <strong>Vicerrectorado de Cultura y Pol\u00edticas Sociales,<\/strong> a trav\u00e9s de su iniciativa Arte y Compromiso, y con la colaboraci\u00f3n asimismo de <strong>CEI-Cambio<\/strong>.<\/p>\n<figure id=\"attachment_30865880\" aria-describedby=\"caption-attachment-30865880\" style=\"width: 360px\" class=\"wp-caption alignright\"><a href=\"https:\/\/www.upo.es\/diario\/wp-content\/uploads\/2021\/05\/mural.jpeg\"><img loading=\"lazy\" decoding=\"async\" class=\"size-medium wp-image-30865880\" src=\"https:\/\/www.upo.es\/diario\/wp-content\/uploads\/2021\/05\/mural-360x188.jpeg\" alt=\"\" width=\"360\" height=\"188\" srcset=\"https:\/\/www.upo.es\/diario\/wp-content\/uploads\/2021\/05\/mural-360x188.jpeg 360w, https:\/\/www.upo.es\/diario\/wp-content\/uploads\/2021\/05\/mural-750x392.jpeg 750w, https:\/\/www.upo.es\/diario\/wp-content\/uploads\/2021\/05\/mural-768x402.jpeg 768w, https:\/\/www.upo.es\/diario\/wp-content\/uploads\/2021\/05\/mural-600x314.jpeg 600w, https:\/\/www.upo.es\/diario\/wp-content\/uploads\/2021\/05\/mural-1536x803.jpeg 1536w, https:\/\/www.upo.es\/diario\/wp-content\/uploads\/2021\/05\/mural-1320x690.jpeg 1320w, https:\/\/www.upo.es\/diario\/wp-content\/uploads\/2021\/05\/mural.jpeg 2013w\" sizes=\"auto, (max-width: 360px) 100vw, 360px\" \/><\/a><figcaption id=\"caption-attachment-30865880\" class=\"wp-caption-text\">Esta obra invita a la reflexi\u00f3n sobre la importancia de incorporar unos h\u00e1bitos de consumo sostenibles, saludables y responsables.<\/figcaption><\/figure>\n<p>\u201cDebido a las condiciones excepcionales generadas por la pandemia, tuvimos que replantear\u00a0el proyecto para llevar a cabo su desarrollo, derivando parte de las actividades al formato online. Sin embargo, quer\u00edamos mantener alg\u00fan tipo de presencialidad, as\u00ed que pensamos que realizar un mural podr\u00eda ser una buena forma de implicar a un grupo de estudiantes para realizar una <strong>intervenci\u00f3n presencial y cuyo contenido\u00a0perdurase en el tiempo<\/strong>, de manera que, cuando puedan volver a realizarse las clases presenciales, est\u00e9 visible para invitar a reflexionar al conjunto de la comunidad universitaria\u201d, explica Javier Esquivias Segura, miembro de la Asociaci\u00f3n El Enjambre Sin Reina.<\/p>\n<p>De esta manera, las participantes asistieron a tres sesiones virtuales en las que reflexionaron sobre <strong>alimentaci\u00f3n sostenible y sobre el arte mural<\/strong>, creando una lluvia de ideas reflejadas en la obra final. \u201cSe trataba de que la comunidad universitaria pudiera tener una experiencia a nivel personal participativo al poner en com\u00fan sus ideas, pero que, sumado a ello, el resto de las personas que d\u00eda a d\u00eda se encuentran en la universidad se sensibilicen frente al tema. Para ello, el muralismo es la herramienta ideal, que atiende estos dos objetivos\u201d, afirma Katterina K\u00f6nig Bustamante, una de las cuatro profesoras de la Asociaci\u00f3n ARTYART Artesan\u00eda y Arte Mural que han guiado el dise\u00f1o y la implementaci\u00f3n de este proyecto.<\/p>\n<figure id=\"attachment_30865882\" aria-describedby=\"caption-attachment-30865882\" style=\"width: 360px\" class=\"wp-caption alignleft\"><a href=\"https:\/\/www.upo.es\/diario\/wp-content\/uploads\/2021\/05\/mural04.jpg\"><img loading=\"lazy\" decoding=\"async\" class=\"size-medium wp-image-30865882\" src=\"https:\/\/www.upo.es\/diario\/wp-content\/uploads\/2021\/05\/mural04-360x203.jpg\" alt=\"\" width=\"360\" height=\"203\" srcset=\"https:\/\/www.upo.es\/diario\/wp-content\/uploads\/2021\/05\/mural04-360x203.jpg 360w, https:\/\/www.upo.es\/diario\/wp-content\/uploads\/2021\/05\/mural04-750x422.jpg 750w, https:\/\/www.upo.es\/diario\/wp-content\/uploads\/2021\/05\/mural04-768x432.jpg 768w, https:\/\/www.upo.es\/diario\/wp-content\/uploads\/2021\/05\/mural04-600x338.jpg 600w, https:\/\/www.upo.es\/diario\/wp-content\/uploads\/2021\/05\/mural04-1536x864.jpg 1536w, https:\/\/www.upo.es\/diario\/wp-content\/uploads\/2021\/05\/mural04-1320x743.jpg 1320w, https:\/\/www.upo.es\/diario\/wp-content\/uploads\/2021\/05\/mural04.jpg 1632w\" sizes=\"auto, (max-width: 360px) 100vw, 360px\" \/><\/a><figcaption id=\"caption-attachment-30865882\" class=\"wp-caption-text\">Imagen del mural y las participantes.<\/figcaption><\/figure>\n<p>Tras la lluvia de ideas, \u00e9stas fueron plasmadas en un boceto.<strong> Ganader\u00eda, Pesca y Agricultura <\/strong>son las tres actividades en torno a la alimentaci\u00f3n que el grupo considera que es importante comunicar a trav\u00e9s de mural. \u201cDe estas tres actividades emerge una imagen central, un ser en violeta que representa a la <strong>Madre Tierra<\/strong>. Esta triada es envuelta por elementos org\u00e1nicos de los cuales surge el mensaje escrito M\u00c1S LENTO, M\u00c1S CERCA&#8230; M\u00c1S JUSTO, M\u00c1S SANO&#8230;\u201d, describe Katterina K\u00f6nig.<\/p>\n<p>Y as\u00ed, durante cinco d\u00edas, las diez universitarias participantes estuvieron trabajando sobre el terreno plasmando este mensaje colectivo que promueve la reflexi\u00f3n personal en pro de un cambio hacia unos h\u00e1bitos de consumo m\u00e1s saludables. \u201cAdem\u00e1s de considerarme concienciada con el medio ambiente y la sostenibilidad de las actividades humanas, tambi\u00e9n soy muy aficionada al dibujo y la pintura, as\u00ed que esta actividad era la oportunidad perfecta para unir ambas inquietudes de forma creativa\u201d, explica Mercedes Aramburu Dom\u00ednguez, egresada del Grado en Ciencias Ambientales, quien sostiene que a todas las participantes les un\u00eda la misma inquietud, \u201cla <strong>reivindicaci\u00f3n de un consumo m\u00e1s saludable para nosotros y para el medio ambiente, formado por productos de cercan\u00eda, de calidad y m\u00e1s justos<\/strong>\u201d.<\/p>\n<p>El proyecto \u2018El arte de alimentarte\u2019 se convierte as\u00ed en un claro ejemplo del enfoque de cultura social de la Universidad Pablo de Olavide. \u201cCultura intr\u00ednsecamente unida a las pol\u00edticas sociales, entendida como un elemento fundamental de dinamizaci\u00f3n social, desde una perspectiva de democracia cultural. <strong>Cultura para ser entendida y consumida en toda su potencialidad educativa y formativa<\/strong>, pero, sobre todo, cultura para ser producida desde la <strong>participaci\u00f3n activa<\/strong> de todos y todas\u201d, declara David Cobos Sanchiz, vicerrector de Cultura y Pol\u00edticas Sociales.<\/p>\n<p><a title=\"Mural \u2018El arte de alimentarte\u2019\" href=\"https:\/\/www.flickr.com\/photos\/pablodeolavide\/albums\/72157719205473461\" data-flickr-embed=\"true\" data-header=\"true\"><img loading=\"lazy\" decoding=\"async\" src=\"https:\/\/live.staticflickr.com\/65535\/51184017197_a93499b6e4_z.jpg\" alt=\"Mural \u2018El arte de alimentarte\u2019\" width=\"640\" height=\"480\" \/><\/a><script async src=\"\/\/embedr.flickr.com\/assets\/client-code.js\" charset=\"utf-8\"><\/script><\/p>\n","protected":false},"excerpt":{"rendered":"<p>Parar para ver, parar para escuchar, parar para reflexionar sobre un mensaje plasmado en un mural: \u201cM\u00e1s lento, M\u00e1s cerca,&#8230; M\u00e1s justo, M\u00e1s sano,\u2026\u201d. Parar para tomar conciencia de la importancia de incorporar unos h\u00e1bitos de consumo sostenibles, saludables y responsables. \u00c9ste es el objetivo del proyecto \u2018El arte de alimentarte\u2019, una iniciativa que a\u00fana formaci\u00f3n y acci\u00f3n art\u00edstica y que ha dado a luz el dise\u00f1o de un mural colectivo situado en el Campus de la Universidad Pablo de Olavide.<\/p>\n","protected":false},"author":2,"featured_media":30865879,"comment_status":"closed","ping_status":"open","sticky":false,"template":"","format":"standard","meta":{"_monsterinsights_skip_tracking":false,"_monsterinsights_sitenote_active":false,"_monsterinsights_sitenote_note":"","_monsterinsights_sitenote_category":0,"footnotes":""},"categories":[5843],"tags":[674,265,749,1292,832,7194],"class_list":["post-30865878","post","type-post","status-publish","format-standard","has-post-thumbnail","hentry","category-cultura-social","tag-alimentacion","tag-arte","tag-consumo","tag-mural","tag-sostenibilidad","tag-vicerrectorado-de-cultura-y-politicas-sociales"],"_links":{"self":[{"href":"https:\/\/www.upo.es\/diario\/wp-json\/wp\/v2\/posts\/30865878","targetHints":{"allow":["GET"]}}],"collection":[{"href":"https:\/\/www.upo.es\/diario\/wp-json\/wp\/v2\/posts"}],"about":[{"href":"https:\/\/www.upo.es\/diario\/wp-json\/wp\/v2\/types\/post"}],"author":[{"embeddable":true,"href":"https:\/\/www.upo.es\/diario\/wp-json\/wp\/v2\/users\/2"}],"replies":[{"embeddable":true,"href":"https:\/\/www.upo.es\/diario\/wp-json\/wp\/v2\/comments?post=30865878"}],"version-history":[{"count":11,"href":"https:\/\/www.upo.es\/diario\/wp-json\/wp\/v2\/posts\/30865878\/revisions"}],"predecessor-version":[{"id":30866040,"href":"https:\/\/www.upo.es\/diario\/wp-json\/wp\/v2\/posts\/30865878\/revisions\/30866040"}],"wp:featuredmedia":[{"embeddable":true,"href":"https:\/\/www.upo.es\/diario\/wp-json\/wp\/v2\/media\/30865879"}],"wp:attachment":[{"href":"https:\/\/www.upo.es\/diario\/wp-json\/wp\/v2\/media?parent=30865878"}],"wp:term":[{"taxonomy":"category","embeddable":true,"href":"https:\/\/www.upo.es\/diario\/wp-json\/wp\/v2\/categories?post=30865878"},{"taxonomy":"post_tag","embeddable":true,"href":"https:\/\/www.upo.es\/diario\/wp-json\/wp\/v2\/tags?post=30865878"}],"curies":[{"name":"wp","href":"https:\/\/api.w.org\/{rel}","templated":true}]}}