{"id":30866034,"date":"2021-05-20T08:30:15","date_gmt":"2021-05-20T06:30:15","guid":{"rendered":"https:\/\/www.upo.es\/diario\/?p=30866034"},"modified":"2021-05-20T13:35:57","modified_gmt":"2021-05-20T11:35:57","slug":"el-nuevo-secretario-general-de-ccoo-de-sevilla-visita-la-universidad-pablo-de-olavide","status":"publish","type":"post","link":"https:\/\/www.upo.es\/diario\/institucional\/2021\/05\/el-nuevo-secretario-general-de-ccoo-de-sevilla-visita-la-universidad-pablo-de-olavide\/","title":{"rendered":"El nuevo secretario general de CCOO de Sevilla visita la Universidad Pablo de Olavide"},"content":{"rendered":"<figure id=\"attachment_30866036\" aria-describedby=\"caption-attachment-30866036\" style=\"width: 750px\" class=\"wp-caption aligncenter\"><a href=\"https:\/\/www.upo.es\/diario\/wp-content\/uploads\/2021\/05\/Visita_CCOO_20210520.jpg\"><img loading=\"lazy\" decoding=\"async\" class=\"size-large wp-image-30866036\" src=\"https:\/\/www.upo.es\/diario\/wp-content\/uploads\/2021\/05\/Visita_CCOO_20210520-750x500.jpg\" alt=\"\" width=\"750\" height=\"500\" srcset=\"https:\/\/www.upo.es\/diario\/wp-content\/uploads\/2021\/05\/Visita_CCOO_20210520-750x500.jpg 750w, https:\/\/www.upo.es\/diario\/wp-content\/uploads\/2021\/05\/Visita_CCOO_20210520-360x240.jpg 360w, https:\/\/www.upo.es\/diario\/wp-content\/uploads\/2021\/05\/Visita_CCOO_20210520-768x512.jpg 768w, https:\/\/www.upo.es\/diario\/wp-content\/uploads\/2021\/05\/Visita_CCOO_20210520-600x400.jpg 600w, https:\/\/www.upo.es\/diario\/wp-content\/uploads\/2021\/05\/Visita_CCOO_20210520-1536x1024.jpg 1536w, https:\/\/www.upo.es\/diario\/wp-content\/uploads\/2021\/05\/Visita_CCOO_20210520-2048x1366.jpg 2048w, https:\/\/www.upo.es\/diario\/wp-content\/uploads\/2021\/05\/Visita_CCOO_20210520-165x109.jpg 165w, https:\/\/www.upo.es\/diario\/wp-content\/uploads\/2021\/05\/Visita_CCOO_20210520-1320x880.jpg 1320w\" sizes=\"auto, (max-width: 750px) 100vw, 750px\" \/><\/a><figcaption id=\"caption-attachment-30866036\" class=\"wp-caption-text\">Carlos Aristu, Mercedes Manzano, Francisco Oliva y Concepci\u00f3n Mart\u00edn<\/figcaption><\/figure>\n<p>Elegido el pasado 14 de abril, el nuevo<strong> secretario general de Comisiones Obreras de Sevilla<\/strong> ha visitado la Universidad Pablo de Olavide, donde ha sido recibido por el rector <strong>Francisco Oliva<\/strong> y por <strong>Concepci\u00f3n Mart\u00edn<\/strong>, gerente de la UPO. <strong>Mercedes Manzano<\/strong>, secretaria de Formaci\u00f3n de CCOO acompa\u00f1\u00f3 a <strong>Carlos Aristu<\/strong> en su visita al campus.<\/p>\n<p>Precisamente la <strong>colaboraci\u00f3n en actividades de formaci\u00f3n<\/strong> ha sido uno de los elementos principales abordados en la reuni\u00f3n, ya que <strong>el sindicato patrocina cada a\u00f1o uno de los cursos de verano de la Universidad en Carmona<\/strong>; el de este 2021 lleva por t\u00edtulo <strong><a href=\"https:\/\/www.upo.es\/olavideencarmona\/cursos-de-verano\/cursos\/cc13\/\">\u2018Cambios en el mundo del trabajo. Negociando el nuevo contrato social\u2019<\/a> <\/strong>y se impartir\u00e1 los d\u00edas <strong>8 y 9 de julio<\/strong>. Con la participaci\u00f3n de expertos acad\u00e9micos y responsables pol\u00edticos y del sindicato, durante el curso ser\u00e1n tratados los cambios legislativos, tecnol\u00f3gicos y organizativos que se dan actualmente en el \u00e1mbito laboral. Unai Sordo, secretario general de CCOO; y Roc\u00edo Blanco, consejera de Empleo, Formaci\u00f3n y Trabajo Aut\u00f3nomo de la Junta de Andaluc\u00eda, asistir\u00e1n junto al rector de la UPO a la clausura de este curso.<\/p>\n<p>Carlos Aristu y Francisco Oliva exploraron igualmente nuevas v\u00edas de colaboraci\u00f3n entre CCOO y la Universidad Pablo de Olavide, tanto de formaci\u00f3n en el \u00e1mbito del Derecho del Trabajo como en la relaci\u00f3n institucional entre ambas entidades.<\/p>\n","protected":false},"excerpt":{"rendered":"<p>Elegido el pasado 14 de abril, el nuevo secretario general de Comisiones Obreras de Sevilla ha visitado la Universidad Pablo de Olavide, donde ha sido recibido por el rector Francisco Oliva y por Concepci\u00f3n Mart\u00edn, gerente de la UPO. Mercedes Manzano, secretaria de Formaci\u00f3n de CCOO acompa\u00f1\u00f3 a Carlos Aristu en su visita al campus.<\/p>\n","protected":false},"author":6,"featured_media":30866036,"comment_status":"closed","ping_status":"open","sticky":false,"template":"","format":"standard","meta":{"_monsterinsights_skip_tracking":false,"_monsterinsights_sitenote_active":false,"_monsterinsights_sitenote_note":"","_monsterinsights_sitenote_category":0,"footnotes":""},"categories":[6],"tags":[5055,22,4021,5297,38,2291],"class_list":["post-30866034","post","type-post","status-publish","format-standard","has-post-thumbnail","hentry","category-institucional","tag-ccoo","tag-cursos-de-verano","tag-francisco-oliva-blazquez","tag-gerencia","tag-rector","tag-visita-institucional"],"_links":{"self":[{"href":"https:\/\/www.upo.es\/diario\/wp-json\/wp\/v2\/posts\/30866034","targetHints":{"allow":["GET"]}}],"collection":[{"href":"https:\/\/www.upo.es\/diario\/wp-json\/wp\/v2\/posts"}],"about":[{"href":"https:\/\/www.upo.es\/diario\/wp-json\/wp\/v2\/types\/post"}],"author":[{"embeddable":true,"href":"https:\/\/www.upo.es\/diario\/wp-json\/wp\/v2\/users\/6"}],"replies":[{"embeddable":true,"href":"https:\/\/www.upo.es\/diario\/wp-json\/wp\/v2\/comments?post=30866034"}],"version-history":[{"count":2,"href":"https:\/\/www.upo.es\/diario\/wp-json\/wp\/v2\/posts\/30866034\/revisions"}],"predecessor-version":[{"id":30866037,"href":"https:\/\/www.upo.es\/diario\/wp-json\/wp\/v2\/posts\/30866034\/revisions\/30866037"}],"wp:featuredmedia":[{"embeddable":true,"href":"https:\/\/www.upo.es\/diario\/wp-json\/wp\/v2\/media\/30866036"}],"wp:attachment":[{"href":"https:\/\/www.upo.es\/diario\/wp-json\/wp\/v2\/media?parent=30866034"}],"wp:term":[{"taxonomy":"category","embeddable":true,"href":"https:\/\/www.upo.es\/diario\/wp-json\/wp\/v2\/categories?post=30866034"},{"taxonomy":"post_tag","embeddable":true,"href":"https:\/\/www.upo.es\/diario\/wp-json\/wp\/v2\/tags?post=30866034"}],"curies":[{"name":"wp","href":"https:\/\/api.w.org\/{rel}","templated":true}]}}