{"id":30866125,"date":"2021-05-26T09:39:17","date_gmt":"2021-05-26T07:39:17","guid":{"rendered":"https:\/\/www.upo.es\/diario\/?p=30866125"},"modified":"2021-05-26T09:39:27","modified_gmt":"2021-05-26T07:39:27","slug":"como-conseguir-que-los-adolescentes-se-comprometan-con-sus-estudios-y-no-abandonen","status":"publish","type":"post","link":"https:\/\/www.upo.es\/diario\/theconversation\/2021\/05\/como-conseguir-que-los-adolescentes-se-comprometan-con-sus-estudios-y-no-abandonen\/","title":{"rendered":"C\u00f3mo conseguir que los adolescentes se comprometan con sus estudios y no abandonen"},"content":{"rendered":"<figure id=\"attachment_30866126\" aria-describedby=\"caption-attachment-30866126\" style=\"width: 750px\" class=\"wp-caption aligncenter\"><img loading=\"lazy\" decoding=\"async\" class=\"size-large wp-image-30866126\" src=\"https:\/\/www.upo.es\/diario\/wp-content\/uploads\/2021\/05\/the-conversation_20210526-750x500.jpg\" alt=\"estudiante de secundaria frustrado por sus estudios\" width=\"750\" height=\"500\" srcset=\"https:\/\/www.upo.es\/diario\/wp-content\/uploads\/2021\/05\/the-conversation_20210526-750x500.jpg 750w, https:\/\/www.upo.es\/diario\/wp-content\/uploads\/2021\/05\/the-conversation_20210526-360x240.jpg 360w, https:\/\/www.upo.es\/diario\/wp-content\/uploads\/2021\/05\/the-conversation_20210526-600x400.jpg 600w, https:\/\/www.upo.es\/diario\/wp-content\/uploads\/2021\/05\/the-conversation_20210526-165x109.jpg 165w, https:\/\/www.upo.es\/diario\/wp-content\/uploads\/2021\/05\/the-conversation_20210526.jpg 754w\" sizes=\"auto, (max-width: 750px) 100vw, 750px\" \/><figcaption id=\"caption-attachment-30866126\" class=\"wp-caption-text\">Imagen: Shutterstock \/ Rido<\/figcaption><\/figure>\n<p><a href=\"https:\/\/theconversation.com\/profiles\/rosa-maria-diaz-jimenez-1227821\">Rosa Mar\u00eda D\u00edaz Jim\u00e9nez<\/a>, <em><a href=\"https:\/\/theconversation.com\/institutions\/universidad-pablo-de-olavide-1362\">Universidad Pablo de Olavide<\/a><\/em><\/p>\n<p>El abandono escolar ha sido un asunto frecuente en las agendas de la pol\u00edtica educativa internacional y, en tiempos de pandemia, una amenaza, con <a href=\"https:\/\/theconversation.com\/abandono-escolar-temprano-asi-esta-siendo-el-impacto-de-la-covid-19-149409\">24 millones de estudiantes en riesgo seg\u00fan la UNESCO<\/a>.<\/p>\n<p>Sin embargo, solo uno de cada cinco pa\u00edses demostraba un compromiso con la equidad en la educaci\u00f3n \u201cprecovid\u201d a trav\u00e9s de sus mecanismos de financiaci\u00f3n, y hay pocos indicios de que haya <a href=\"https:\/\/www.buenosaires.iiep.unesco.org\/es\/portal\/unesco-revela-una-perdida-aproximada-de-23-de-un-ano-escolar-en-todo-el-mundo-debido-la\">aumentado la preocupaci\u00f3n<\/a> al respecto en el camino \u201cpostcovid\u201d.<\/p>\n<p>Ante esta cat\u00e1strofe generacional cualquier persona podr\u00eda aventurar los motivos por los que el alumnado abandona sus estudios, pero \u00bfpodr\u00edamos apuntar las razones por las que permanecen en la escuela?<\/p>\n<p>El abandono escolar no es repentino, sino la etapa final de un proceso de p\u00e9rdida de compromiso con los estudios. Situar la mirada en lo que compromete a permanecer en la escuela en lugar de fijarse en lo que expulsa, supone cambiar de gafas y focalizar otra manera de hacer que supone permitir al profesorado interactuar directamente con el alumnado y sus familias ofreciendo oportunidades m\u00e1s cercanas e integrales.<\/p>\n<p>El compromiso escolar es un facilitador activo de la participaci\u00f3n del y la estudiante con la escuela y su proceso de aprendizaje. Puede predecir los factores del \u00e9xito educativo como el rendimiento, la asistencia y la promoci\u00f3n en niveles y ciclos educativos, as\u00ed como del grado de implicaci\u00f3n del alumnado con su escuela y su tarea educativa.<\/p>\n<h3>El \u00e9xito de la permanencia en la escuela<\/h3>\n<p>El <a href=\"http:\/\/www.compromisoescolarcolombia.com\/#quees\">compromiso escolar<\/a> se entiende a trav\u00e9s de varias dimensiones que son las que explican que el alumnado permanezca con \u00e9xito en la escuela: la afectiva, la conductual, la cognitiva y la ag\u00e9ntica.<\/p>\n<p>El alumnado <strong>comprometido afectivamente<\/strong> se muestra vinculado y con buena disposici\u00f3n hacia el trabajo, se siente parte de la comunidad educativa, el centro es significativo en su vida y le proporciona herramientas para obtener logros fuera del contexto escolar.<\/p>\n<p>El <strong>compromiso conductual<\/strong> conlleva la participaci\u00f3n del alumnado y la sujeci\u00f3n a las normas de convivencia.<\/p>\n<p>El <strong>compromiso cognitivo<\/strong> <a href=\"https:\/\/www.researchgate.net\/profile\/Laura-Lara-11\/publication\/322975518_Compromiso_escolar_Desarrollo_y_validacion_de_un_instrumento\/links\/5a9d1d01aca2721e3f326c35\/Compromiso-escolar-Desarrollo-y-validacion-de-un-instrumento.pdf\">se refiere<\/a> a la conciencia y voluntad de realizar el esfuerzo necesario para la comprensi\u00f3n y el dominio de conceptos y habilidades complejas con estrategias de autorregulaci\u00f3n.<\/p>\n<p>La <strong>dimensi\u00f3n ag\u00e9ntica<\/strong> implica la capacidad para ponerse metas y fijarse un plan para alcanzarlas y est\u00e1 estrechamente relacionada con el entorno escolar, que debe crear un ambiente c\u00e1lido y acogedor y que valore las aportaciones del alumnado.<\/p>\n<h3>Herramientas de medida<\/h3>\n<p>Estudios recientes muestran el desarrollo de modelos de compromiso escolar <a href=\"https:\/\/gredos.usal.es\/handle\/10366\/129601\">en Europa<\/a> y <a href=\"http:\/\/www.scielo.org.pe\/scielo.php?pid=S2307-79992019000400002&amp;script=sci_arttext\">Latinoam\u00e9rica<\/a> que inciden en la necesidad de poder medir el nivel de compromiso para hacer tangible el concepto y, por tanto, aplicable a la mejora de las pol\u00edticas educativas.<\/p>\n<p>En el trabajo de investigaci\u00f3n <a href=\"https:\/\/www.aidep.org\/sites\/default\/files\/2021-04\/RIDEP59-Art11.pdf\"><em>Plataforma Online de Evaluaci\u00f3n de Compromiso Escolar, Versi\u00f3n 2.0: Desde la Experiencia Chilena al Uso en Pa\u00edses de Iberoam\u00e9rica<\/em><\/a> se describe el desarrollo de la versi\u00f3n 2.0 de una plataforma tecnol\u00f3gica de evaluaci\u00f3n del compromiso escolar utilizada en Chile, Colombia, Per\u00fa, Uruguay y Espa\u00f1a. Con ella se puede medir el compromiso escolar y los factores contextuales, se generan informes de resultados por estudiante, clase o centro y diversos recursos educativos.<\/p>\n<p>Esta herramienta permite acompa\u00f1ar las trayectorias educativas, anticipar reacciones y, por tanto, dise\u00f1ar apoyos para retener al alumnado en el itinerario adecuado.<\/p>\n<p>El <a href=\"https:\/\/www.aidep.org\/sites\/default\/files\/2021-04\/RIDEP59-Art8.pdf\">contenido de la plataforma<\/a> se basa en un cuestionario validado por 1\u00a0578 estudiantes de entre 12 y 19 a\u00f1os en institutos de secundaria de esos pa\u00edses.<\/p>\n<h3>Seis pasos para generar compromiso<\/h3>\n<p>En Chile se ha desarrollado un sistema para generar <a href=\"https:\/\/www.compromisoescolar.com\/home.php\">compromiso escolar<\/a> como parte de los procedimientos y estrategias de acompa\u00f1amiento para estudiantes de secundaria. Este modelo se desarrolla en seis pasos o fases que pueden ser adaptadas por los centros por su versatilidad y que constituyen un buen ejemplo de c\u00f3mo se puede generar compromiso escolar.<\/p>\n<ol>\n<li>Una primera fase es la creaci\u00f3n de un <strong>espacio participativo<\/strong> para el compromiso escolar en donde deben estar representados todos los actores y donde se pueda planificar y acompa\u00f1ar el plan de compromiso del centro.<\/li>\n<li>La segunda fase implica <strong>medir el compromiso escolar<\/strong> con el apoyo de una plataforma <em>online<\/em> en donde se muestrea al alumnado en las dimensiones afectiva, cognitiva, conductual, el apoyo de la familia, el apoyo del profesorado y el apoyo de iguales.<\/li>\n<li>En tercer lugar se procede al <strong>an\u00e1lisis y revisi\u00f3n<\/strong> de la informaci\u00f3n por estudiante, clase y centro.<\/li>\n<li>La cuarta fase implica la <strong>selecci\u00f3n y estrategias<\/strong> de promoci\u00f3n de compromiso, contando el sistema con una caja de herramientas que facilita la toma de decisiones.<\/li>\n<li>El quinto paso se refiere al <strong>seguimiento<\/strong>, con el apoyo de fichas interactivas.<\/li>\n<li>La \u00faltima fase se centra en la <strong>evaluaci\u00f3n y ajuste<\/strong> del sistema en el centro.<\/li>\n<\/ol>\n<p>El sistema se completa con una serie de recursos para la formaci\u00f3n, instrumentos de medici\u00f3n y fichas de seguimiento y evaluaci\u00f3n. Incluye un buscador de estrategias de compromiso escolar y un sistema de descarga de resultados, que facilita al docente o a la direcci\u00f3n del centro obtener la informaci\u00f3n de forma automatizada, sencilla y descriptiva.<\/p>\n<p>Un sistema educativo que pretenda cumplir con su misi\u00f3n debe \u201ccambiar de gafas\u201d, dejar de fijarse en lo que fracasa y centrar la mirada en lo que genera compromiso en todos los actores que conforman las comunidades educativas.<\/p>\n<p>Debemos proyectar energ\u00edas sobre actuaciones que favorezcan los itinerarios educativos y no solo sobre los obst\u00e1culos o barreras que los interrumpen; se trata de transitar desde los d\u00e9ficits a las oportunidades, de trayectorias negativas a trayectorias positivas.<\/p>\n<p>Este cambio conlleva implicaciones a varios niveles. Por una parte tiene que ver con decisiones en pol\u00edtica educativa que promuevan la institucionalizaci\u00f3n de este tipo de enfoques. Por otra, con la promoci\u00f3n de los recursos humanos del sistema educativo, docentes motivados, con herramientas y dotaci\u00f3n adecuada de recursos.<\/p>\n<p>Igualmente se necesitan estructuras educativas flexibles, inclusivas, horizontales y adecuadas a la gesti\u00f3n de la incertidumbre que nos ha tra\u00eddo la pandemia y que ha impuesto una digitalizaci\u00f3n acelerada de los procesos no siempre en condiciones de igualdad. Finalmente, supone llegar a la sociedad mediante la complicidad de las familias y de la ciudadan\u00eda en la labor educativa.<\/p>\n<p><a href=\"https:\/\/theconversation.com\/profiles\/rosa-maria-diaz-jimenez-1227821\">Rosa Mar\u00eda D\u00edaz Jim\u00e9nez<\/a>, Profesora Titular de Trabajo Social y Servicios Sociales, <em><a href=\"https:\/\/theconversation.com\/institutions\/universidad-pablo-de-olavide-1362\">Universidad Pablo de Olavide<\/a><\/em><\/p>\n<p>Este art\u00edculo fue publicado originalmente en <a href=\"https:\/\/theconversation.com\">The Conversation<\/a>. Lea el <a href=\"https:\/\/theconversation.com\/como-conseguir-que-los-adolescentes-se-comprometan-con-sus-estudios-y-no-abandonen-159896\">original<\/a>.<\/p>\n<p><img loading=\"lazy\" decoding=\"async\" style=\"border: none !important; box-shadow: none !important; margin: 0 !important; max-height: 1px !important; max-width: 1px !important; min-height: 1px !important; min-width: 1px !important; opacity: 0 !important; outline: none !important; padding: 0 !important; text-shadow: none !important;\" src=\"https:\/\/counter.theconversation.com\/content\/159896\/count.gif?distributor=republish-lightbox-advanced\" alt=\"The Conversation\" width=\"1\" height=\"1\" \/><\/p>\n","protected":false},"excerpt":{"rendered":"<p>Es momento de dejar de hablar del fracaso escolar para dar las claves sobre c\u00f3mo estudiantes adolescentes pueden comprometerse con sus estudios.<\/p>\n","protected":false},"author":6,"featured_media":30866126,"comment_status":"closed","ping_status":"open","sticky":false,"template":"","format":"standard","meta":{"_monsterinsights_skip_tracking":false,"_monsterinsights_sitenote_active":false,"_monsterinsights_sitenote_note":"","_monsterinsights_sitenote_category":0,"footnotes":""},"categories":[5390],"tags":[1141,5808,465,695,2192,6909],"class_list":["post-30866125","post","type-post","status-publish","format-standard","has-post-thumbnail","hentry","category-theconversation","tag-adolescencia","tag-centros-de-ensenanza-secundaria","tag-educacion","tag-ensenanza","tag-fracaso-escolar","tag-the-conversation"],"_links":{"self":[{"href":"https:\/\/www.upo.es\/diario\/wp-json\/wp\/v2\/posts\/30866125","targetHints":{"allow":["GET"]}}],"collection":[{"href":"https:\/\/www.upo.es\/diario\/wp-json\/wp\/v2\/posts"}],"about":[{"href":"https:\/\/www.upo.es\/diario\/wp-json\/wp\/v2\/types\/post"}],"author":[{"embeddable":true,"href":"https:\/\/www.upo.es\/diario\/wp-json\/wp\/v2\/users\/6"}],"replies":[{"embeddable":true,"href":"https:\/\/www.upo.es\/diario\/wp-json\/wp\/v2\/comments?post=30866125"}],"version-history":[{"count":2,"href":"https:\/\/www.upo.es\/diario\/wp-json\/wp\/v2\/posts\/30866125\/revisions"}],"predecessor-version":[{"id":30866128,"href":"https:\/\/www.upo.es\/diario\/wp-json\/wp\/v2\/posts\/30866125\/revisions\/30866128"}],"wp:featuredmedia":[{"embeddable":true,"href":"https:\/\/www.upo.es\/diario\/wp-json\/wp\/v2\/media\/30866126"}],"wp:attachment":[{"href":"https:\/\/www.upo.es\/diario\/wp-json\/wp\/v2\/media?parent=30866125"}],"wp:term":[{"taxonomy":"category","embeddable":true,"href":"https:\/\/www.upo.es\/diario\/wp-json\/wp\/v2\/categories?post=30866125"},{"taxonomy":"post_tag","embeddable":true,"href":"https:\/\/www.upo.es\/diario\/wp-json\/wp\/v2\/tags?post=30866125"}],"curies":[{"name":"wp","href":"https:\/\/api.w.org\/{rel}","templated":true}]}}