{"id":30866138,"date":"2021-05-26T17:23:03","date_gmt":"2021-05-26T15:23:03","guid":{"rendered":"https:\/\/www.upo.es\/diario\/?p=30866138"},"modified":"2021-06-01T10:34:12","modified_gmt":"2021-06-01T08:34:12","slug":"el-rector-destaca-el-papel-de-la-ciencia-y-la-formacion-como-claves-para-la-reactivacion-tras-la-pandemia","status":"publish","type":"post","link":"https:\/\/www.upo.es\/diario\/institucional\/2021\/05\/el-rector-destaca-el-papel-de-la-ciencia-y-la-formacion-como-claves-para-la-reactivacion-tras-la-pandemia\/","title":{"rendered":"El rector destaca el papel de la ciencia y la formaci\u00f3n como claves para la reactivaci\u00f3n tras la pandemia"},"content":{"rendered":"<p><a href=\"https:\/\/www.upo.es\/diario\/wp-content\/uploads\/2021\/05\/dig1.jpg\"><img loading=\"lazy\" decoding=\"async\" class=\"aligncenter wp-image-30866139 size-large\" src=\"https:\/\/www.upo.es\/diario\/wp-content\/uploads\/2021\/05\/dig1-750x422.jpg\" alt=\"\" width=\"750\" height=\"422\" srcset=\"https:\/\/www.upo.es\/diario\/wp-content\/uploads\/2021\/05\/dig1-750x422.jpg 750w, https:\/\/www.upo.es\/diario\/wp-content\/uploads\/2021\/05\/dig1-360x203.jpg 360w, https:\/\/www.upo.es\/diario\/wp-content\/uploads\/2021\/05\/dig1-768x432.jpg 768w, https:\/\/www.upo.es\/diario\/wp-content\/uploads\/2021\/05\/dig1-600x338.jpg 600w, https:\/\/www.upo.es\/diario\/wp-content\/uploads\/2021\/05\/dig1-1536x864.jpg 1536w, https:\/\/www.upo.es\/diario\/wp-content\/uploads\/2021\/05\/dig1-1320x743.jpg 1320w, https:\/\/www.upo.es\/diario\/wp-content\/uploads\/2021\/05\/dig1.jpg 2048w\" sizes=\"auto, (max-width: 750px) 100vw, 750px\" \/><\/a>Francisco Oliva Bl\u00e1zquez, rector de la Universidad Pablo de Olavide, ha participado esta ma\u00f1ana en la mesa de debate \u2018Claves para la recuperaci\u00f3n econ\u00f3mica y social en la regi\u00f3n\u2019, enmarcada en el ciclo de conferencias \u2018Sostenibilidad y digitalizaci\u00f3n: claves de la reactivaci\u00f3n de la econom\u00eda y el empleo\u2019, que organiza el diario <em>Expansi\u00f3n <\/em>con motivo de su 35 aniversario. En el encuentro, Oliva ha querido poner en valor la importancia de la ciencia como una herramienta fundamental para la reactivaci\u00f3n social y econ\u00f3mica: \u201cHemos puesto el foco en el constante progreso tecnol\u00f3gico, dejando de apreciar el desarrollo cient\u00edfico que este supone e implica\u201d. Por ello, ha se\u00f1alado como aspecto positivo en el \u00faltimo a\u00f1o la revalorizaci\u00f3n social de la ciencia y ha apuntado la necesidad de contar con fondos econ\u00f3micos que permitan esta evoluci\u00f3n: \u201cInvertir en el desarrollo del conocimiento cient\u00edfico es una apuesta segura\u201d.<\/p>\n<blockquote><p>\u00abHemos puesto el foco en el constante progreso tecnol\u00f3gico, dejando de apreciar el desarrollo cient\u00edfico que este supone e implica\u00bb<\/p><\/blockquote>\n<p>En el marco de debate sobre las claves hacia las que se debe encaminar esta recuperaci\u00f3n, el rector ha hecho hincapi\u00e9 en la tarea de coordinar este desarrollo desde una base de conocimiento y rigor. \u201cEs necesario arrojar luz en el \u00e1mbito de la formaci\u00f3n y en la reducci\u00f3n de la brecha digital si pretendemos conseguir una sociedad actualizada y con capacidad para extraer lo mejor de estos recursos\u201d, ha afirmado.<\/p>\n<p><a href=\"https:\/\/www.upo.es\/diario\/wp-content\/uploads\/2021\/05\/dig-2.jpg\"><img loading=\"lazy\" decoding=\"async\" class=\"size-medium wp-image-30866140 alignright\" src=\"https:\/\/www.upo.es\/diario\/wp-content\/uploads\/2021\/05\/dig-2-360x270.jpg\" alt=\"\" width=\"360\" height=\"270\" srcset=\"https:\/\/www.upo.es\/diario\/wp-content\/uploads\/2021\/05\/dig-2-360x270.jpg 360w, https:\/\/www.upo.es\/diario\/wp-content\/uploads\/2021\/05\/dig-2-750x563.jpg 750w, https:\/\/www.upo.es\/diario\/wp-content\/uploads\/2021\/05\/dig-2-768x576.jpg 768w, https:\/\/www.upo.es\/diario\/wp-content\/uploads\/2021\/05\/dig-2-600x450.jpg 600w, https:\/\/www.upo.es\/diario\/wp-content\/uploads\/2021\/05\/dig-2-1536x1152.jpg 1536w, https:\/\/www.upo.es\/diario\/wp-content\/uploads\/2021\/05\/dig-2-1320x990.jpg 1320w, https:\/\/www.upo.es\/diario\/wp-content\/uploads\/2021\/05\/dig-2.jpg 1600w\" sizes=\"auto, (max-width: 360px) 100vw, 360px\" \/><\/a>Asimismo, Oliva ha querido lanzar un mensaje positivo a la comunidad universitaria reconociendo la labor de adaptabilidad que ha llevado a cabo cuando las circunstancias sanitarias la han exigido: \u201cEl sistema universitario andaluz ha mostrado una capacidad de resiliencia en un periodo de tiempo escaso\u201d. En este sentido, ha afirmado que la adaptaci\u00f3n al formato <em>online<\/em> ha supuesto un aprendizaje considerable. \u201cDebemos estudiar el capital de experiencia que hemos adquirido en este tiempo, para as\u00ed poder abarcar las sinergias que nos proporciona la educaci\u00f3n <em>online <\/em>y la presencial\u201d, ha explicado.<\/p>\n<p><a href=\"https:\/\/www.upo.es\/diario\/wp-content\/uploads\/2021\/05\/dig4.jpg\"><img loading=\"lazy\" decoding=\"async\" class=\"size-medium wp-image-30866141 alignright\" src=\"https:\/\/www.upo.es\/diario\/wp-content\/uploads\/2021\/05\/dig4-360x270.jpg\" alt=\"\" width=\"360\" height=\"270\" srcset=\"https:\/\/www.upo.es\/diario\/wp-content\/uploads\/2021\/05\/dig4-360x270.jpg 360w, https:\/\/www.upo.es\/diario\/wp-content\/uploads\/2021\/05\/dig4-750x563.jpg 750w, https:\/\/www.upo.es\/diario\/wp-content\/uploads\/2021\/05\/dig4-768x576.jpg 768w, https:\/\/www.upo.es\/diario\/wp-content\/uploads\/2021\/05\/dig4-600x450.jpg 600w, https:\/\/www.upo.es\/diario\/wp-content\/uploads\/2021\/05\/dig4-1536x1152.jpg 1536w, https:\/\/www.upo.es\/diario\/wp-content\/uploads\/2021\/05\/dig4-1320x990.jpg 1320w, https:\/\/www.upo.es\/diario\/wp-content\/uploads\/2021\/05\/dig4.jpg 1600w\" sizes=\"auto, (max-width: 360px) 100vw, 360px\" \/><\/a>El diario econ\u00f3mico <em>Expansi\u00f3n<\/em> conmemora su 35 aniversario con diferentes actos, entre ellos este ciclo de conferencias que arranc\u00f3 en Catalu\u00f1a el pasado mes de abril y que pr\u00f3ximamente tendr\u00e1 lugar en la Comunidad Valenciana, Comunidad de Madrid y Galicia. En esta edici\u00f3n en Andaluc\u00eda, Francisco Oliva ha participado en la mesa de debate, junto a <strong>Santiago Carb\u00f3<\/strong>, economista de Funcas; <strong>Javier Gonz\u00e1lez de Lara<\/strong>, presidente de la Confederaci\u00f3n de Empresarios de Andaluc\u00eda; <strong>Felipe Romera<\/strong>, presidente del Parque Tecnol\u00f3gico de Andaluc\u00eda; y <strong>Arturo Bernal<\/strong>, consejero delegado de Extenda.<\/p>\n","protected":false},"excerpt":{"rendered":"<p>Francisco Oliva Bl\u00e1zquez, rector de la Universidad Pablo de Olavide, ha participado esta ma\u00f1ana en la mesa de debate \u2018Claves para la recuperaci\u00f3n econ\u00f3mica y social en la regi\u00f3n\u2019 en el ciclo de conferencias \u2018Sostenibilidad y digitalizaci\u00f3n: claves de la reactivaci\u00f3n de la econom\u00eda y el empleo\u2019, que se celebra con motivo del 35 aniversario del diario econ\u00f3mico Expansi\u00f3n. En el encuentro ha querido poner en valor la importancia de la ciencia como una herramienta fundamental para la reactivaci\u00f3n social y econ\u00f3mica: \u201cHemos puesto el foco en el constante progreso tecnol\u00f3gico, dejando de apreciar el desarrollo cient\u00edfico que este supone e implica\u201d. Por ello, ha se\u00f1alado como aspecto positivo en el \u00faltimo a\u00f1o la revalorizaci\u00f3n social de la ciencia y ha apuntado la necesidad de contar con fondos econ\u00f3micos que permitan esta evoluci\u00f3n: \u201cInvertir en el desarrollo del conocimiento cient\u00edfico es una apuesta segura\u201d.<\/p>\n","protected":false},"author":15,"featured_media":30866139,"comment_status":"closed","ping_status":"open","sticky":false,"template":"","format":"standard","meta":{"_monsterinsights_skip_tracking":false,"_monsterinsights_sitenote_active":false,"_monsterinsights_sitenote_note":"","_monsterinsights_sitenote_category":0,"footnotes":""},"categories":[6],"tags":[936,544,2134,7419,4021,7421,7420,38,832],"class_list":["post-30866138","post","type-post","status-publish","format-standard","has-post-thumbnail","hentry","category-institucional","tag-ciclo","tag-conferencias","tag-digitalizacion","tag-expansion","tag-francisco-oliva-blazquez","tag-post-covid","tag-reactivacion-economica","tag-rector","tag-sostenibilidad"],"_links":{"self":[{"href":"https:\/\/www.upo.es\/diario\/wp-json\/wp\/v2\/posts\/30866138","targetHints":{"allow":["GET"]}}],"collection":[{"href":"https:\/\/www.upo.es\/diario\/wp-json\/wp\/v2\/posts"}],"about":[{"href":"https:\/\/www.upo.es\/diario\/wp-json\/wp\/v2\/types\/post"}],"author":[{"embeddable":true,"href":"https:\/\/www.upo.es\/diario\/wp-json\/wp\/v2\/users\/15"}],"replies":[{"embeddable":true,"href":"https:\/\/www.upo.es\/diario\/wp-json\/wp\/v2\/comments?post=30866138"}],"version-history":[{"count":7,"href":"https:\/\/www.upo.es\/diario\/wp-json\/wp\/v2\/posts\/30866138\/revisions"}],"predecessor-version":[{"id":30866208,"href":"https:\/\/www.upo.es\/diario\/wp-json\/wp\/v2\/posts\/30866138\/revisions\/30866208"}],"wp:featuredmedia":[{"embeddable":true,"href":"https:\/\/www.upo.es\/diario\/wp-json\/wp\/v2\/media\/30866139"}],"wp:attachment":[{"href":"https:\/\/www.upo.es\/diario\/wp-json\/wp\/v2\/media?parent=30866138"}],"wp:term":[{"taxonomy":"category","embeddable":true,"href":"https:\/\/www.upo.es\/diario\/wp-json\/wp\/v2\/categories?post=30866138"},{"taxonomy":"post_tag","embeddable":true,"href":"https:\/\/www.upo.es\/diario\/wp-json\/wp\/v2\/tags?post=30866138"}],"curies":[{"name":"wp","href":"https:\/\/api.w.org\/{rel}","templated":true}]}}