{"id":30866234,"date":"2021-05-28T12:08:58","date_gmt":"2021-05-28T10:08:58","guid":{"rendered":"https:\/\/www.upo.es\/diario\/?p=30866234"},"modified":"2021-06-01T10:33:51","modified_gmt":"2021-06-01T08:33:51","slug":"laura-lopez-de-la-cruz-destaca-que-la-universidad-debe-formar-a-personas-flexibles-capaces-de-responder-a-las-profesiones-del-futuro","status":"publish","type":"post","link":"https:\/\/www.upo.es\/diario\/institucional\/2021\/05\/laura-lopez-de-la-cruz-destaca-que-la-universidad-debe-formar-a-personas-flexibles-capaces-de-responder-a-las-profesiones-del-futuro\/","title":{"rendered":"Laura L\u00f3pez de la Cruz destaca que la Universidad debe formar a personas flexibles capaces de responder a las profesiones del futuro"},"content":{"rendered":"<p><a href=\"https:\/\/www.upo.es\/diario\/wp-content\/uploads\/2021\/05\/vicerrectora_aed-e1622196269494.jpg\"><img loading=\"lazy\" decoding=\"async\" class=\"aligncenter wp-image-30866235 size-large\" src=\"https:\/\/www.upo.es\/diario\/wp-content\/uploads\/2021\/05\/vicerrectora_aed-e1622196269494-750x513.jpg\" alt=\"\" width=\"750\" height=\"513\" srcset=\"https:\/\/www.upo.es\/diario\/wp-content\/uploads\/2021\/05\/vicerrectora_aed-e1622196269494-750x513.jpg 750w, https:\/\/www.upo.es\/diario\/wp-content\/uploads\/2021\/05\/vicerrectora_aed-e1622196269494-360x246.jpg 360w, https:\/\/www.upo.es\/diario\/wp-content\/uploads\/2021\/05\/vicerrectora_aed-e1622196269494-768x526.jpg 768w, https:\/\/www.upo.es\/diario\/wp-content\/uploads\/2021\/05\/vicerrectora_aed-e1622196269494-600x411.jpg 600w, https:\/\/www.upo.es\/diario\/wp-content\/uploads\/2021\/05\/vicerrectora_aed-e1622196269494-1536x1052.jpg 1536w, https:\/\/www.upo.es\/diario\/wp-content\/uploads\/2021\/05\/vicerrectora_aed-e1622196269494-1320x904.jpg 1320w, https:\/\/www.upo.es\/diario\/wp-content\/uploads\/2021\/05\/vicerrectora_aed-e1622196269494.jpg 2048w\" sizes=\"auto, (max-width: 750px) 100vw, 750px\" \/><\/a>La vicerrectora de Relaciones Institucionales y Fundaciones de la Universidad Pablo de Olavide, <strong>Laura L\u00f3pez de la Cruz<\/strong>, ha participado esta ma\u00f1ana en la inauguraci\u00f3n de la mesa de di\u00e1logo \u2018Convertir la crisis en oportunidad. La transformaci\u00f3n econ\u00f3mica de Andaluc\u00eda\u2019, un acto organizado por la Asociaci\u00f3n Espa\u00f1ola de Directivos (AED), con la colaboraci\u00f3n de la UPO. La mesa de debate ha contado con la presencia del consejero de Transformaci\u00f3n Econ\u00f3mica, Industria, Conocimiento y Universidades de la Junta de Andaluc\u00eda, <strong>Rogelio Velasco<\/strong>, y el catedr\u00e1tico de Econom\u00eda de la UPO<strong> Jos\u00e9 Mar\u00eda O\u2019Kean<\/strong>. La moderaci\u00f3n ha corrido a cargo de <strong>Enrique Jim\u00e9nez<\/strong>, director del M\u00e1ster en Finanzas y Banca de la UPO y miembro del Consejo de AED Sevilla.<\/p>\n<p>Durante su intervenci\u00f3n, Laura L\u00f3pez de la Cruz ha puesto en valor el papel de la Universidad en este proceso de transformaci\u00f3n econ\u00f3mica y social: \u201cLa Universidad es esencial en cuanto puede preparar y allanar el terreno para construir desde los cimientos m\u00e1s s\u00f3lidos proyectos innovadores y respetuosos con las personas\u201d.<\/p>\n<p>La vicerrectora ha insistido en que la digitalizaci\u00f3n es una piedra angular de la sociedad post-covid pero que debe estar siempre \u201cal servicio de las personas\u201d y ha centrado sus reflexiones en el trabajo de la universidad en la formaci\u00f3n de profesionales capaces de responder a los retos futuros: \u201cLa labor de la universidad reside en formar a profesionales flexibles, que sepan operar en escenarios cambiantes y que sepan aprender a aprender\u201d. En este sentido, ha subrayado que no se trata de formar a profesionales que sepan manejar los conocimientos y las tecnolog\u00edas actuales, sino de \u201cprofesionales que, con una inversi\u00f3n razonable en formaci\u00f3n por parte de las empresas puedan en un corto periodo de tiempo adaptarse y operar con fluidez en escenarios venideros que ni logramos \u00a0\u00a0imaginar\u201d.<\/p>\n<p>Las condiciones en que se va a desarrollar el mercado laboral mundial, las medidas que deben tomarse para lograr el equilibrio entre trabajadores humanos, robots y algoritmos, o la necesidad de evitar el aumento de la brecha digital han sido tambi\u00e9n algunas de las cuestiones apuntadas por la vicerrectora en la apertura de esta mesa de di\u00e1logo.<\/p>\n","protected":false},"excerpt":{"rendered":"<p>La vicerrectora de Relaciones Institucionales y Fundaciones de la Universidad Pablo de Olavide, Laura L\u00f3pez de la Cruz, ha participado esta ma\u00f1ana en la inauguraci\u00f3n de la mesa de di\u00e1logo \u2018Convertir la crisis en oportunidad. La transformaci\u00f3n econ\u00f3mica de Andaluc\u00eda\u2019, un acto organizado por la Asociaci\u00f3n Espa\u00f1ola de Directivos (AED), con la colaboraci\u00f3n de la UPO. La mesa de debate ha contado con la presencia del consejero de Transformaci\u00f3n Econ\u00f3mica, Industria, Conocimiento y Universidades de la Junta de Andaluc\u00eda, Rogelio Velasco, y el catedr\u00e1tico de Econom\u00eda de la UPO Jos\u00e9 Mar\u00eda O\u2019Kean. La moderaci\u00f3n ha corrido a cargo de Enrique Jim\u00e9nez, director del M\u00e1ster en Finanzas y Banca de la UPO y miembro del Consejo de AED Sevilla.<\/p>\n","protected":false},"author":15,"featured_media":30866235,"comment_status":"closed","ping_status":"open","sticky":false,"template":"","format":"standard","meta":{"_monsterinsights_skip_tracking":false,"_monsterinsights_sitenote_active":false,"_monsterinsights_sitenote_note":"","_monsterinsights_sitenote_category":0,"footnotes":""},"categories":[6],"tags":[190,6935,4776,509,7430,1648,7434,7197,7432,7433,7429],"class_list":["post-30866234","post","type-post","status-publish","format-standard","has-post-thumbnail","hentry","category-institucional","tag-andalucia","tag-asociacion-espanola-de-directivos","tag-enrique-jimenez","tag-formacion","tag-jose-maria-okean","tag-laura-lopez-de-la-cruz","tag-mesa-de-dialogo","tag-rogelio-velasco","tag-sociedad-post-covid","tag-transformacion-economica","tag-vicerrectorado-de-relaciones-institucionales-y-fundaciones"],"_links":{"self":[{"href":"https:\/\/www.upo.es\/diario\/wp-json\/wp\/v2\/posts\/30866234","targetHints":{"allow":["GET"]}}],"collection":[{"href":"https:\/\/www.upo.es\/diario\/wp-json\/wp\/v2\/posts"}],"about":[{"href":"https:\/\/www.upo.es\/diario\/wp-json\/wp\/v2\/types\/post"}],"author":[{"embeddable":true,"href":"https:\/\/www.upo.es\/diario\/wp-json\/wp\/v2\/users\/15"}],"replies":[{"embeddable":true,"href":"https:\/\/www.upo.es\/diario\/wp-json\/wp\/v2\/comments?post=30866234"}],"version-history":[{"count":2,"href":"https:\/\/www.upo.es\/diario\/wp-json\/wp\/v2\/posts\/30866234\/revisions"}],"predecessor-version":[{"id":30866237,"href":"https:\/\/www.upo.es\/diario\/wp-json\/wp\/v2\/posts\/30866234\/revisions\/30866237"}],"wp:featuredmedia":[{"embeddable":true,"href":"https:\/\/www.upo.es\/diario\/wp-json\/wp\/v2\/media\/30866235"}],"wp:attachment":[{"href":"https:\/\/www.upo.es\/diario\/wp-json\/wp\/v2\/media?parent=30866234"}],"wp:term":[{"taxonomy":"category","embeddable":true,"href":"https:\/\/www.upo.es\/diario\/wp-json\/wp\/v2\/categories?post=30866234"},{"taxonomy":"post_tag","embeddable":true,"href":"https:\/\/www.upo.es\/diario\/wp-json\/wp\/v2\/tags?post=30866234"}],"curies":[{"name":"wp","href":"https:\/\/api.w.org\/{rel}","templated":true}]}}