{"id":30866354,"date":"2021-05-31T18:39:24","date_gmt":"2021-05-31T16:39:24","guid":{"rendered":"https:\/\/www.upo.es\/diario\/?p=30866354"},"modified":"2021-06-01T10:33:44","modified_gmt":"2021-06-01T08:33:44","slug":"visita-institucional-de-la-caixa","status":"publish","type":"post","link":"https:\/\/www.upo.es\/diario\/institucional\/2021\/05\/visita-institucional-de-la-caixa\/","title":{"rendered":"Visita institucional de La Caixa"},"content":{"rendered":"<figure id=\"attachment_30866355\" aria-describedby=\"caption-attachment-30866355\" style=\"width: 750px\" class=\"wp-caption aligncenter\"><a href=\"https:\/\/www.upo.es\/diario\/wp-content\/uploads\/2021\/05\/caixa_visita-scaled.jpg\"><img loading=\"lazy\" decoding=\"async\" class=\"wp-image-30866355 size-large\" src=\"https:\/\/www.upo.es\/diario\/wp-content\/uploads\/2021\/05\/caixa_visita-scaled-e1622532203275-750x444.jpg\" alt=\"\" width=\"750\" height=\"444\" srcset=\"https:\/\/www.upo.es\/diario\/wp-content\/uploads\/2021\/05\/caixa_visita-scaled-e1622532203275-750x444.jpg 750w, https:\/\/www.upo.es\/diario\/wp-content\/uploads\/2021\/05\/caixa_visita-scaled-e1622532203275-360x213.jpg 360w, https:\/\/www.upo.es\/diario\/wp-content\/uploads\/2021\/05\/caixa_visita-scaled-e1622532203275-768x455.jpg 768w, https:\/\/www.upo.es\/diario\/wp-content\/uploads\/2021\/05\/caixa_visita-scaled-e1622532203275-600x355.jpg 600w, https:\/\/www.upo.es\/diario\/wp-content\/uploads\/2021\/05\/caixa_visita-scaled-e1622532203275-1536x910.jpg 1536w, https:\/\/www.upo.es\/diario\/wp-content\/uploads\/2021\/05\/caixa_visita-scaled-e1622532203275-2048x1213.jpg 2048w, https:\/\/www.upo.es\/diario\/wp-content\/uploads\/2021\/05\/caixa_visita-scaled-e1622532203275-1320x782.jpg 1320w\" sizes=\"auto, (max-width: 750px) 100vw, 750px\" \/><\/a><figcaption id=\"caption-attachment-30866355\" class=\"wp-caption-text\">Francisco Oliva, David Cobos, Manuel Caro y Vivan M. Roncero<\/figcaption><\/figure>\n<p>El rector de la Universidad Pablo de Olavide, <strong>Francisco Oliva<\/strong>, acompa\u00f1ado del vicerrector de Cultura y Pol\u00edticas Sociales, <strong>David Cobos<\/strong>, ha recibido esta ma\u00f1ana la visita del nuevo director de Instituciones de Andaluc\u00eda Occidental y Extremadura de La Caixa, <strong>Manuel Caro<\/strong>, y de la nueva directora de Instituciones en la provincia de Sevilla de la entidad, <strong>Vivian M. Roncero<\/strong>.<\/p>\n<p>Durante el encuentro, y partiendo de la apuesta por reforzar el modelo de campus sostenible, saludable y social que impulsa la Universidad Pablo de Olavide, los representantes de La Caixa y de la UPO\u00a0 han ahondado en las actuales relaciones interinstitucionales y han apuntado posibles sinergias en el \u00e1mbito del emprendimiento, la digitalizaci\u00f3n o la formaci\u00f3n espec\u00edfica en <em>soft skills,<\/em> entre otras cuestiones. Asimismo, han acordado nuevos encuentros en el corto plazo para profundizar en las distintas l\u00edneas de colaboraci\u00f3n existentes.<\/p>\n<p>En materia de formaci\u00f3n permanente, y m\u00e1s en concreto, en el Aula Abierta de Mayores, la relaci\u00f3n entre las dos instituciones se remonta al a\u00f1o 2016 con la apuesta de La Caixa por apoyar este programa universitario que impulsa el Vicerrectorado de Cultura y Pol\u00edticas Sociales de la Universidad. Gracias a esta colaboraci\u00f3n, que repercute de manera muy positiva en el programa en su conjunto y en los Ayuntamientos que participan, se ha garantizado tambi\u00e9n la continuidad de las acciones destinadas a mejorar la calidad de vida y la presencia en la sociedad de las personas mayores.<\/p>\n<p>De manera espec\u00edfica, el apoyo de la entidad bancaria ha permitido respaldar iniciativas novedosas llevadas a cabo durante la pandemia que han podido dar respuesta a las situaciones de aislamiento social o de brecha digital a las que se ha enfrentado este colectivo durante el \u00faltimo a\u00f1o.<\/p>\n","protected":false},"excerpt":{"rendered":"<p>El rector de la Universidad Pablo de Olavide, Francisco Oliva, acompa\u00f1ado del vicerrector de Cultura y Pol\u00edticas Sociales, David Cobos, ha recibido esta ma\u00f1ana la visita del nuevo director de Instituciones de Andaluc\u00eda Occidental y Extremadura de La Caixa, Manuel Caro, y de la nueva directora de Instituciones en la provincia de Sevilla de la entidad, Vivian M. Roncero.<\/p>\n","protected":false},"author":15,"featured_media":30866355,"comment_status":"closed","ping_status":"open","sticky":false,"template":"","format":"standard","meta":{"_monsterinsights_skip_tracking":false,"_monsterinsights_sitenote_active":false,"_monsterinsights_sitenote_note":"","_monsterinsights_sitenote_category":0,"footnotes":""},"categories":[6],"tags":[52,3595,7381,7287,398,7131,297,7439],"class_list":["post-30866354","post","type-post","status-publish","format-standard","has-post-thumbnail","hentry","category-institucional","tag-aula-abierta-de-mayores","tag-david-cobos","tag-francisco-oliva","tag-institucional","tag-la-caixa","tag-manuel-caro","tag-visita","tag-vivian-roncero"],"_links":{"self":[{"href":"https:\/\/www.upo.es\/diario\/wp-json\/wp\/v2\/posts\/30866354","targetHints":{"allow":["GET"]}}],"collection":[{"href":"https:\/\/www.upo.es\/diario\/wp-json\/wp\/v2\/posts"}],"about":[{"href":"https:\/\/www.upo.es\/diario\/wp-json\/wp\/v2\/types\/post"}],"author":[{"embeddable":true,"href":"https:\/\/www.upo.es\/diario\/wp-json\/wp\/v2\/users\/15"}],"replies":[{"embeddable":true,"href":"https:\/\/www.upo.es\/diario\/wp-json\/wp\/v2\/comments?post=30866354"}],"version-history":[{"count":4,"href":"https:\/\/www.upo.es\/diario\/wp-json\/wp\/v2\/posts\/30866354\/revisions"}],"predecessor-version":[{"id":30866459,"href":"https:\/\/www.upo.es\/diario\/wp-json\/wp\/v2\/posts\/30866354\/revisions\/30866459"}],"wp:featuredmedia":[{"embeddable":true,"href":"https:\/\/www.upo.es\/diario\/wp-json\/wp\/v2\/media\/30866355"}],"wp:attachment":[{"href":"https:\/\/www.upo.es\/diario\/wp-json\/wp\/v2\/media?parent=30866354"}],"wp:term":[{"taxonomy":"category","embeddable":true,"href":"https:\/\/www.upo.es\/diario\/wp-json\/wp\/v2\/categories?post=30866354"},{"taxonomy":"post_tag","embeddable":true,"href":"https:\/\/www.upo.es\/diario\/wp-json\/wp\/v2\/tags?post=30866354"}],"curies":[{"name":"wp","href":"https:\/\/api.w.org\/{rel}","templated":true}]}}