{"id":30866487,"date":"2021-06-02T15:02:41","date_gmt":"2021-06-02T13:02:41","guid":{"rendered":"https:\/\/www.upo.es\/diario\/?p=30866487"},"modified":"2021-06-15T09:30:12","modified_gmt":"2021-06-15T07:30:12","slug":"el-inicio-del-curso-academico-2021-2022-de-la-universidad-pablo-de-olavide-se-regira-por-el-principio-de-maxima-presencialidad","status":"publish","type":"post","link":"https:\/\/www.upo.es\/diario\/institucional\/2021\/06\/el-inicio-del-curso-academico-2021-2022-de-la-universidad-pablo-de-olavide-se-regira-por-el-principio-de-maxima-presencialidad\/","title":{"rendered":"El inicio del curso acad\u00e9mico 2021\/2022 de la Universidad Pablo de Olavide se regir\u00e1 por el principio de m\u00e1xima presencialidad"},"content":{"rendered":"<p><a href=\"https:\/\/www.upo.es\/diario\/wp-content\/uploads\/2020\/09\/Comienzo-clases-curso2020-21_1-scaled.jpg\"><img loading=\"lazy\" decoding=\"async\" class=\"aligncenter size-large wp-image-30861727\" src=\"https:\/\/www.upo.es\/diario\/wp-content\/uploads\/2020\/09\/Comienzo-clases-curso2020-21_1-750x422.jpg\" alt=\"\" width=\"750\" height=\"422\" srcset=\"https:\/\/www.upo.es\/diario\/wp-content\/uploads\/2020\/09\/Comienzo-clases-curso2020-21_1-750x422.jpg 750w, https:\/\/www.upo.es\/diario\/wp-content\/uploads\/2020\/09\/Comienzo-clases-curso2020-21_1-360x203.jpg 360w, https:\/\/www.upo.es\/diario\/wp-content\/uploads\/2020\/09\/Comienzo-clases-curso2020-21_1-768x432.jpg 768w, https:\/\/www.upo.es\/diario\/wp-content\/uploads\/2020\/09\/Comienzo-clases-curso2020-21_1-600x338.jpg 600w, https:\/\/www.upo.es\/diario\/wp-content\/uploads\/2020\/09\/Comienzo-clases-curso2020-21_1-1536x864.jpg 1536w, https:\/\/www.upo.es\/diario\/wp-content\/uploads\/2020\/09\/Comienzo-clases-curso2020-21_1-2048x1152.jpg 2048w\" sizes=\"auto, (max-width: 750px) 100vw, 750px\" \/><\/a><\/p>\n<p>&nbsp;<\/p>\n<p>El inicio del pr\u00f3ximo curso acad\u00e9mico de la Universidad Pablo de Olavide se regir\u00e1 por el principio de <strong>m\u00e1xima presencialidad,<\/strong> dentro de los m\u00e1rgenes que establezcan las autoridades sanitarias. Un curso 2021\/2022 cuya docencia <strong>dar\u00e1 comienzo el 20 de septiembre<\/strong>.<\/p>\n<p>Ello implica la impartici\u00f3n de la <strong>docencia de Ense\u00f1anzas B\u00e1sicas<\/strong> <strong>(EB)<\/strong> en <strong>modalidad presencial dual<\/strong>. Para este fin, todas las aulas de docencia tendr\u00e1n instalado un sistema de <strong>docencia dual interactiva<\/strong>, que implica que puedan participar tanto los alumnos desde casa como desde el aula e interactuar entre ellos y con el profesorado, a trav\u00e9s de la instalaci\u00f3n de un sistema de c\u00e1maras, monitores y sonido espec\u00edfico (aulas de aprendizaje dual interactivo).<\/p>\n<p>En lo que se refiere a las <strong>Ense\u00f1anzas Pr\u00e1cticas y Desarrollo (EPD)<\/strong>, desde el Rectorado se est\u00e1 trabajando para <strong>alcanzar la presencialidad del 100%,<\/strong> teniendo en cuenta el n\u00famero reducido de estudiantes en estos grupos.<\/p>\n<p>Para la adopci\u00f3n de estas medidas, junto a la dotaci\u00f3n tecnol\u00f3gica, <strong>se han redise\u00f1ado los horarios<\/strong>, de modo que se agrupan todas las Ense\u00f1anzas B\u00e1sicas en unos determinados d\u00edas de la semana, y las Ense\u00f1anzas Pr\u00e1cticas en otros. La finalidad es asegurar que el estudiante mantenga la misma modalidad docente en una misma jornada.<\/p>\n<p>Este dise\u00f1o de los horarios, junto con la asignaci\u00f3n de espacios docentes, permitir\u00e1 pasar a una modalidad 100% presencial en el momento en que lo autoricen las autoridades sanitarias. En todo caso, <strong>el profesorado desarrollar\u00e1 toda su actividad docente de modo presencial en las aulas desde el inicio del curso.<\/strong> Del mismo modo, <strong>todos los estudiantes tendr\u00e1n actividad presencial al menos varios d\u00edas a la semana<\/strong>.<\/p>\n<p>Los decanos y decanas de las distintas facultades, as\u00ed como el director de la Escuela Polit\u00e9cnica Superior, han sido informados desde el Rectorado sobre las condiciones en que se desarrollar\u00e1 la docencia a partir de septiembre para el nuevo curso 2021\/2022, quienes han manifestado su satisfacci\u00f3n al respecto.<\/p>\n","protected":false},"excerpt":{"rendered":"<p>El inicio del pr\u00f3ximo curso acad\u00e9mico de la Universidad Pablo de Olavide se regir\u00e1 por el principio de m\u00e1xima presencialidad, dentro de los m\u00e1rgenes que establezcan las autoridades sanitarias. Un curso 2021\/2022 cuya docencia dar\u00e1 comienzo el 20 de septiembre.<\/p>\n","protected":false},"author":2,"featured_media":30861727,"comment_status":"closed","ping_status":"open","sticky":false,"template":"","format":"standard","meta":{"_monsterinsights_skip_tracking":false,"_monsterinsights_sitenote_active":false,"_monsterinsights_sitenote_note":"","_monsterinsights_sitenote_category":0,"footnotes":""},"categories":[6],"tags":[862,6601,6618,7441,7442,7443,7444,857,6783],"class_list":["post-30866487","post","type-post","status-publish","format-standard","has-post-thumbnail","hentry","category-institucional","tag-clases","tag-covid-19","tag-crisis-sanitaria","tag-curso-2021-2022","tag-curso-academico","tag-docencia-de-ensenanzas-basicas","tag-ensenanzas-practicas-y-desarrollo","tag-facultades","tag-presencialidad"],"_links":{"self":[{"href":"https:\/\/www.upo.es\/diario\/wp-json\/wp\/v2\/posts\/30866487","targetHints":{"allow":["GET"]}}],"collection":[{"href":"https:\/\/www.upo.es\/diario\/wp-json\/wp\/v2\/posts"}],"about":[{"href":"https:\/\/www.upo.es\/diario\/wp-json\/wp\/v2\/types\/post"}],"author":[{"embeddable":true,"href":"https:\/\/www.upo.es\/diario\/wp-json\/wp\/v2\/users\/2"}],"replies":[{"embeddable":true,"href":"https:\/\/www.upo.es\/diario\/wp-json\/wp\/v2\/comments?post=30866487"}],"version-history":[{"count":1,"href":"https:\/\/www.upo.es\/diario\/wp-json\/wp\/v2\/posts\/30866487\/revisions"}],"predecessor-version":[{"id":30866488,"href":"https:\/\/www.upo.es\/diario\/wp-json\/wp\/v2\/posts\/30866487\/revisions\/30866488"}],"wp:featuredmedia":[{"embeddable":true,"href":"https:\/\/www.upo.es\/diario\/wp-json\/wp\/v2\/media\/30861727"}],"wp:attachment":[{"href":"https:\/\/www.upo.es\/diario\/wp-json\/wp\/v2\/media?parent=30866487"}],"wp:term":[{"taxonomy":"category","embeddable":true,"href":"https:\/\/www.upo.es\/diario\/wp-json\/wp\/v2\/categories?post=30866487"},{"taxonomy":"post_tag","embeddable":true,"href":"https:\/\/www.upo.es\/diario\/wp-json\/wp\/v2\/tags?post=30866487"}],"curies":[{"name":"wp","href":"https:\/\/api.w.org\/{rel}","templated":true}]}}