{"id":30866719,"date":"2021-06-07T14:54:01","date_gmt":"2021-06-07T12:54:01","guid":{"rendered":"https:\/\/www.upo.es\/diario\/?p=30866719"},"modified":"2021-06-09T16:43:18","modified_gmt":"2021-06-09T14:43:18","slug":"la-islamofobia-y-la-creciente-difusion-de-los-discursos-de-odio-en-la-sociedad-se-abordaran-en-un-seminario","status":"publish","type":"post","link":"https:\/\/www.upo.es\/diario\/cursos-verano\/2021\/06\/la-islamofobia-y-la-creciente-difusion-de-los-discursos-de-odio-en-la-sociedad-se-abordaran-en-un-seminario\/","title":{"rendered":"La islamofobia y la creciente difusi\u00f3n de los discursos de odio en la sociedad se abordar\u00e1n en un seminario"},"content":{"rendered":"<p><a href=\"https:\/\/www.upo.es\/diario\/wp-content\/uploads\/2021\/06\/no-hate-2019922_1920.jpg\"><img loading=\"lazy\" decoding=\"async\" class=\"aligncenter size-medium wp-image-30866724\" src=\"https:\/\/www.upo.es\/diario\/wp-content\/uploads\/2021\/06\/no-hate-2019922_1920-360x240.jpg\" alt=\"\" width=\"360\" height=\"240\" srcset=\"https:\/\/www.upo.es\/diario\/wp-content\/uploads\/2021\/06\/no-hate-2019922_1920-360x240.jpg 360w, https:\/\/www.upo.es\/diario\/wp-content\/uploads\/2021\/06\/no-hate-2019922_1920-750x500.jpg 750w, https:\/\/www.upo.es\/diario\/wp-content\/uploads\/2021\/06\/no-hate-2019922_1920-768x512.jpg 768w, https:\/\/www.upo.es\/diario\/wp-content\/uploads\/2021\/06\/no-hate-2019922_1920-600x400.jpg 600w, https:\/\/www.upo.es\/diario\/wp-content\/uploads\/2021\/06\/no-hate-2019922_1920-1536x1024.jpg 1536w, https:\/\/www.upo.es\/diario\/wp-content\/uploads\/2021\/06\/no-hate-2019922_1920-165x109.jpg 165w, https:\/\/www.upo.es\/diario\/wp-content\/uploads\/2021\/06\/no-hate-2019922_1920-1320x880.jpg 1320w, https:\/\/www.upo.es\/diario\/wp-content\/uploads\/2021\/06\/no-hate-2019922_1920.jpg 1920w\" sizes=\"auto, (max-width: 360px) 100vw, 360px\" \/><\/a>La sede Olavide en Carmona acoger\u00e1 los d\u00edas <strong>1 y 2 de julio<\/strong>\u00a0el curso de verano \u2018<a href=\"http:\/\/www.asociacionprensa.org\/images\/2021cc03.pdf\"><strong>Islamofobia<\/strong><\/a><strong> y discurso del odio: hacia una ley integral<\/strong><strong>\u2019<\/strong>, dirigido por Jos\u00e9 Mar\u00eda Contreras Mazar\u00edo, catedr\u00e1tico de Derecho Eclesi\u00e1stico del Estado de la Universidad Pablo de Olavide y Ra\u00fal Gabriel G\u00f3mez S\u00e1nchez, profesor de Derecho Procesal de la UPO, y que podr\u00e1 realizarse tanto en modalidad presencial como <em>online<\/em>.<\/p>\n<p>Los discursos de odio est\u00e1n cada vez m\u00e1s presentes en nuestras sociedades, provocando graves alteraciones tanto en la cohesi\u00f3n social, como en la convivencia diaria. La discriminaci\u00f3n e intolerancia hacia determinados grupos y personas, ya sea por su origen, ya sea por sus creencias o convicciones, unido todo a un proceso de radicalizaci\u00f3n por partes de personas pertenecientes o identificables con concretos o determinados grupos religiosos, hace preciso reflexionar sobre los problemas y las realidades que al efecto se plantean, <em>as\u00ed<\/em> como buscar herramientas para el encuentro y el di\u00e1logo, como instrumento de cohesi\u00f3n social y resoluci\u00f3n de conflictos.<\/p>\n<p>En este sentido, este curso de verano tiene como objetivo abrir un foro de debate y discusi\u00f3n con el fin de fomentar el intercambio de conocimientos, posturas e ideas sobre un tema tan sensible y actual como es la islamofobia y la creciente difusi\u00f3n de discursos de odio a trav\u00e9s de los diferentes medios actualmente disponibles, con una especial referencia a las redes sociales, puesto que su uso las convierten en pr\u00e1cticamente universales y de alcance global.<\/p>\n<p>Articulado trav\u00e9s de conferencias, la ponencia inaugural del curso ser\u00e1 pronunciada por\u00a0<strong>Ana Planet Contreras<\/strong>, profesora titular de \u00c1rabe de la Universidad Aut\u00f3noma de Madrid, quien disertar\u00e1 sobre el \u2018Islam e islamofobia en Espa\u00f1a\u2019, mientras que la clausura correr\u00e1 a cargo de\u00a0<strong>Jos\u00e9 Antonio Valera Gonz\u00e1lez<\/strong>, intendente de la Ertaintza, quien hablar\u00e1 sobre la percepci\u00f3n de las Fuerzas y Cuerpos de Seguridad en el contexto del discurso del odio.<\/p>\n<p>Asimismo, se abordar\u00e1n otros temas como el tratamiento normativo integral del discurso del odio en el contexto internacional; el discurso del odio, la islamofobia y el g\u00e9nero; el posicionamiento y regulaci\u00f3n de la OSCE ante el discurso del odio y otras formas de intolerancia o la investigaci\u00f3n tecnol\u00f3gica de los delitos de odio, entre otros.<\/p>\n<p>Este seminario est\u00e1 patrocinado por la Diputaci\u00f3n de Sevilla, la Fundaci\u00f3n Cajasol y el Instituto Andaluz de la Mujer.<\/p>\n<p>Para m\u00e1s informaci\u00f3n: <a href=\"https:\/\/www.upo.es\/olavideencarmona\/cursos-de-verano\/cursos\/cc05\/\">PROGRAMA<\/a><\/p>\n<p>Para matricularse: <a href=\"https:\/\/www.upo.es\/olavideencarmona\/cursos-de-verano\/automatricula\/\">MATR\u00cdCULA<\/a><\/p>\n<p>&nbsp;<\/p>\n<p>&nbsp;<\/p>\n<p>&nbsp;<\/p>\n","protected":false},"excerpt":{"rendered":"<p>La sede Olavide en Carmona acoger\u00e1 los d\u00edas 1 y 2 de julio\u00a0el curso de verano \u2018Islamofobia y discurso del odio: hacia una ley integral\u2019, dirigido por Jos\u00e9 Mar\u00eda Contreras Mazar\u00edo, catedr\u00e1tico de Derecho Eclesi\u00e1stico del Estado de la Universidad Pablo de Olavide y Ra\u00fal Gabriel G\u00f3mez S\u00e1nchez, profesor de Derecho Procesal de la UPO, y que podr\u00e1 realizarse tanto en modalidad presencial como online.<\/p>\n","protected":false},"author":15,"featured_media":30866724,"comment_status":"closed","ping_status":"open","sticky":false,"template":"","format":"standard","meta":{"_monsterinsights_skip_tracking":false,"_monsterinsights_sitenote_active":false,"_monsterinsights_sitenote_note":"","_monsterinsights_sitenote_category":0,"footnotes":""},"categories":[729],"tags":[7456,7457,7455,7458,7459,78],"class_list":["post-30866719","post","type-post","status-publish","format-standard","has-post-thumbnail","hentry","category-cursos-verano","tag-cursos-de-verano-de-carmona","tag-discurso-del-odio","tag-islamofobia","tag-jose-maria-contreras","tag-ley-integral","tag-seminario"],"_links":{"self":[{"href":"https:\/\/www.upo.es\/diario\/wp-json\/wp\/v2\/posts\/30866719","targetHints":{"allow":["GET"]}}],"collection":[{"href":"https:\/\/www.upo.es\/diario\/wp-json\/wp\/v2\/posts"}],"about":[{"href":"https:\/\/www.upo.es\/diario\/wp-json\/wp\/v2\/types\/post"}],"author":[{"embeddable":true,"href":"https:\/\/www.upo.es\/diario\/wp-json\/wp\/v2\/users\/15"}],"replies":[{"embeddable":true,"href":"https:\/\/www.upo.es\/diario\/wp-json\/wp\/v2\/comments?post=30866719"}],"version-history":[{"count":1,"href":"https:\/\/www.upo.es\/diario\/wp-json\/wp\/v2\/posts\/30866719\/revisions"}],"predecessor-version":[{"id":30866726,"href":"https:\/\/www.upo.es\/diario\/wp-json\/wp\/v2\/posts\/30866719\/revisions\/30866726"}],"wp:featuredmedia":[{"embeddable":true,"href":"https:\/\/www.upo.es\/diario\/wp-json\/wp\/v2\/media\/30866724"}],"wp:attachment":[{"href":"https:\/\/www.upo.es\/diario\/wp-json\/wp\/v2\/media?parent=30866719"}],"wp:term":[{"taxonomy":"category","embeddable":true,"href":"https:\/\/www.upo.es\/diario\/wp-json\/wp\/v2\/categories?post=30866719"},{"taxonomy":"post_tag","embeddable":true,"href":"https:\/\/www.upo.es\/diario\/wp-json\/wp\/v2\/tags?post=30866719"}],"curies":[{"name":"wp","href":"https:\/\/api.w.org\/{rel}","templated":true}]}}