{"id":30866733,"date":"2021-06-08T15:26:55","date_gmt":"2021-06-08T13:26:55","guid":{"rendered":"https:\/\/www.upo.es\/diario\/?p=30866733"},"modified":"2021-06-11T11:04:18","modified_gmt":"2021-06-11T09:04:18","slug":"el-i-congreso-de-deporte-y-actividad-fisica-ciudad-de-sevilla-comienza-el-proximo-jueves-centrado-en-la-gestion-del-covid-19","status":"publish","type":"post","link":"https:\/\/www.upo.es\/diario\/docencia-formacion\/2021\/06\/el-i-congreso-de-deporte-y-actividad-fisica-ciudad-de-sevilla-comienza-el-proximo-jueves-centrado-en-la-gestion-del-covid-19\/","title":{"rendered":"El I Congreso de Deporte y Actividad F\u00edsica Ciudad de Sevilla comienza el pr\u00f3ximo jueves centrado en la gesti\u00f3n del Covid-19"},"content":{"rendered":"<figure id=\"attachment_30866735\" aria-describedby=\"caption-attachment-30866735\" style=\"width: 750px\" class=\"wp-caption aligncenter\"><a href=\"https:\/\/www.upo.es\/diario\/wp-content\/uploads\/2021\/06\/Congreso-CODES_3.jpg\"><img loading=\"lazy\" decoding=\"async\" class=\"wp-image-30866735 size-large\" src=\"https:\/\/www.upo.es\/diario\/wp-content\/uploads\/2021\/06\/Congreso-CODES_3-e1623158695855-750x440.jpg\" alt=\"Presentaci\u00f3n de CODES 21 en el Ayuntamiento de Sevilla\" width=\"750\" height=\"440\" srcset=\"https:\/\/www.upo.es\/diario\/wp-content\/uploads\/2021\/06\/Congreso-CODES_3-e1623158695855-750x440.jpg 750w, https:\/\/www.upo.es\/diario\/wp-content\/uploads\/2021\/06\/Congreso-CODES_3-e1623158695855-360x211.jpg 360w, https:\/\/www.upo.es\/diario\/wp-content\/uploads\/2021\/06\/Congreso-CODES_3-e1623158695855-768x451.jpg 768w, https:\/\/www.upo.es\/diario\/wp-content\/uploads\/2021\/06\/Congreso-CODES_3-e1623158695855-600x352.jpg 600w, https:\/\/www.upo.es\/diario\/wp-content\/uploads\/2021\/06\/Congreso-CODES_3-e1623158695855-1536x902.jpg 1536w, https:\/\/www.upo.es\/diario\/wp-content\/uploads\/2021\/06\/Congreso-CODES_3-e1623158695855-1320x775.jpg 1320w, https:\/\/www.upo.es\/diario\/wp-content\/uploads\/2021\/06\/Congreso-CODES_3-e1623158695855.jpg 1800w\" sizes=\"auto, (max-width: 750px) 100vw, 750px\" \/><\/a><figcaption id=\"caption-attachment-30866735\" class=\"wp-caption-text\">Presentaci\u00f3n de CODES 21 en el Ayuntamiento de Sevilla<\/figcaption><\/figure>\n<p>La I edici\u00f3n del <strong><a href=\"https:\/\/www.congresodeportesevilla.com\/\">Congreso de Deporte y Actividad F\u00edsica \u201cCiudad de Sevilla\u201d (CODES 21)<\/a> <\/strong>dar\u00e1 comienzo el pr\u00f3ximo <strong>jueves 10 de junio en FIBES a las 9 horas<\/strong>. Dedicado en esta primera edici\u00f3n al escenario planteado por la irrupci\u00f3n del Covid-19 en la gesti\u00f3n deportiva, <strong>el Congreso podr\u00e1 seguirse <em>online<\/em> durante los d\u00edas 10 y 11 de junio y ha sido organizado por el Ayuntamiento de Sevilla y la Universidad Pablo de Olavide<\/strong>.<\/p>\n<p>CODES 21 es una cita acad\u00e9mico-profesional que pretende resaltar la importancia del deporte para la salud, al tiempo que fomentar la pr\u00e1ctica deportiva y la actividad econ\u00f3mica y el empleo asociados a la misma. El delegado de H\u00e1bitat Urbano, Cultura y Turismo, Antonio Mu\u00f1oz; el vicerrector de Campus Saludable y Deporte de la UPO,<strong> Antonio Fern\u00e1ndez<\/strong>; y el presidente del CODES 21, <strong>David Blanco<\/strong>, han presentado hoy los detalles de este congreso virtual y han manifestado su compromiso de trabajar conjuntamente para que las ediciones posteriores sean ya de car\u00e1cter presencial.<\/p>\n<p>El I Congreso de Deporte y Actividad F\u00edsica \u201cCiudad de Sevilla\u201d cuenta con la <strong>direcci\u00f3n cient\u00edfica de la UPO<\/strong> y en esta primera edici\u00f3n colaboran tambi\u00e9n la Junta de Andaluc\u00eda y la Diputaci\u00f3n de Sevilla. <strong>En su programa se combinan sesiones formativas y actividades l\u00fadico deportivas<\/strong>, con 21 ponentes procedentes de varias universidades espa\u00f1olas (UPO, Sevilla, Castilla-La Mancha, Loyola de Andaluc\u00eda, C\u00e1diz y Extremadura) y de la colombiana de Tolima, de las administraciones p\u00fablicas local, provincial y regional, profesionales de fisioterapia y otros expertos en la prestaci\u00f3n de servicios deportivos.<\/p>\n<p><a href=\"https:\/\/www.upo.es\/diario\/wp-content\/uploads\/2021\/06\/Congreso-CODES_4.jpg\"><img loading=\"lazy\" decoding=\"async\" class=\"alignright size-medium wp-image-30866738\" src=\"https:\/\/www.upo.es\/diario\/wp-content\/uploads\/2021\/06\/Congreso-CODES_4-360x270.jpg\" alt=\"Antonio Fern\u00e1ndez durante la presentaci\u00f3n de CODES 21\" width=\"360\" height=\"270\" srcset=\"https:\/\/www.upo.es\/diario\/wp-content\/uploads\/2021\/06\/Congreso-CODES_4-360x270.jpg 360w, https:\/\/www.upo.es\/diario\/wp-content\/uploads\/2021\/06\/Congreso-CODES_4-750x563.jpg 750w, https:\/\/www.upo.es\/diario\/wp-content\/uploads\/2021\/06\/Congreso-CODES_4-768x576.jpg 768w, https:\/\/www.upo.es\/diario\/wp-content\/uploads\/2021\/06\/Congreso-CODES_4-600x450.jpg 600w, https:\/\/www.upo.es\/diario\/wp-content\/uploads\/2021\/06\/Congreso-CODES_4-1536x1152.jpg 1536w, https:\/\/www.upo.es\/diario\/wp-content\/uploads\/2021\/06\/Congreso-CODES_4-1320x990.jpg 1320w, https:\/\/www.upo.es\/diario\/wp-content\/uploads\/2021\/06\/Congreso-CODES_4.jpg 1800w\" sizes=\"auto, (max-width: 360px) 100vw, 360px\" \/><\/a>\u201cEstamos ante un proyecto ilusionante. Un congreso que nace con el \u00e1nimo de consolidarse en nuestra ciudad para abordar, desde una perspectiva cient\u00edfica y profesional, los problemas que puedan existir en torno al deporte y a la actividad f\u00edsica. Esta primera edici\u00f3n era l\u00f3gico dedicarla a los problemas acarreados por la pandemia de la COVID-19, c\u00f3mo la han afrontado los deportistas y la sociedad en general. El deporte ha sido parte de la soluci\u00f3n, ha contribuido sin duda a mejorar la calidad de vida en esta dif\u00edcil situaci\u00f3n. La soluci\u00f3n ha estado en la ciencia y la investigaci\u00f3n. Y, por ello, hay que darle un impulso definitivo a la ciencia, a la investigaci\u00f3n y a la pr\u00e1ctica deportiva\u201d, ha comentado <strong>Antonio Fern\u00e1ndez<\/strong> en la presentaci\u00f3n de CODES 21, subrayando que la UPO tiene un firme compromiso por fomentar \u201clos h\u00e1bitos saludables y una sociedad sostenible, donde el deporte va a jugar un papel esencial\u201d.<\/p>\n<p>Por su parte, el director del CODES 21 ha comentado el car\u00e1cter \u201cpionero\u201d de este congreso, al tiempo que ha considerado que esta pandemia ha demostrado m\u00e1s que nunca que el deporte es una actividad esencial y, por tanto, esenciales son sus profesionales. \u201cEl deporte es, adem\u00e1s, una herramienta de reconstrucci\u00f3n social, econ\u00f3mica y laboral\u201d, ha abundado <strong>David Blanco<\/strong>.<\/p>\n<p>Por \u00faltimo, el delegado de H\u00e1bitat Urbano, Cultura y Turismo, <strong>Antonio Mu\u00f1oz<\/strong>, ha destacado la creciente labor de promoci\u00f3n de Sevilla como ciudad del deporte, y los congresos que asocian deporte, salud y medicina est\u00e1n dentro \u2013ha dicho\u2013 de esa estrategia municipal. De hecho, el <strong>CODES 21 ser\u00e1 antesala del vig\u00e9simo quinto congreso del European College of Sport Science<\/strong> (ECSS-Colegio Europeo de Ciencias del Deporte), cuya sede en 2022 ser\u00e1 FIBES, donde se congregar\u00e1n 3.000 investigadores y expertos en Ciencias del Deporte de medio centenar de pa\u00edses.<\/p>\n<p>El congreso est\u00e1 dirigido preferentemente a graduados en Ciencias de la Actividad F\u00edsica y el Deporte, gestores y t\u00e9cnicos deportivos, federaciones deportivas, clubes deportivos y sus deportistas, profesores de educaci\u00f3n f\u00edsica, profesionales del fitness y wellness, alumnos y alumnas de TEASD (T\u00e9cnico Superior en Ense\u00f1anza y Animaci\u00f3n Sociodeportiva) y TSAF (Acondicionamiento F\u00edsico) y empresarios de instalaciones y equipamientos deportivos, as\u00ed como amantes de deporte en general.<\/p>\n<p>M\u00e1s informaci\u00f3n e inscripciones en <a href=\"http:\/\/www.congresodeportesevilla.com\">www.congresodeportesevilla.com<\/a><\/p>\n","protected":false},"excerpt":{"rendered":"<p>Presentado CODES 21, primera edici\u00f3n de un congreso para impulsar la ciencia, la investigaci\u00f3n, la salud y la econom\u00eda vinculadas a la pr\u00e1ctica deportiva organizado por el Ayuntamiento de Sevilla y la Universidad Pablo de Olavide.<\/p>\n","protected":false},"author":6,"featured_media":30866735,"comment_status":"closed","ping_status":"open","sticky":false,"template":"","format":"standard","meta":{"_monsterinsights_skip_tracking":false,"_monsterinsights_sitenote_active":false,"_monsterinsights_sitenote_note":"","_monsterinsights_sitenote_category":0,"footnotes":""},"categories":[2779],"tags":[7428,621,1990,354,541,5020,7253],"class_list":["post-30866733","post","type-post","status-publish","format-standard","has-post-thumbnail","hentry","category-docencia-formacion","tag-antonio-fernandez-martinez","tag-ayuntamiento-de-sevilla","tag-ciencias-del-deporte","tag-congreso","tag-deporte","tag-fibes","tag-vicerrectorado-de-campus-saludable-y-deporte"],"_links":{"self":[{"href":"https:\/\/www.upo.es\/diario\/wp-json\/wp\/v2\/posts\/30866733","targetHints":{"allow":["GET"]}}],"collection":[{"href":"https:\/\/www.upo.es\/diario\/wp-json\/wp\/v2\/posts"}],"about":[{"href":"https:\/\/www.upo.es\/diario\/wp-json\/wp\/v2\/types\/post"}],"author":[{"embeddable":true,"href":"https:\/\/www.upo.es\/diario\/wp-json\/wp\/v2\/users\/6"}],"replies":[{"embeddable":true,"href":"https:\/\/www.upo.es\/diario\/wp-json\/wp\/v2\/comments?post=30866733"}],"version-history":[{"count":4,"href":"https:\/\/www.upo.es\/diario\/wp-json\/wp\/v2\/posts\/30866733\/revisions"}],"predecessor-version":[{"id":30866810,"href":"https:\/\/www.upo.es\/diario\/wp-json\/wp\/v2\/posts\/30866733\/revisions\/30866810"}],"wp:featuredmedia":[{"embeddable":true,"href":"https:\/\/www.upo.es\/diario\/wp-json\/wp\/v2\/media\/30866735"}],"wp:attachment":[{"href":"https:\/\/www.upo.es\/diario\/wp-json\/wp\/v2\/media?parent=30866733"}],"wp:term":[{"taxonomy":"category","embeddable":true,"href":"https:\/\/www.upo.es\/diario\/wp-json\/wp\/v2\/categories?post=30866733"},{"taxonomy":"post_tag","embeddable":true,"href":"https:\/\/www.upo.es\/diario\/wp-json\/wp\/v2\/tags?post=30866733"}],"curies":[{"name":"wp","href":"https:\/\/api.w.org\/{rel}","templated":true}]}}