{"id":30866748,"date":"2021-06-09T13:20:37","date_gmt":"2021-06-09T11:20:37","guid":{"rendered":"https:\/\/www.upo.es\/diario\/?p=30866748"},"modified":"2021-06-23T10:57:26","modified_gmt":"2021-06-23T08:57:26","slug":"dos-actuaciones-inician-manana-la-programacion-cultura-minima-2021-de-la-universidad-pablo-de-olavide","status":"publish","type":"post","link":"https:\/\/www.upo.es\/diario\/cultura\/2021\/06\/dos-actuaciones-inician-manana-la-programacion-cultura-minima-2021-de-la-universidad-pablo-de-olavide\/","title":{"rendered":"Dos actuaciones inician la programaci\u00f3n \u2018Cultura M\u00ednima\u2019 2021 de la Universidad Pablo de Olavide"},"content":{"rendered":"<p><iframe loading=\"lazy\" title=\"YouTube video player\" src=\"https:\/\/www.youtube.com\/embed\/NW1KTgrMJ0A\" width=\"560\" height=\"315\" frameborder=\"0\" allowfullscreen=\"allowfullscreen\"><\/iframe><\/p>\n<p>\u2018Cultura M\u00ednima\u2019, la programaci\u00f3n cultural de la Universidad Pablo de Olavide para artistas emergentes, cuenta este a\u00f1o con <strong>nueve propuestas que podr\u00e1n verse desde ma\u00f1ana jueves 10 de junio y hasta el 29 de julio, cada jueves en el canal YouTube de la Universidad<\/strong>. As\u00ed, ma\u00f1ana comienza el programa de Cultura M\u00ednima 2021 con dos espect\u00e1culos que ser\u00e1n estrenados a las 18 horas: la pieza de danza <a href=\"https:\/\/youtu.be\/fxgCq0WqY_4\">\u2018INPUT OUTPUT\u2019<\/a> de Luc\u00eda Bocanegra y Hartta (Benji Sancho Talbot) y el concierto del Coro de la UPO titulado <a href=\"https:\/\/youtu.be\/0RFtgMS20Xs\">\u2018Allelujah!\u2019<\/a>.<\/p>\n<figure id=\"attachment_30866749\" aria-describedby=\"caption-attachment-30866749\" style=\"width: 360px\" class=\"wp-caption alignright\"><img loading=\"lazy\" decoding=\"async\" class=\"size-medium wp-image-30866749\" src=\"https:\/\/www.upo.es\/diario\/wp-content\/uploads\/2021\/06\/INPUT_OUTPUT2-360x241.jpg\" alt=\"INPUT OUTPUT de Luc\u00eda Bocanegra\" width=\"360\" height=\"241\" srcset=\"https:\/\/www.upo.es\/diario\/wp-content\/uploads\/2021\/06\/INPUT_OUTPUT2-360x241.jpg 360w, https:\/\/www.upo.es\/diario\/wp-content\/uploads\/2021\/06\/INPUT_OUTPUT2-750x501.jpg 750w, https:\/\/www.upo.es\/diario\/wp-content\/uploads\/2021\/06\/INPUT_OUTPUT2-768x513.jpg 768w, https:\/\/www.upo.es\/diario\/wp-content\/uploads\/2021\/06\/INPUT_OUTPUT2-600x401.jpg 600w, https:\/\/www.upo.es\/diario\/wp-content\/uploads\/2021\/06\/INPUT_OUTPUT2-1536x1027.jpg 1536w, https:\/\/www.upo.es\/diario\/wp-content\/uploads\/2021\/06\/INPUT_OUTPUT2-165x109.jpg 165w, https:\/\/www.upo.es\/diario\/wp-content\/uploads\/2021\/06\/INPUT_OUTPUT2-1320x882.jpg 1320w, https:\/\/www.upo.es\/diario\/wp-content\/uploads\/2021\/06\/INPUT_OUTPUT2.jpg 1616w\" sizes=\"auto, (max-width: 360px) 100vw, 360px\" \/><figcaption id=\"caption-attachment-30866749\" class=\"wp-caption-text\">INPUT OUTPUT de Luc\u00eda Bocanegra<\/figcaption><\/figure>\n<p>La programaci\u00f3n de este a\u00f1o ha sido seleccionada de entre 34 propuestas que concurrieron para participar en la convocatoria 2021. <strong>\u2018Cultura M\u00ednima\u2019 trata cada curso de impulsar desde la Universidad el trabajo de artistas y creadores emergentes locales y provenientes de la comunidad universitaria<\/strong>. Bajo la coordinaci\u00f3n del Servicio de Extensi\u00f3n Cultural de la UPO, facilita el escenario, una ayuda econ\u00f3mica y apoyo t\u00e9cnico para que desarrollen su propuesta cultural en el campus.<\/p>\n<figure id=\"attachment_30866752\" aria-describedby=\"caption-attachment-30866752\" style=\"width: 360px\" class=\"wp-caption alignright\"><a href=\"https:\/\/www.upo.es\/diario\/wp-content\/uploads\/2021\/06\/CORO-UPO3.jpg\"><img loading=\"lazy\" decoding=\"async\" class=\"wp-image-30866752 size-medium\" src=\"https:\/\/www.upo.es\/diario\/wp-content\/uploads\/2021\/06\/CORO-UPO3-360x241.jpg\" alt=\"ALLELUJAH! - Coro de la UPO \" width=\"360\" height=\"241\" srcset=\"https:\/\/www.upo.es\/diario\/wp-content\/uploads\/2021\/06\/CORO-UPO3-360x241.jpg 360w, https:\/\/www.upo.es\/diario\/wp-content\/uploads\/2021\/06\/CORO-UPO3-750x501.jpg 750w, https:\/\/www.upo.es\/diario\/wp-content\/uploads\/2021\/06\/CORO-UPO3-768x513.jpg 768w, https:\/\/www.upo.es\/diario\/wp-content\/uploads\/2021\/06\/CORO-UPO3-600x401.jpg 600w, https:\/\/www.upo.es\/diario\/wp-content\/uploads\/2021\/06\/CORO-UPO3-1536x1027.jpg 1536w, https:\/\/www.upo.es\/diario\/wp-content\/uploads\/2021\/06\/CORO-UPO3-165x109.jpg 165w, https:\/\/www.upo.es\/diario\/wp-content\/uploads\/2021\/06\/CORO-UPO3-1320x882.jpg 1320w, https:\/\/www.upo.es\/diario\/wp-content\/uploads\/2021\/06\/CORO-UPO3.jpg 1616w\" sizes=\"auto, (max-width: 360px) 100vw, 360px\" \/><\/a><figcaption id=\"caption-attachment-30866752\" class=\"wp-caption-text\">\u2018Allelujah!\u2019 por el Coro de la UPO<\/figcaption><\/figure>\n<p>Debido a las restricciones sanitarias y de aforo, muy limitantes en el momento de la convocatoria, la programaci\u00f3n de este a\u00f1o ha sido grabada y ser\u00e1 difundida a trav\u00e9s del canal YouTube de la UPO, estando disponible durante un mes tras la fecha de su estreno. Como apunta <strong>David Cobos, vicerrector de Cultura y Pol\u00edticas Sociales<\/strong> de la Universidad Pablo de Olavide, a pesar de los problemas \u201cten\u00edamos que continuar, por el compromiso con la comunidad universitaria y la ciudad de Sevilla, y por aportar nuestro granito de arena en la construcci\u00f3n y la recuperaci\u00f3n del sector cultural, porque se lo merecen nuestros artistas y los trabajadores y trabajadoras de la cultura\u201d.<\/p>\n<p>En total, nueve propuestas de artistas locales que incluyen <strong>m\u00fasica de diversos g\u00e9neros, danza, teatro, <em>performance<\/em> o divulgaci\u00f3n cient\u00edfica y que podr\u00e1n verse desde las 18 horas del jueves 10 de junio<\/strong>, en el <a href=\"https:\/\/www.youtube.com\/playlist?list=PLA7D8B28FEFE91A4C\">canal YouTube de la Universidad Pablo de Olavide<\/a>.<\/p>\n<hr \/>\n<p><strong><u>PROGRAMA CULTURA M\u00cdNIMA 2021<\/u><\/strong><strong>:<\/strong><\/p>\n<p><strong>10 de junio &#8211; <em>INPUT OUTPUT<\/em> de Luc\u00eda Bocanegra y Hartta (Benji Sancho Talbot)\u00a0<\/strong><\/p>\n<p>Luc\u00eda Bocanegra, artista sevillana formada en Descalzinha Danza (Madrid), en el Centro Andaluz de Danza y CDP Antonio Ruiz Soler, de Sevilla. La m\u00fasica de Hartta se caracteriza por un sonido profundo y ambiental que es a su vez contundente y pesado; parte fundamental en el espect\u00e1culo. <em>INPUT OUTPUT<\/em> es una pieza de danza contempor\u00e1nea y m\u00fasica experimental, que cuestiona las pautas de comportamiento de una mujer. Pone al descubierto sus pensamientos m\u00e1s ocultos, personificando los conflictos de diferentes mujeres y destapando as\u00ed, el combate con su propia identidad.<br \/>\n<iframe loading=\"lazy\" title=\"YouTube video player\" src=\"https:\/\/www.youtube.com\/embed\/fxgCq0WqY_4\" width=\"560\" height=\"315\" frameborder=\"0\" allowfullscreen=\"allowfullscreen\"><\/iframe><\/p>\n<p><strong>10 de junio &#8211; <em>ALLELUJAH!<\/em> &#8211; Coro de la UPO<\/strong><\/p>\n<p>El Coro de la UPO lleva a cabo un trabajo de formaci\u00f3n e interpretaci\u00f3n coral, con Jorge Rodr\u00edguez Morata, como director musical, y Miguel Rodr\u00edguez Rodr\u00edguez, como director art\u00edstico.\u00a0 <em>Allelujah!<\/em> es un grito de esperanza al 2021, un acercamiento a la m\u00fasica ic\u00f3nica de nuestra cultura en la que diferentes generaciones, razas o creencias daban gracias por haber vencido cualquier desgracia.<br \/>\n<iframe loading=\"lazy\" title=\"YouTube video player\" src=\"https:\/\/www.youtube.com\/embed\/0RFtgMS20Xs\" width=\"560\" height=\"315\" frameborder=\"0\" allowfullscreen=\"allowfullscreen\"><\/iframe><\/p>\n<p><strong>17 de junio &#8211; <em>MIRAR<\/em> de SALAMANDRA TEATRO SOCIAL <\/strong><\/p>\n<p>SalamandrA es una compa\u00f1\u00eda andaluza e independiente de teatro que lleva lo social a la cultura y la cultura a lo social. En su obra <em>MIRAR<\/em>, Carla sospecha que su pareja le est\u00e1 <em>hackeando<\/em> el <em>guasap<\/em>. A Sergio lo \u00fanico que le apetece estar los dos juntos, solos. Por su parte Carla desea que la discusi\u00f3n acabe y que todo vuelva a ser como antes&#8230; o como nunca fue, m\u00e1s all\u00e1 de la imagen de pareja ideal compartida en redes&#8230;<\/p>\n<p><iframe loading=\"lazy\" title=\"YouTube video player\" src=\"https:\/\/www.youtube.com\/embed\/5pFmcqhVyRk\" width=\"560\" height=\"315\" frameborder=\"0\" allowfullscreen=\"allowfullscreen\"><\/iframe><\/p>\n<p><strong>24 de junio &#8211; <em>KING NEVER CROWNED<\/em> de MOTHER MINE <\/strong><\/p>\n<p>Mother Mine! Es el nombre de un grupo de tres artistas que surge en 2015 bajo la formaci\u00f3n de Francisco Jos\u00e9 Ayala a la bater\u00eda, Jes\u00fas Moreno \u201cGrave\u201d al bajo y Alejandro Mart\u00edn a la guitarra y la voz. Presentar\u00e1n su disco \u201cKing Never Crowned\u201d, con el que buscan sensibilizar sobre la leucemia y convertir a los oyentes en agentes de cambio contribuyendo con la compra y\/o difusi\u00f3n del disco. Su objetivo es aportar no solo m\u00fasica, sino toda la esencia que en particular pesa sobre este disco.<br \/>\n<iframe loading=\"lazy\" title=\"YouTube video player\" src=\"https:\/\/www.youtube.com\/embed\/kAmfnynyspE\" width=\"560\" height=\"315\" frameborder=\"0\" allowfullscreen=\"allowfullscreen\"><\/iframe><\/p>\n<p><strong>1 de julio &#8211;<\/strong> <strong>SOC&amp;BEER. CIENCIA Y RITMO FRENTE A LOS BULOS Y FALSAS NOTICIAS por Luis Navarro y \u00d1ato M\u00e9ndez<\/strong><\/p>\n<p>Luis Navarro es profesor del departamento de sociolog\u00eda de la Universidad Pablo de Olavide y \u00d1ato M\u00e9ndez (Xabier Mail\u00e1n) es cineasta, m\u00fasico, poeta, activista rural. Con el espect\u00e1culo \u2018Soc&amp;beer: divulgar en el bar\u2019 se pretende mostrar una original forma de difundir resultados de investigaciones en sociolog\u00eda, devolviendo el conocimiento a la sociedad en su sentido m\u00e1s amplio, desde perspectivas novedosas. Un original espect\u00e1culo con m\u00fasica y voz en directo.<\/p>\n<p><strong>8 de julio &#8211; <em>CULTO A LA ABUNDANCIA<\/em> de TEATRO DEL GALLINERO <\/strong><\/p>\n<p>Teatro del Gallinero es una compa\u00f1\u00eda de teatro independiente andaluza que defiende la conexi\u00f3n del hecho dram\u00e1tico con lo popular y el tiempo social que vivimos. Con <em>Culto a la Abundancia<\/em> asistimos a un ministerio del Culto a Mammon (Dios de la riqueza) conducido por un pastor extra\u00f1o; como nuevos miembros de la iglesia nos dan la bienvenida, nos bautizan, bailamos, cantamos, exorcizan nuestros demonios hasta que\u2026<\/p>\n<p><strong>15 de julio &#8211; NEUROT\u00cdMICO de Santiago Rivera <\/strong><\/p>\n<p>Santiago Rivera, actor, graduado de la Escuela Superior de Arte Dram\u00e1tico de Sevilla. Inicia su andadura en el campo de la creaci\u00f3n art\u00edstica con estudios musicales; posteriormente comienza a formarse en el campo actoral en \u2018La Escalera Teatro\u2019, aula de Artes Esc\u00e9nicas de la UPO. Acaba de iniciar su propio proyecto, Proyecto Solitas. <em>Neurot\u00edmico<\/em> surge de textos propios, una obra que busca mirar a los ojos a cada una de las personas que decidan \u2018compartir el momento\u2019. Un momento espectador-actor, de comunicaci\u00f3n, de compartir y, sobre todo, de empat\u00eda.<\/p>\n<p><strong>22 de julio &#8211; <em>CHICA F\u00c1BRICA &#8211; NEURONAS RAQU\u00cdTICAS<\/em> de Marta S\u00e1nchez Ortega\u00a0 <\/strong><\/p>\n<p>Marta S. Ortega se form\u00f3 como actriz, locutora y actriz de doblaje y ha trabajado en producci\u00f3n, regidur\u00eda de espect\u00e1culos, composici\u00f3n musical, como cantante, actriz y t\u00e9cnica audiovisual. El hilo conductor de este espect\u00e1culo es una f\u00e1brica de mujeres que son m\u00e1s maquinaria que personas, al servicio de una \u201cproducci\u00f3n\u201d que remueve la conciencia del espectador. <em>Chica F\u00e1brica<\/em> no es teatro, ni un concierto, ni una performance, ni cine, ni una sesi\u00f3n de Dj o Vj, \u00bfo s\u00ed?<\/p>\n<p><strong>29 de julio &#8211; ALGARAB\u00cdA MEDITERR\u00c1NEA y QASIDA ORIENTAL de MASHRABIYA M\u00daSICA<\/strong><\/p>\n<p>Mashrabiya es una agrupaci\u00f3n conformada por Carmen Fern\u00e1ndez, violonchelista; \u00d3scar Acedo, percusi\u00f3n y clarinete; y Chiqui Garc\u00eda, guitarra cl\u00e1sica y flamenca. Esta formaci\u00f3n interpreta piezas de Al-Andalus, provenientes de Turqu\u00eda o Grecia, maqamat o el arte de la improvisaci\u00f3n mel\u00f3dica y cantos de amor persa.<\/p>\n","protected":false},"excerpt":{"rendered":"<p>\u2018Cultura M\u00ednima\u2019, la programaci\u00f3n cultural de la Universidad Pablo de Olavide para artistas emergentes, cuenta este a\u00f1o con nueve propuestas que podr\u00e1n verse desde ma\u00f1ana jueves 10 de junio y hasta el 29 de julio, cada jueves en el canal YouTube de la Universidad. As\u00ed, ma\u00f1ana comienza el programa de Cultura M\u00ednima 2021 con dos espect\u00e1culos que ser\u00e1n estrenados a las 18 horas: la pieza de danza \u2018INPUT OUTPUT\u2019 de Luc\u00eda Bocanegra y el concierto del Coro de la UPO titulado \u2018Allelujah!\u2019.<\/p>\n","protected":false},"author":6,"featured_media":30866749,"comment_status":"closed","ping_status":"open","sticky":false,"template":"","format":"standard","meta":{"_monsterinsights_skip_tracking":false,"_monsterinsights_sitenote_active":false,"_monsterinsights_sitenote_note":"","_monsterinsights_sitenote_category":0,"footnotes":""},"categories":[5843,7],"tags":[2523,71,3869,402,3746,95],"class_list":["post-30866748","post","type-post","status-publish","format-standard","has-post-thumbnail","hentry","category-cultura-social","category-cultura","tag-artes-escenicas","tag-coro","tag-cultura-minima","tag-musica","tag-servicio-de-extension-cultural","tag-teatro"],"_links":{"self":[{"href":"https:\/\/www.upo.es\/diario\/wp-json\/wp\/v2\/posts\/30866748","targetHints":{"allow":["GET"]}}],"collection":[{"href":"https:\/\/www.upo.es\/diario\/wp-json\/wp\/v2\/posts"}],"about":[{"href":"https:\/\/www.upo.es\/diario\/wp-json\/wp\/v2\/types\/post"}],"author":[{"embeddable":true,"href":"https:\/\/www.upo.es\/diario\/wp-json\/wp\/v2\/users\/6"}],"replies":[{"embeddable":true,"href":"https:\/\/www.upo.es\/diario\/wp-json\/wp\/v2\/comments?post=30866748"}],"version-history":[{"count":10,"href":"https:\/\/www.upo.es\/diario\/wp-json\/wp\/v2\/posts\/30866748\/revisions"}],"predecessor-version":[{"id":30867049,"href":"https:\/\/www.upo.es\/diario\/wp-json\/wp\/v2\/posts\/30866748\/revisions\/30867049"}],"wp:featuredmedia":[{"embeddable":true,"href":"https:\/\/www.upo.es\/diario\/wp-json\/wp\/v2\/media\/30866749"}],"wp:attachment":[{"href":"https:\/\/www.upo.es\/diario\/wp-json\/wp\/v2\/media?parent=30866748"}],"wp:term":[{"taxonomy":"category","embeddable":true,"href":"https:\/\/www.upo.es\/diario\/wp-json\/wp\/v2\/categories?post=30866748"},{"taxonomy":"post_tag","embeddable":true,"href":"https:\/\/www.upo.es\/diario\/wp-json\/wp\/v2\/tags?post=30866748"}],"curies":[{"name":"wp","href":"https:\/\/api.w.org\/{rel}","templated":true}]}}