{"id":30866756,"date":"2021-06-09T10:46:15","date_gmt":"2021-06-09T08:46:15","guid":{"rendered":"https:\/\/www.upo.es\/diario\/?p=30866756"},"modified":"2021-06-09T15:54:55","modified_gmt":"2021-06-09T13:54:55","slug":"la-explotacion-infantil-la-atencion-a-los-menas-o-la-violencia-en-la-adolescencia-se-trataran-en-un-seminario","status":"publish","type":"post","link":"https:\/\/www.upo.es\/diario\/cursos-verano\/2021\/06\/la-explotacion-infantil-la-atencion-a-los-menas-o-la-violencia-en-la-adolescencia-se-trataran-en-un-seminario\/","title":{"rendered":"La explotaci\u00f3n infantil, la atenci\u00f3n a los Menas o la violencia en la adolescencia se tratar\u00e1n en un seminario"},"content":{"rendered":"<p><img loading=\"lazy\" decoding=\"async\" class=\"alignright size-medium wp-image-30866768\" src=\"https:\/\/www.upo.es\/diario\/wp-content\/uploads\/2021\/06\/158_2481703-360x239.jpg\" alt=\"Young rape victim covering face crying. C220502R\" width=\"360\" height=\"239\" srcset=\"https:\/\/www.upo.es\/diario\/wp-content\/uploads\/2021\/06\/158_2481703-360x239.jpg 360w, https:\/\/www.upo.es\/diario\/wp-content\/uploads\/2021\/06\/158_2481703-750x499.jpg 750w, https:\/\/www.upo.es\/diario\/wp-content\/uploads\/2021\/06\/158_2481703-768x511.jpg 768w, https:\/\/www.upo.es\/diario\/wp-content\/uploads\/2021\/06\/158_2481703-600x399.jpg 600w, https:\/\/www.upo.es\/diario\/wp-content\/uploads\/2021\/06\/158_2481703-165x109.jpg 165w, https:\/\/www.upo.es\/diario\/wp-content\/uploads\/2021\/06\/158_2481703.jpg 800w\" sizes=\"auto, (max-width: 360px) 100vw, 360px\" \/><strong>\u2018Intervenci\u00f3n social con personas en riesgo de exclusi\u00f3n\u2019<\/strong> es el t\u00edtulo del curso de verano que la sede Olavide en Carmona acoger\u00e1 <strong>del 5 al 7 de julio en la casa palacio de los Briones<\/strong> dentro de su programaci\u00f3n estival, un seminario que <strong>podr\u00e1 realizarse tanto en modalidad presencial como <em>online<\/em><\/strong>.<\/p>\n<p>Dicho curso estar\u00e1 dirigido por <strong>Cosette Franco Mu\u00f1oz<\/strong>, socia fundadora del M\u00e9todo Mentoris y profesora del Departamento de Educaci\u00f3n y Psicolog\u00eda Social de la Universidad Pablo de Olavide.<\/p>\n<p>Este seminario, eminentemente pr\u00e1ctico, pretende contribuir a la formaci\u00f3n de profesionales que est\u00e9n o deseen intervenir en contextos de exclusi\u00f3n social. Para ello, se contar\u00e1 con la experiencia de ponentes con experiencia en este terreno, tanto del \u00e1mbito p\u00fablico como privado, adem\u00e1s de la participaci\u00f3n activa del alumnado inscrito.<\/p>\n<p>Entre los participantes podemos destacar a Mar Gonz\u00e1lez Rodr\u00edguez, excomisionada del Pol\u00edgono Sur; Jos\u00e9 Carlos Cabrera, del Centro de Acogida al Refugiado; Jos\u00e9 D\u00edaz Rodr\u00edguez, presidente de la Asociaci\u00f3n Tetoca Actuar o Jos\u00e9 Pedraza P\u00e9rez, responsable de voluntariado de la Fundaci\u00f3n Banco de Alimentos de Sevilla, entre otros.<\/p>\n<p>Se realizar\u00e1 un recorrido por el panorama de la exclusi\u00f3n en diferentes contextos como son la infancia, j\u00f3venes, inmigrantes, residentes en zonas desfavorecidas, mujeres, personas con adicciones o problemas de hogarismo. Adem\u00e1s, se ir\u00e1n facilitando herramientas para la intervenci\u00f3n social, como el an\u00e1lisis de la realidad, conocer el territorio y sus implicaciones, el trabajo de calle, la mediaci\u00f3n para prevenir la violencia y el trabajo en red.<\/p>\n<p>Entre las tem\u00e1ticas que se abordar\u00e1n, se encuentran la explotaci\u00f3n infantil; la intervenci\u00f3n en barrios de exclusi\u00f3n social, la atenci\u00f3n a Menas, la violencia en la adolescencia o la atenci\u00f3n a personas en riesgo por la crisis sociosanitaria del Covid-19.<\/p>\n<p>Este curso est\u00e1 patrocinado por la Diputaci\u00f3n de Sevilla, la Fundaci\u00f3n Cajasol, el Instituto Andaluz de la Mujer, y cuenta con la colaboraci\u00f3n de la Asociaci\u00f3n Ariadna.<\/p>\n<p>Para m\u00e1s informaci\u00f3n: <a href=\"https:\/\/www.upo.es\/olavideencarmona\/cursos-de-verano\/cursos\/cc09\/\">PROGRAMA<\/a><\/p>\n<p>Para matricularse: <a href=\"https:\/\/www.upo.es\/olavideencarmona\/cursos-de-verano\/automatricula\/\">MATR\u00cdCULA<\/a><\/p>\n","protected":false},"excerpt":{"rendered":"<p>\u2018Intervenci\u00f3n social con personas en riesgo de exclusi\u00f3n\u2019 es el t\u00edtulo del curso de verano que la sede Olavide en Carmona acoger\u00e1 del 5 al 7 de julio en la casa palacio de los Briones dentro de su programaci\u00f3n estival, un seminario que podr\u00e1 realizarse tanto en modalidad presencial como online. <\/p>\n","protected":false},"author":6,"featured_media":30866768,"comment_status":"closed","ping_status":"open","sticky":false,"template":"","format":"standard","meta":{"_monsterinsights_skip_tracking":false,"_monsterinsights_sitenote_active":false,"_monsterinsights_sitenote_note":"","_monsterinsights_sitenote_category":0,"footnotes":""},"categories":[729],"tags":[1141,23,141,22,793,622,519],"class_list":["post-30866756","post","type-post","status-publish","format-standard","has-post-thumbnail","hentry","category-cursos-verano","tag-adolescencia","tag-carmona","tag-curso","tag-cursos-de-verano","tag-intervencion-social","tag-menores","tag-olavide-en-carmona"],"_links":{"self":[{"href":"https:\/\/www.upo.es\/diario\/wp-json\/wp\/v2\/posts\/30866756","targetHints":{"allow":["GET"]}}],"collection":[{"href":"https:\/\/www.upo.es\/diario\/wp-json\/wp\/v2\/posts"}],"about":[{"href":"https:\/\/www.upo.es\/diario\/wp-json\/wp\/v2\/types\/post"}],"author":[{"embeddable":true,"href":"https:\/\/www.upo.es\/diario\/wp-json\/wp\/v2\/users\/6"}],"replies":[{"embeddable":true,"href":"https:\/\/www.upo.es\/diario\/wp-json\/wp\/v2\/comments?post=30866756"}],"version-history":[{"count":2,"href":"https:\/\/www.upo.es\/diario\/wp-json\/wp\/v2\/posts\/30866756\/revisions"}],"predecessor-version":[{"id":30866769,"href":"https:\/\/www.upo.es\/diario\/wp-json\/wp\/v2\/posts\/30866756\/revisions\/30866769"}],"wp:featuredmedia":[{"embeddable":true,"href":"https:\/\/www.upo.es\/diario\/wp-json\/wp\/v2\/media\/30866768"}],"wp:attachment":[{"href":"https:\/\/www.upo.es\/diario\/wp-json\/wp\/v2\/media?parent=30866756"}],"wp:term":[{"taxonomy":"category","embeddable":true,"href":"https:\/\/www.upo.es\/diario\/wp-json\/wp\/v2\/categories?post=30866756"},{"taxonomy":"post_tag","embeddable":true,"href":"https:\/\/www.upo.es\/diario\/wp-json\/wp\/v2\/tags?post=30866756"}],"curies":[{"name":"wp","href":"https:\/\/api.w.org\/{rel}","templated":true}]}}