{"id":30866949,"date":"2021-06-21T19:52:50","date_gmt":"2021-06-21T17:52:50","guid":{"rendered":"https:\/\/www.upo.es\/diario\/?p=30866949"},"modified":"2021-06-22T10:33:48","modified_gmt":"2021-06-22T08:33:48","slug":"la-oei-y-la-upo-unen-esfuerzos-con-la-creacion-de-una-catedra-iberoamericana-en-derechos-humanos","status":"publish","type":"post","link":"https:\/\/www.upo.es\/diario\/sin-categoria\/2021\/06\/la-oei-y-la-upo-unen-esfuerzos-con-la-creacion-de-una-catedra-iberoamericana-en-derechos-humanos\/","title":{"rendered":"La OEI y la UPO unen esfuerzos con la creaci\u00f3n de una c\u00e1tedra iberoamericana en Derechos Humanos"},"content":{"rendered":"<figure id=\"attachment_30866960\" aria-describedby=\"caption-attachment-30866960\" style=\"width: 750px\" class=\"wp-caption aligncenter\"><a href=\"https:\/\/www.upo.es\/diario\/wp-content\/uploads\/2021\/06\/conve-OEI-UPO-scaled.jpg\"><img loading=\"lazy\" decoding=\"async\" class=\"wp-image-30866960 size-large\" src=\"https:\/\/www.upo.es\/diario\/wp-content\/uploads\/2021\/06\/conve-OEI-UPO-750x427.jpg\" alt=\"Francisco Oliva Jabonero\" width=\"750\" height=\"427\" srcset=\"https:\/\/www.upo.es\/diario\/wp-content\/uploads\/2021\/06\/conve-OEI-UPO-750x427.jpg 750w, https:\/\/www.upo.es\/diario\/wp-content\/uploads\/2021\/06\/conve-OEI-UPO-360x205.jpg 360w, https:\/\/www.upo.es\/diario\/wp-content\/uploads\/2021\/06\/conve-OEI-UPO-768x437.jpg 768w, https:\/\/www.upo.es\/diario\/wp-content\/uploads\/2021\/06\/conve-OEI-UPO-600x342.jpg 600w, https:\/\/www.upo.es\/diario\/wp-content\/uploads\/2021\/06\/conve-OEI-UPO-1536x875.jpg 1536w, https:\/\/www.upo.es\/diario\/wp-content\/uploads\/2021\/06\/conve-OEI-UPO-2048x1167.jpg 2048w\" sizes=\"auto, (max-width: 750px) 100vw, 750px\" \/><\/a><figcaption id=\"caption-attachment-30866960\" class=\"wp-caption-text\">Francisco Oliva y Mariano Jabonero<\/figcaption><\/figure>\n<p>Esta tarde ambas instituciones han firmado un acuerdo espec\u00edfico para la creaci\u00f3n de la <strong>C\u00e1tedra Iberoamericana de Educaci\u00f3n en Derechos Humanos y Ciudadan\u00eda Cr\u00edtica para el Desarrollo Sostenible<\/strong>, la cual contar\u00e1 con un tercer aliado que ser\u00e1 la Fundaci\u00f3n Layret. As\u00ed, han firmado el acuerdo <strong>Mariano Jabonero<\/strong>, secretario general de la OEI, y <strong>Francisco Oliva<\/strong>, rector de la <a href=\"https:\/\/www.upo.es\/portal\/impe\/web\/portada\/index.html\" target=\"_blank\" rel=\"noopener\">Universidad Pablo de Olavide<\/a>, y D. Carlos Mart\u00ednez, por parte de la Fundaci\u00f3n Layret. <strong>El objetivo de este acuerdo es comenzar a trabajar conjuntamente por la promoci\u00f3n de la educaci\u00f3n en Derechos Humanos en Iberoam\u00e9rica por medio de actividades de formaci\u00f3n y difusi\u00f3n. <\/strong>El impulsor de esta iniciativa desde la Universidad Pablo de Olavide ha sido el profesor Guillermo Dom\u00ednguez.<\/p>\n<div class=\"container static-content\">\n<p>En ese sentido, con la c\u00e1tedra se potenciar\u00e1 el apoyo a los trabajos y actividades realizados durante el primer a\u00f1o de una red iberoamericana de universidades que se constituir\u00e1 pr\u00f3ximamente en concordancia con esta alianza. Junto a ello, acoger\u00e1 otras actividades de inter\u00e9s en el \u00e1mbito de la educaci\u00f3n en Derechos Humanos, la ciudadan\u00eda cr\u00edtica y el desarrollo sostenible, como por ejemplo,<strong> actividades de formaci\u00f3n tanto en universidades como en empresas,<\/strong> proyectos de sensibilizaci\u00f3n e iniciativas de divulgaci\u00f3n, entre otros.<\/p>\n<p><strong>Todo ello se enmarca en un largo camino de la OEI por traer la cuesti\u00f3n de los Derechos Humanos a la educaci\u00f3n en Iberoam\u00e9rica<\/strong>, con el convencimiento de la importancia de esta herramienta para su salvaguarda. Por tanto, esta colaboraci\u00f3n se incluye en el trabajo del <a href=\"http:\/\/oei.org.co\/idedh\/\" target=\"_blank\" rel=\"noopener\">Instituto de Educaci\u00f3n en Derechos Humanos y Democracia<\/a>, que la OEI cre\u00f3 en su <a href=\"https:\/\/oei.int\/oficinas\/colombia\" target=\"_blank\" rel=\"noopener\">oficina en Bogot\u00e1<\/a> y que desde 2014 trabaja por fortalecer el papel de la educaci\u00f3n en la protecci\u00f3n de los derechos humanos en Iberoam\u00e9rica.<\/p>\n<p>Fuente: OEI<\/p>\n<\/div>\n<p>&nbsp;<\/p>\n","protected":false},"excerpt":{"rendered":"<p>Esta tarde ambas instituciones han firmado un acuerdo espec\u00edfico para la creaci\u00f3n de la C\u00e1tedra Iberoamericana de Educaci\u00f3n en Derechos Humanos y Ciudadan\u00eda Cr\u00edtica para el Desarrollo Sostenible, la cual contar\u00e1 con un tercer aliado que ser\u00e1 la Fundaci\u00f3n Layret. As\u00ed, han firmado el acuerdo Mariano Jabonero, secretario general de la OEI, y Francisco Oliva, rector de la Universidad Pablo de Olavide, y D. Carlos Mart\u00ednez, por parte de la Fundaci\u00f3n Layret. El objetivo de este acuerdo es comenzar a trabajar conjuntamente por la promoci\u00f3n de la educaci\u00f3n en Derechos Humanos en Iberoam\u00e9rica por medio de actividades de formaci\u00f3n y difusi\u00f3n. El impulsor de esta iniciativa desde la Universidad Pablo de Olavide ha sido el profesor Guillermo Dom\u00ednguez.<\/p>\n","protected":false},"author":15,"featured_media":30866960,"comment_status":"closed","ping_status":"open","sticky":false,"template":"","format":"standard","meta":{"_monsterinsights_skip_tracking":false,"_monsterinsights_sitenote_active":false,"_monsterinsights_sitenote_note":"","_monsterinsights_sitenote_category":0,"footnotes":""},"categories":[6,1],"tags":[358,326,92,465,509,7381,1765,805,7477,3175],"class_list":["post-30866949","post","type-post","status-publish","format-standard","has-post-thumbnail","hentry","category-institucional","category-sin-categoria","tag-catedra","tag-convenio","tag-derechos-humanos","tag-educacion","tag-formacion","tag-francisco-oliva","tag-guillermo-dominguez","tag-iberoamerica","tag-mariano-jabonero","tag-oei"],"_links":{"self":[{"href":"https:\/\/www.upo.es\/diario\/wp-json\/wp\/v2\/posts\/30866949","targetHints":{"allow":["GET"]}}],"collection":[{"href":"https:\/\/www.upo.es\/diario\/wp-json\/wp\/v2\/posts"}],"about":[{"href":"https:\/\/www.upo.es\/diario\/wp-json\/wp\/v2\/types\/post"}],"author":[{"embeddable":true,"href":"https:\/\/www.upo.es\/diario\/wp-json\/wp\/v2\/users\/15"}],"replies":[{"embeddable":true,"href":"https:\/\/www.upo.es\/diario\/wp-json\/wp\/v2\/comments?post=30866949"}],"version-history":[{"count":3,"href":"https:\/\/www.upo.es\/diario\/wp-json\/wp\/v2\/posts\/30866949\/revisions"}],"predecessor-version":[{"id":30866962,"href":"https:\/\/www.upo.es\/diario\/wp-json\/wp\/v2\/posts\/30866949\/revisions\/30866962"}],"wp:featuredmedia":[{"embeddable":true,"href":"https:\/\/www.upo.es\/diario\/wp-json\/wp\/v2\/media\/30866960"}],"wp:attachment":[{"href":"https:\/\/www.upo.es\/diario\/wp-json\/wp\/v2\/media?parent=30866949"}],"wp:term":[{"taxonomy":"category","embeddable":true,"href":"https:\/\/www.upo.es\/diario\/wp-json\/wp\/v2\/categories?post=30866949"},{"taxonomy":"post_tag","embeddable":true,"href":"https:\/\/www.upo.es\/diario\/wp-json\/wp\/v2\/tags?post=30866949"}],"curies":[{"name":"wp","href":"https:\/\/api.w.org\/{rel}","templated":true}]}}