{"id":30866963,"date":"2021-06-22T10:32:56","date_gmt":"2021-06-22T08:32:56","guid":{"rendered":"https:\/\/www.upo.es\/diario\/?p=30866963"},"modified":"2021-06-29T13:54:24","modified_gmt":"2021-06-29T11:54:24","slug":"oei-upo-crean-red-universidades-iberoamericanas-derechos-humanos","status":"publish","type":"post","link":"https:\/\/www.upo.es\/diario\/institucional\/2021\/06\/oei-upo-crean-red-universidades-iberoamericanas-derechos-humanos\/","title":{"rendered":"La OEI y la UPO crean la Red de Universidades Iberoamericanas Comprometidas con los Derechos Humanos"},"content":{"rendered":"<figure id=\"attachment_30866964\" aria-describedby=\"caption-attachment-30866964\" style=\"width: 750px\" class=\"wp-caption aligncenter\"><a href=\"https:\/\/www.upo.es\/diario\/wp-content\/uploads\/2021\/06\/Red-Universidades-OEI_DDHH-1.jpg\"><img loading=\"lazy\" decoding=\"async\" class=\"size-large wp-image-30866964\" src=\"https:\/\/www.upo.es\/diario\/wp-content\/uploads\/2021\/06\/Red-Universidades-OEI_DDHH-1-750x500.jpg\" alt=\"Francisco Oliva, Mariano Jabonero y el profesor de la UPO Guillermo Dom\u00ednguez en la constituci\u00f3n de la Red\" width=\"750\" height=\"500\" srcset=\"https:\/\/www.upo.es\/diario\/wp-content\/uploads\/2021\/06\/Red-Universidades-OEI_DDHH-1-750x500.jpg 750w, https:\/\/www.upo.es\/diario\/wp-content\/uploads\/2021\/06\/Red-Universidades-OEI_DDHH-1-360x240.jpg 360w, https:\/\/www.upo.es\/diario\/wp-content\/uploads\/2021\/06\/Red-Universidades-OEI_DDHH-1-768x512.jpg 768w, https:\/\/www.upo.es\/diario\/wp-content\/uploads\/2021\/06\/Red-Universidades-OEI_DDHH-1-600x400.jpg 600w, https:\/\/www.upo.es\/diario\/wp-content\/uploads\/2021\/06\/Red-Universidades-OEI_DDHH-1-1536x1024.jpg 1536w, https:\/\/www.upo.es\/diario\/wp-content\/uploads\/2021\/06\/Red-Universidades-OEI_DDHH-1-165x109.jpg 165w, https:\/\/www.upo.es\/diario\/wp-content\/uploads\/2021\/06\/Red-Universidades-OEI_DDHH-1-1320x880.jpg 1320w, https:\/\/www.upo.es\/diario\/wp-content\/uploads\/2021\/06\/Red-Universidades-OEI_DDHH-1.jpg 2048w\" sizes=\"auto, (max-width: 750px) 100vw, 750px\" \/><\/a><figcaption id=\"caption-attachment-30866964\" class=\"wp-caption-text\">Francisco Oliva, Mariano Jabonero y el profesor de la UPO Guillermo Dom\u00ednguez en la constituci\u00f3n de la Red<\/figcaption><\/figure>\n<p>La Organizaci\u00f3n de Estados Iberoamericanos para la Educaci\u00f3n, la Ciencia y la Cultura (OEI) y la Universidad Pablo de Olavide de Sevilla han unido esfuerzos para crear la <strong>Red Iberoamericana de Universidades comprometidas con la Educaci\u00f3n en Derechos Humanos y Ciudadan\u00eda Inclusiva, que congregar\u00e1 a 24 universidades de la regi\u00f3n con una reconocida trayectoria en el \u00e1mbito de la educaci\u00f3n en derechos humanos<\/strong>. La misi\u00f3n de la red ser\u00e1 impulsar la creaci\u00f3n de contenidos actualizados en la materia que pongan el foco en la situaci\u00f3n de la educaci\u00f3n de los derechos humanos en Iberoam\u00e9rica, desarrollando programas de formaci\u00f3n, iniciativas de extensi\u00f3n universitaria, as\u00ed como proyectos de investigaci\u00f3n y difusi\u00f3n con impacto en toda la regi\u00f3n.<\/p>\n<p><a href=\"https:\/\/www.upo.es\/diario\/wp-content\/uploads\/2021\/06\/Red-Universidades-OEI_DDHH-2.jpg\"><img loading=\"lazy\" decoding=\"async\" class=\"size-medium wp-image-30866967 alignleft\" src=\"https:\/\/www.upo.es\/diario\/wp-content\/uploads\/2021\/06\/Red-Universidades-OEI_DDHH-2-360x240.jpg\" alt=\"\" width=\"360\" height=\"240\" srcset=\"https:\/\/www.upo.es\/diario\/wp-content\/uploads\/2021\/06\/Red-Universidades-OEI_DDHH-2-360x240.jpg 360w, https:\/\/www.upo.es\/diario\/wp-content\/uploads\/2021\/06\/Red-Universidades-OEI_DDHH-2-750x500.jpg 750w, https:\/\/www.upo.es\/diario\/wp-content\/uploads\/2021\/06\/Red-Universidades-OEI_DDHH-2-768x512.jpg 768w, https:\/\/www.upo.es\/diario\/wp-content\/uploads\/2021\/06\/Red-Universidades-OEI_DDHH-2-600x400.jpg 600w, https:\/\/www.upo.es\/diario\/wp-content\/uploads\/2021\/06\/Red-Universidades-OEI_DDHH-2-1536x1024.jpg 1536w, https:\/\/www.upo.es\/diario\/wp-content\/uploads\/2021\/06\/Red-Universidades-OEI_DDHH-2-165x109.jpg 165w, https:\/\/www.upo.es\/diario\/wp-content\/uploads\/2021\/06\/Red-Universidades-OEI_DDHH-2-1320x880.jpg 1320w, https:\/\/www.upo.es\/diario\/wp-content\/uploads\/2021\/06\/Red-Universidades-OEI_DDHH-2.jpg 2048w\" sizes=\"auto, (max-width: 360px) 100vw, 360px\" \/><\/a>El acto de constituci\u00f3n de la red ha tenido lugar este lunes 21 de junio, en un evento encabezado por <strong>Mariano Jabonero<\/strong>, secretario general de la OEI y <strong>Francisco Oliva<\/strong>, rector de la UPO, y en donde, de manera virtual, se han sumado rectores, vicerrectores y representantes acad\u00e9micos de las universidades que la componen, provenientes de 15 pa\u00edses iberoamericanos (Argentina, Brasil, Colombia, Costa Rica, Ecuador, El Salvador, Espa\u00f1a, Guatemala, M\u00e9xico, Panam\u00e1, Per\u00fa, Per\u00fa, Portugal, Rep\u00fablica Dominicana y Uruguay).<\/p>\n<blockquote><p>\u201cEs importante reflexionar sobre derechos humanos pero es importante sobre todo educar en derechos humanos\u201d<\/p><\/blockquote>\n<h5>FRANCISCO OLIVA<\/h5>\n<p>Para Mariano Jabonero, la creaci\u00f3n de la red es un paso m\u00e1s \u201cpara conseguir una Iberoam\u00e9rica m\u00e1s justa y equitativa, poniendo en valor la paz, la convivencia, la democracia, la ciudadan\u00eda inclusiva y la justicia\u00a0a trav\u00e9s de la\u00a0cooperaci\u00f3n en educaci\u00f3n\u201d, valores que, en sus palabras, van en consonancia con el <a href=\"http:\/\/oei.org.co\/idedh\/\">Instituto de Educaci\u00f3n en Derechos Humanos y Democracia de la OEI<\/a>, que naci\u00f3 en 2014 en Bogot\u00e1 y que ser\u00e1 un instituto clave en las actividades de la red. Con su puesta en marcha \u201ccontaremos con ciudadanos cr\u00edticos m\u00e1s comprometidos, tolerantes y solidarios\u201d, ha a\u00f1adido.<\/p>\n<p>Por su parte, Francisco Oliva, ha puesto en valor la perspectiva del proyecto por unir dos conceptos clave en las sociedades: derechos humanos y educaci\u00f3n. \u201cEs importante reflexionar sobre derechos humanos pero es importante sobre todo educar en derechos humanos\u201d. El rector de la UPO ha explicado c\u00f3mo la pandemia ha precipitado la revoluci\u00f3n 4.0, \u201cuna gran revoluci\u00f3n que va a cambiar el perfil de la sociedad civil y para la que tenemos que estar preparados. Necesitamos una \u00e9tica c\u00edvica compartida por la sociedad y la educaci\u00f3n de los j\u00f3venes en este sentido se hace imprescindible\u201d, ha subrayado.<\/p>\n<p><strong>La OEI y la UPO vienen trabajando conjuntamente por dar un impulso a la educaci\u00f3n con enfoque de derechos humanos en la regi\u00f3n<\/strong>. As\u00ed, este mismo lunes han firmado un acuerdo de cooperaci\u00f3n para la <a href=\"https:\/\/www.upo.es\/diario\/sin-categoria\/2021\/06\/la-oei-y-la-upo-unen-esfuerzos-con-la-creacion-de-una-catedra-iberoamericana-en-derechos-humanos\/\">creaci\u00f3n de la C\u00e1tedra Iberoamericana de Educaci\u00f3n en Derechos Humanos y Ciudadan\u00eda Cr\u00edtica<\/a> para el Desarrollo Sostenible, dentro de la cual se inserta la red, y en la que se desarrollar\u00e1n actividades de formaci\u00f3n especializada en esta materia.<\/p>\n<h3><strong>Sobre la Organizaci\u00f3n de Estados Iberoamericanos (OEI)<\/strong><\/h3>\n<p>Bajo el lema \u201cHacemos que la cooperaci\u00f3n suceda\u201d, la Organizaci\u00f3n de Estados Iberoamericanos para la Educaci\u00f3n, la Ciencia y la Cultura (<a href=\"https:\/\/oei.int\/\">OEI<\/a>) es, desde 1949, el primer organismo intergubernamental de cooperaci\u00f3n Sur-Sur del espacio iberoamericano. En la actualidad, forman parte del organismo 23 Estados miembros y cuenta con 18 oficinas nacionales, adem\u00e1s de su Secretar\u00eda General en Madrid.<\/p>\n","protected":false},"excerpt":{"rendered":"<p>La red se ha constituido este lunes en un acto virtual encabezado por Mariano Jabonero, secretario general de la Organizaci\u00f3n de Estados Iberoamericanos, y Francisco Oliva, rector de la Universidad Pablo Olavide de Sevilla, instituciones que lideran la iniciativa.<\/p>\n","protected":false},"author":6,"featured_media":30866964,"comment_status":"closed","ping_status":"open","sticky":false,"template":"","format":"standard","meta":{"_monsterinsights_skip_tracking":false,"_monsterinsights_sitenote_active":false,"_monsterinsights_sitenote_note":"","_monsterinsights_sitenote_category":0,"footnotes":""},"categories":[6],"tags":[92,465,4021,805,7477,3175,38,39],"class_list":["post-30866963","post","type-post","status-publish","format-standard","has-post-thumbnail","hentry","category-institucional","tag-derechos-humanos","tag-educacion","tag-francisco-oliva-blazquez","tag-iberoamerica","tag-mariano-jabonero","tag-oei","tag-rector","tag-universidades"],"_links":{"self":[{"href":"https:\/\/www.upo.es\/diario\/wp-json\/wp\/v2\/posts\/30866963","targetHints":{"allow":["GET"]}}],"collection":[{"href":"https:\/\/www.upo.es\/diario\/wp-json\/wp\/v2\/posts"}],"about":[{"href":"https:\/\/www.upo.es\/diario\/wp-json\/wp\/v2\/types\/post"}],"author":[{"embeddable":true,"href":"https:\/\/www.upo.es\/diario\/wp-json\/wp\/v2\/users\/6"}],"replies":[{"embeddable":true,"href":"https:\/\/www.upo.es\/diario\/wp-json\/wp\/v2\/comments?post=30866963"}],"version-history":[{"count":8,"href":"https:\/\/www.upo.es\/diario\/wp-json\/wp\/v2\/posts\/30866963\/revisions"}],"predecessor-version":[{"id":30866998,"href":"https:\/\/www.upo.es\/diario\/wp-json\/wp\/v2\/posts\/30866963\/revisions\/30866998"}],"wp:featuredmedia":[{"embeddable":true,"href":"https:\/\/www.upo.es\/diario\/wp-json\/wp\/v2\/media\/30866964"}],"wp:attachment":[{"href":"https:\/\/www.upo.es\/diario\/wp-json\/wp\/v2\/media?parent=30866963"}],"wp:term":[{"taxonomy":"category","embeddable":true,"href":"https:\/\/www.upo.es\/diario\/wp-json\/wp\/v2\/categories?post=30866963"},{"taxonomy":"post_tag","embeddable":true,"href":"https:\/\/www.upo.es\/diario\/wp-json\/wp\/v2\/tags?post=30866963"}],"curies":[{"name":"wp","href":"https:\/\/api.w.org\/{rel}","templated":true}]}}