{"id":30867024,"date":"2021-06-22T16:35:11","date_gmt":"2021-06-22T14:35:11","guid":{"rendered":"https:\/\/www.upo.es\/diario\/?p=30867024"},"modified":"2021-06-29T13:54:22","modified_gmt":"2021-06-29T11:54:22","slug":"soy-porque-somos-diseno-ganador-del-concurso-para-elegir-el-logo-de-la-oficina-de-voluntariado-y-compromiso-social","status":"publish","type":"post","link":"https:\/\/www.upo.es\/diario\/cultura-social\/2021\/06\/soy-porque-somos-diseno-ganador-del-concurso-para-elegir-el-logo-de-la-oficina-de-voluntariado-y-compromiso-social\/","title":{"rendered":"&#8216;Soy porque somos&#8217;, dise\u00f1o ganador del concurso para elegir el logo de la Oficina de Voluntariado y Compromiso Social"},"content":{"rendered":"<p><img loading=\"lazy\" decoding=\"async\" class=\"aligncenter wp-image-30867030 size-large\" src=\"https:\/\/www.upo.es\/diario\/wp-content\/uploads\/2021\/06\/Soy-porque-somos-e1624431166495-750x488.jpg\" alt=\"\" width=\"750\" height=\"488\" srcset=\"https:\/\/www.upo.es\/diario\/wp-content\/uploads\/2021\/06\/Soy-porque-somos-e1624431166495-750x488.jpg 750w, https:\/\/www.upo.es\/diario\/wp-content\/uploads\/2021\/06\/Soy-porque-somos-e1624431166495-360x234.jpg 360w, https:\/\/www.upo.es\/diario\/wp-content\/uploads\/2021\/06\/Soy-porque-somos-e1624431166495-768x500.jpg 768w, https:\/\/www.upo.es\/diario\/wp-content\/uploads\/2021\/06\/Soy-porque-somos-e1624431166495-600x391.jpg 600w, https:\/\/www.upo.es\/diario\/wp-content\/uploads\/2021\/06\/Soy-porque-somos-e1624431166495.jpg 980w\" sizes=\"auto, (max-width: 750px) 100vw, 750px\" \/>La propuesta, titulada<strong> \u2018Soy porque somos\u2019, de Eugenio Samuel L\u00f3pez<\/strong>, ha sido seleccionada para ser la<strong> imagen de la Oficina de Voluntariado y Compromiso Social<\/strong> entre un total de trece proyectos presentados en una convocatoria abierta a toda la comunidad de la Universidad Pablo de Olavide, por<strong> representar el sentir de participaci\u00f3n, visibilizar la interacci\u00f3n social, identificarse con la imagen y los colores de la universidad y ser f\u00e1cil su reproducci\u00f3n en m\u00faltiples soportes<\/strong>.<\/p>\n<p>El vicerrector de Cultura y Compromiso Social, David Cobos, ha hecho entrega del premio, este martes en un acto celebrado en la Sala de Prensa del Rectorado, a Eugenio Samuel L\u00f3pez, estudiante de la Facultad de Ciencias del Deporte, como creador del logo seleccionado para ser la imagen oficial de la Oficina de Voluntariado y Compromiso Social. Cobos ha puesto de manifiesto la diversidad del alumnado que participa en las acciones de voluntariado, siendo ganador del concurso un estudiante del grado de Ciencias de la Actividad F\u00edsica y el Deporte<\/p>\n<p><a href=\"https:\/\/www.upo.es\/diario\/wp-content\/uploads\/2021\/06\/Entrega-premio-logo-voluntariado-3-scaled.jpg\"><img loading=\"lazy\" decoding=\"async\" class=\"size-medium wp-image-30867026 alignright\" src=\"https:\/\/www.upo.es\/diario\/wp-content\/uploads\/2021\/06\/Entrega-premio-logo-voluntariado-3-360x240.jpg\" alt=\"\" width=\"360\" height=\"240\" srcset=\"https:\/\/www.upo.es\/diario\/wp-content\/uploads\/2021\/06\/Entrega-premio-logo-voluntariado-3-360x240.jpg 360w, https:\/\/www.upo.es\/diario\/wp-content\/uploads\/2021\/06\/Entrega-premio-logo-voluntariado-3-750x500.jpg 750w, https:\/\/www.upo.es\/diario\/wp-content\/uploads\/2021\/06\/Entrega-premio-logo-voluntariado-3-768x512.jpg 768w, https:\/\/www.upo.es\/diario\/wp-content\/uploads\/2021\/06\/Entrega-premio-logo-voluntariado-3-600x400.jpg 600w, https:\/\/www.upo.es\/diario\/wp-content\/uploads\/2021\/06\/Entrega-premio-logo-voluntariado-3-1536x1024.jpg 1536w, https:\/\/www.upo.es\/diario\/wp-content\/uploads\/2021\/06\/Entrega-premio-logo-voluntariado-3-2048x1365.jpg 2048w, https:\/\/www.upo.es\/diario\/wp-content\/uploads\/2021\/06\/Entrega-premio-logo-voluntariado-3-165x109.jpg 165w, https:\/\/www.upo.es\/diario\/wp-content\/uploads\/2021\/06\/Entrega-premio-logo-voluntariado-3-1320x880.jpg 1320w\" sizes=\"auto, (max-width: 360px) 100vw, 360px\" \/><\/a>Durante el acto, el vicerrector ha se\u00f1alado la necesidad que exist\u00eda por redefinir y actualizar la imagen de la Oficina de Voluntariado y Compromiso Social, resaltando la importancia de la Oficina dentro de la pol\u00edtica social de Universidad, siendo un elemento fundamental y presente en la UPO desde su nacimiento gracias a la decidida apuesta de la rectora Rosario Valpuesta.<\/p>\n<p>Por su parte, el ganador del concurso, Eugenio Samuel L\u00f3pez, ha explicado como su inspiraci\u00f3n para realizar el logo surgi\u00f3 de la palabra <em>Ubuntu <\/em>conocida por la gran mayor\u00eda por ser el nombre que recibe una distribuci\u00f3n del sistema operativo Linux, pero que su origen proviene de las lenguas zul\u00fa y xhosa, de origen africano y que se interpreta como: \u201cSoy porque somos\u201d. A partir de esa idea inicial y de diversos elementos visuales como siluetas de personas, el trazo de la torre UPO o el uso de los colores corporativos crea un logotipo unificado que da por resultado la imagen ganadora.<\/p>\n<p>De todos los proyectos presentados inicialmente, fueron ocho los que cumplieron con el pliego de requisitos t\u00e9cnicos, y fueron expuestos a la comunidad universitaria para su votaci\u00f3n, tras la emisi\u00f3n de un total de 732 votos, se eligieron a los cinco proyectos finalistas. Posteriormente, estos cinco fueron elevados a la comisi\u00f3n que fall\u00f3 la propuesta de dise\u00f1o \u2018Soy porque somos\u2019, de Eugenio Samuel L\u00f3pez.<\/p>\n<p><a href=\"https:\/\/www.upo.es\/diario\/wp-content\/uploads\/2021\/06\/Entrega-premio-logo-voluntariado-2-scaled.jpg\"><img loading=\"lazy\" decoding=\"async\" class=\"size-medium wp-image-30867025 alignright\" src=\"https:\/\/www.upo.es\/diario\/wp-content\/uploads\/2021\/06\/Entrega-premio-logo-voluntariado-2-360x240.jpg\" alt=\"\" width=\"360\" height=\"240\" srcset=\"https:\/\/www.upo.es\/diario\/wp-content\/uploads\/2021\/06\/Entrega-premio-logo-voluntariado-2-360x240.jpg 360w, https:\/\/www.upo.es\/diario\/wp-content\/uploads\/2021\/06\/Entrega-premio-logo-voluntariado-2-750x500.jpg 750w, https:\/\/www.upo.es\/diario\/wp-content\/uploads\/2021\/06\/Entrega-premio-logo-voluntariado-2-768x512.jpg 768w, https:\/\/www.upo.es\/diario\/wp-content\/uploads\/2021\/06\/Entrega-premio-logo-voluntariado-2-600x400.jpg 600w, https:\/\/www.upo.es\/diario\/wp-content\/uploads\/2021\/06\/Entrega-premio-logo-voluntariado-2-1536x1024.jpg 1536w, https:\/\/www.upo.es\/diario\/wp-content\/uploads\/2021\/06\/Entrega-premio-logo-voluntariado-2-2048x1365.jpg 2048w, https:\/\/www.upo.es\/diario\/wp-content\/uploads\/2021\/06\/Entrega-premio-logo-voluntariado-2-165x109.jpg 165w, https:\/\/www.upo.es\/diario\/wp-content\/uploads\/2021\/06\/Entrega-premio-logo-voluntariado-2-1320x880.jpg 1320w\" sizes=\"auto, (max-width: 360px) 100vw, 360px\" \/><\/a>Al acto ha asistido parte de la comisi\u00f3n evaluadora del concurso, entre ellos Jos\u00e9 Luis Sarasola, director general de Innovaci\u00f3n Social; Inmaculada Sancho, responsable de la Oficina de Voluntariado y Compromiso Social, Alfonso Bl\u00e1zquez Mu\u00f1oz, coordinador del \u00c1rea de Cultura y Pol\u00edticas Sociales de la Fundaci\u00f3n UPO; Teresa Moreno, jefa de Unidad de Pol\u00edticas Sociales, Igualdad y Cultura; as\u00ed como Vanessa Mar\u00edn gestora de proyectos en la Oficina de Voluntariado y Compromiso Social.<\/p>\n<p>&nbsp;<\/p>\n","protected":false},"excerpt":{"rendered":"<p>La propuesta, titulada \u2018Soy porque somos\u2019, de Eugenio Samuel L\u00f3pez, ha sido seleccionada para ser la imagen de la Oficina de Voluntariado y Compromiso Social entre un total de trece proyectos presentados en una convocatoria abierta a toda la comunidad de la Universidad Pablo de Olavide, por representar el sentir de participaci\u00f3n, visibilizar la interacci\u00f3n social, identificarse con la imagen y los colores de la universidad y ser f\u00e1cil su reproducci\u00f3n en m\u00faltiples soportes.<\/p>\n","protected":false},"author":15,"featured_media":30867030,"comment_status":"closed","ping_status":"open","sticky":false,"template":"","format":"standard","meta":{"_monsterinsights_skip_tracking":false,"_monsterinsights_sitenote_active":false,"_monsterinsights_sitenote_note":"","_monsterinsights_sitenote_category":0,"footnotes":""},"categories":[5843],"tags":[7487,59,7485,7486,803,7482,7484],"class_list":["post-30867024","post","type-post","status-publish","format-standard","has-post-thumbnail","hentry","category-cultura-social","tag-actualizacion","tag-concurso","tag-eugenio-samuel-lopez","tag-ganador","tag-imagen","tag-logo","tag-oficina-de-voluntariado-y-compromiso-social"],"_links":{"self":[{"href":"https:\/\/www.upo.es\/diario\/wp-json\/wp\/v2\/posts\/30867024","targetHints":{"allow":["GET"]}}],"collection":[{"href":"https:\/\/www.upo.es\/diario\/wp-json\/wp\/v2\/posts"}],"about":[{"href":"https:\/\/www.upo.es\/diario\/wp-json\/wp\/v2\/types\/post"}],"author":[{"embeddable":true,"href":"https:\/\/www.upo.es\/diario\/wp-json\/wp\/v2\/users\/15"}],"replies":[{"embeddable":true,"href":"https:\/\/www.upo.es\/diario\/wp-json\/wp\/v2\/comments?post=30867024"}],"version-history":[{"count":5,"href":"https:\/\/www.upo.es\/diario\/wp-json\/wp\/v2\/posts\/30867024\/revisions"}],"predecessor-version":[{"id":30867034,"href":"https:\/\/www.upo.es\/diario\/wp-json\/wp\/v2\/posts\/30867024\/revisions\/30867034"}],"wp:featuredmedia":[{"embeddable":true,"href":"https:\/\/www.upo.es\/diario\/wp-json\/wp\/v2\/media\/30867030"}],"wp:attachment":[{"href":"https:\/\/www.upo.es\/diario\/wp-json\/wp\/v2\/media?parent=30867024"}],"wp:term":[{"taxonomy":"category","embeddable":true,"href":"https:\/\/www.upo.es\/diario\/wp-json\/wp\/v2\/categories?post=30867024"},{"taxonomy":"post_tag","embeddable":true,"href":"https:\/\/www.upo.es\/diario\/wp-json\/wp\/v2\/tags?post=30867024"}],"curies":[{"name":"wp","href":"https:\/\/api.w.org\/{rel}","templated":true}]}}