{"id":30867081,"date":"2021-06-25T15:12:05","date_gmt":"2021-06-25T13:12:05","guid":{"rendered":"https:\/\/www.upo.es\/diario\/?p=30867081"},"modified":"2021-06-25T16:35:14","modified_gmt":"2021-06-25T14:35:14","slug":"la-exposicion-memorias-que-florecen-clausura-el-curso-del-grupo-motor-de-archivo-e-historia-de-la-flora-tristan","status":"publish","type":"post","link":"https:\/\/www.upo.es\/diario\/comunidad\/2021\/06\/la-exposicion-memorias-que-florecen-clausura-el-curso-del-grupo-motor-de-archivo-e-historia-de-la-flora-tristan\/","title":{"rendered":"La exposici\u00f3n \u2018Memorias que florecen\u2019 clausura el curso del grupo motor de Archivo e Historia de la Flora Trist\u00e1n"},"content":{"rendered":"<p><strong><a href=\"https:\/\/www.upo.es\/diario\/wp-content\/uploads\/2021\/06\/IMG_9987-scaled.jpg\"><img loading=\"lazy\" decoding=\"async\" class=\"aligncenter wp-image-30867082 size-large\" src=\"https:\/\/www.upo.es\/diario\/wp-content\/uploads\/2021\/06\/IMG_9987-scaled-e1624626702134-750x463.jpg\" alt=\"\" width=\"750\" height=\"463\" srcset=\"https:\/\/www.upo.es\/diario\/wp-content\/uploads\/2021\/06\/IMG_9987-scaled-e1624626702134-750x463.jpg 750w, https:\/\/www.upo.es\/diario\/wp-content\/uploads\/2021\/06\/IMG_9987-scaled-e1624626702134-360x222.jpg 360w, https:\/\/www.upo.es\/diario\/wp-content\/uploads\/2021\/06\/IMG_9987-scaled-e1624626702134-768x474.jpg 768w, https:\/\/www.upo.es\/diario\/wp-content\/uploads\/2021\/06\/IMG_9987-scaled-e1624626702134-600x370.jpg 600w, https:\/\/www.upo.es\/diario\/wp-content\/uploads\/2021\/06\/IMG_9987-scaled-e1624626702134-1536x947.jpg 1536w, https:\/\/www.upo.es\/diario\/wp-content\/uploads\/2021\/06\/IMG_9987-scaled-e1624626702134-2048x1263.jpg 2048w, https:\/\/www.upo.es\/diario\/wp-content\/uploads\/2021\/06\/IMG_9987-scaled-e1624626702134-1320x814.jpg 1320w\" sizes=\"auto, (max-width: 750px) 100vw, 750px\" \/><\/a>La Residencia Universitaria Flora Trist\u00e1n concluy\u00f3 ayer el curso acad\u00e9mico 2020\/2021 de su grupo de Archivo e Historia y lo hizo con una exposici\u00f3n al aire libre realizada con materiales reciclados de la propia Residencia.<\/strong> La exposici\u00f3n, inaugurada por el director general de Innovaci\u00f3n Social de la Universidad Pablo de Olavide, <strong>Jos\u00e9 Luis Sarasola<\/strong>, congreg\u00f3 a residentes y vecinos del Pol\u00edgono Sur en lo que supone una vuelta a la calle tras un periodo de letargo provocado por el Covid-19.<\/p>\n<p>La exposici\u00f3n, celebrada en la calle peatonal Madre Teresa de Calcuta, junto a la residencia, sirvi\u00f3 nuevamente como un punto de encuentro entre los estudiantes y los vecinos de la zona, apostando una vez m\u00e1s por el proyecto social de la Universidad. Desde hoy, la exposici\u00f3n se trasladar\u00e1 de forma permanente al interior de la residencia para su disfrute por parte de todos los residentes y visitantes.<\/p>\n<p><a href=\"https:\/\/www.upo.es\/diario\/wp-content\/uploads\/2021\/06\/IMG_0036-1-scaled.jpg\"><img loading=\"lazy\" decoding=\"async\" class=\"alignright size-medium wp-image-30867085\" src=\"https:\/\/www.upo.es\/diario\/wp-content\/uploads\/2021\/06\/IMG_0036-1-360x240.jpg\" alt=\"\" width=\"360\" height=\"240\" srcset=\"https:\/\/www.upo.es\/diario\/wp-content\/uploads\/2021\/06\/IMG_0036-1-360x240.jpg 360w, https:\/\/www.upo.es\/diario\/wp-content\/uploads\/2021\/06\/IMG_0036-1-750x500.jpg 750w, https:\/\/www.upo.es\/diario\/wp-content\/uploads\/2021\/06\/IMG_0036-1-768x512.jpg 768w, https:\/\/www.upo.es\/diario\/wp-content\/uploads\/2021\/06\/IMG_0036-1-600x400.jpg 600w, https:\/\/www.upo.es\/diario\/wp-content\/uploads\/2021\/06\/IMG_0036-1-1536x1024.jpg 1536w\" sizes=\"auto, (max-width: 360px) 100vw, 360px\" \/><\/a>Un total de <strong>seis pliegos componen \u2018Memorias que florecen\u2019 y son el trabajo realizado durante este curso por parte del grupo Archivo e Historia de la Residencia Flora Trist\u00e1n<\/strong>. Un grupo ideado por <strong>Ruth Engelhart<\/strong>, documentalista y colaboradora de la residencia, que a lo largo de todos estos meses ha guiado a los estudiantes para la recopilaci\u00f3n y digitalizaci\u00f3n de los documentos m\u00e1s importantes de la residencia.<\/p>\n<p>Engelhart destac\u00f3 durante el acto la importancia de recuperar estos archivos que \u201cconservan un patrimonio \u00fanico e irremplazable, y que cumplen una funci\u00f3n muy importante en la sociedad porque contribuyen a la custodia de la memoria individual y colectiva. \u00c9sta \u00faltima es fundamental para preservar nuestra identidad y nos permite recordar de d\u00f3nde venimos, qui\u00e9nes somos y c\u00f3mo hemos ido evolucionando\u201d.<\/p>\n<p>El origen de este grupo de Archivo e Historia, compuesto por ocho integrantes, surge tras el confinamiento domiciliario iniciado en marzo de 2020 y con el que surgi\u00f3 la necesidad de reinventar una nueva forma de colaboraci\u00f3n en los proyectos del barrio. A partir de entonces, estos estudiantes comenzaron con la recopilaci\u00f3n y digitalizaci\u00f3n de los documentos m\u00e1s significativos de la residencia, poniendo en valor y conocimiento de la comunidad universitaria las actividades que desde la Flora Trist\u00e1n se realizan y que suponen un valor activo en el proyecto social del Pol\u00edgono Sur.<\/p>\n","protected":false},"excerpt":{"rendered":"<p>La Residencia Universitaria Flora Trist\u00e1n concluy\u00f3 ayer el curso acad\u00e9mico 2020\/2021 de su grupo de Archivo e Historia y lo hizo con una exposici\u00f3n al aire libre realizada con materiales reciclados de la propia residencia. La exposici\u00f3n, inaugurada por el director general de Innovaci\u00f3n Social de la Universidad Pablo de Olavide, Jos\u00e9 Luis Sarasola, congreg\u00f3 a residentes y vecinos del Pol\u00edgono Sur en lo que supone una vuelta a la calle tras un periodo de letargo provocado por el Covid-19. <\/p>\n","protected":false},"author":6,"featured_media":30867082,"comment_status":"closed","ping_status":"open","sticky":false,"template":"","format":"standard","meta":{"_monsterinsights_skip_tracking":false,"_monsterinsights_sitenote_active":false,"_monsterinsights_sitenote_note":"","_monsterinsights_sitenote_category":0,"footnotes":""},"categories":[5842],"tags":[6755,357,1745],"class_list":["post-30867081","post","type-post","status-publish","format-standard","has-post-thumbnail","hentry","category-comunidad","tag-curso-2020-2021","tag-poligono-sur","tag-residencia-universitaria-flora-tristan"],"_links":{"self":[{"href":"https:\/\/www.upo.es\/diario\/wp-json\/wp\/v2\/posts\/30867081","targetHints":{"allow":["GET"]}}],"collection":[{"href":"https:\/\/www.upo.es\/diario\/wp-json\/wp\/v2\/posts"}],"about":[{"href":"https:\/\/www.upo.es\/diario\/wp-json\/wp\/v2\/types\/post"}],"author":[{"embeddable":true,"href":"https:\/\/www.upo.es\/diario\/wp-json\/wp\/v2\/users\/6"}],"replies":[{"embeddable":true,"href":"https:\/\/www.upo.es\/diario\/wp-json\/wp\/v2\/comments?post=30867081"}],"version-history":[{"count":3,"href":"https:\/\/www.upo.es\/diario\/wp-json\/wp\/v2\/posts\/30867081\/revisions"}],"predecessor-version":[{"id":30867091,"href":"https:\/\/www.upo.es\/diario\/wp-json\/wp\/v2\/posts\/30867081\/revisions\/30867091"}],"wp:featuredmedia":[{"embeddable":true,"href":"https:\/\/www.upo.es\/diario\/wp-json\/wp\/v2\/media\/30867082"}],"wp:attachment":[{"href":"https:\/\/www.upo.es\/diario\/wp-json\/wp\/v2\/media?parent=30867081"}],"wp:term":[{"taxonomy":"category","embeddable":true,"href":"https:\/\/www.upo.es\/diario\/wp-json\/wp\/v2\/categories?post=30867081"},{"taxonomy":"post_tag","embeddable":true,"href":"https:\/\/www.upo.es\/diario\/wp-json\/wp\/v2\/tags?post=30867081"}],"curies":[{"name":"wp","href":"https:\/\/api.w.org\/{rel}","templated":true}]}}