{"id":30867133,"date":"2021-06-29T12:08:57","date_gmt":"2021-06-29T10:08:57","guid":{"rendered":"https:\/\/www.upo.es\/diario\/?p=30867133"},"modified":"2021-07-06T09:42:40","modified_gmt":"2021-07-06T07:42:40","slug":"el-iam-y-la-upo-refuerzan-su-compromiso-por-la-igualdad-en-los-cursos-de-verano-de-carmona","status":"publish","type":"post","link":"https:\/\/www.upo.es\/diario\/institucional\/2021\/06\/el-iam-y-la-upo-refuerzan-su-compromiso-por-la-igualdad-en-los-cursos-de-verano-de-carmona\/","title":{"rendered":"El IAM y la UPO refuerzan su compromiso por la igualdad en los Cursos de Verano de Carmona"},"content":{"rendered":"<figure id=\"attachment_30867134\" aria-describedby=\"caption-attachment-30867134\" style=\"width: 750px\" class=\"wp-caption aligncenter\"><img loading=\"lazy\" decoding=\"async\" class=\"size-large wp-image-30867134\" src=\"https:\/\/www.upo.es\/diario\/wp-content\/uploads\/2021\/06\/Consej-Igualdad-IAM_UPO-3-750x422.jpg\" alt=\"\" width=\"750\" height=\"422\" srcset=\"https:\/\/www.upo.es\/diario\/wp-content\/uploads\/2021\/06\/Consej-Igualdad-IAM_UPO-3-750x422.jpg 750w, https:\/\/www.upo.es\/diario\/wp-content\/uploads\/2021\/06\/Consej-Igualdad-IAM_UPO-3-360x203.jpg 360w, https:\/\/www.upo.es\/diario\/wp-content\/uploads\/2021\/06\/Consej-Igualdad-IAM_UPO-3-768x432.jpg 768w, https:\/\/www.upo.es\/diario\/wp-content\/uploads\/2021\/06\/Consej-Igualdad-IAM_UPO-3-600x338.jpg 600w, https:\/\/www.upo.es\/diario\/wp-content\/uploads\/2021\/06\/Consej-Igualdad-IAM_UPO-3-1536x864.jpg 1536w, https:\/\/www.upo.es\/diario\/wp-content\/uploads\/2021\/06\/Consej-Igualdad-IAM_UPO-3-2048x1152.jpg 2048w\" sizes=\"auto, (max-width: 750px) 100vw, 750px\" \/><figcaption id=\"caption-attachment-30867134\" class=\"wp-caption-text\">De izquierda a derecha: la delegada del rector de la UPO para la Igualdad de G\u00e9nero, M\u00f3nica Dom\u00ednguez; la vicerrectora de Relaciones Institucionales y Fundaciones, Laura L\u00f3pez; la consejera de Igualdad, Pol\u00edticas Sociales y Conciliaci\u00f3n, Roc\u00edo Ruiz, y la directora del IAM, Laura Fern\u00e1ndez.<\/figcaption><\/figure>\n<p>El Instituto Andaluz de la Mujer (IAM), organismo dependiente de la Consejer\u00eda de Igualdad, Pol\u00edticas Sociales y Conciliaci\u00f3n, y la Universidad Pablo de Olavide (UPO) han estrechado un a\u00f1o m\u00e1s su colaboraci\u00f3n con el patrocinio de los Cursos de Verano que celebra la Olavide en Carmona y que cumplen en este curso 2020\/2021 su decimonovena edici\u00f3n. Tanto el IAM como la Universidad han sellado esta ma\u00f1ana su colaboraci\u00f3n en un acto celebrado en la UPO que ha contado con la presencia de la consejera de Igualdad, Pol\u00edticas Sociales y Conciliaci\u00f3n, Roc\u00edo Ruiz, y con la vicerrectora de Relaciones Institucionales y Fundaciones, Laura L\u00f3pez. Han estado tambi\u00e9n presentes la directora del IAM, Laura Fern\u00e1ndez, y la delegada del rector de la UPO para la Igualdad de G\u00e9nero, M\u00f3nica Dom\u00ednguez. La colaboraci\u00f3n del Instituto Andaluz de la Mujer con los Cursos de Verano de Carmona se remonta al a\u00f1o 2017. Desde esta fecha, dicho apoyo se he concretado en la celebraci\u00f3n de seminarios de diferentes \u00e1reas de conocimiento en los que la defensa de los derechos de las mujeres ha constituido una pieza esencial.<\/p>\n<p>Este compromiso por la defensa de los derechos de las mujeres y la lucha contra todo tipo de discriminaci\u00f3n por raz\u00f3n de g\u00e9nero une a la Consejer\u00eda de Igualdad, Pol\u00edticas Sociales y Conciliaci\u00f3n y a la instituci\u00f3n acad\u00e9mica. As\u00ed, la oferta formativa de los Curso de Olavide en Carmona supone tambi\u00e9n un reflejo de esta apuesta por la igualdad de g\u00e9nero, posicionando a estos Cursos de Verano como referentes de la concienciaci\u00f3n y defensa del principio de igualdad.<\/p>\n<p>Los t\u00edtulos por los que apuesta el Instituto Andaluz de la Mujer en la oferta acad\u00e9mica festival de esta edici\u00f3n son: \u2018Educar para la igualdad. El \u00fanico camino\u2019 (5-7 de julio), \u2018Intervenci\u00f3n social con personas en riesgo de exclusi\u00f3n\u2019 (5-7 de julio), \u2018Mujer, empleabilidad y emprendimiento: retos y oportunidades\u2019 (12-14 de julio), \u2018La situaci\u00f3n de la v\u00edctima de trata en tiempos del Covid-19\u2019 (15-16 de julio) y \u2018Sexualidad (es) e intervenci\u00f3n socio-educativa. M\u00e1s all\u00e1 de la prevenci\u00f3n\u2019 (26-27 de julio).<\/p>\n<p><img loading=\"lazy\" decoding=\"async\" class=\"alignright size-medium wp-image-30867138\" src=\"https:\/\/www.upo.es\/diario\/wp-content\/uploads\/2021\/06\/Consej-Igualdad-IAM_UPO-2-360x240.jpg\" alt=\"\" width=\"360\" height=\"240\" srcset=\"https:\/\/www.upo.es\/diario\/wp-content\/uploads\/2021\/06\/Consej-Igualdad-IAM_UPO-2-360x240.jpg 360w, https:\/\/www.upo.es\/diario\/wp-content\/uploads\/2021\/06\/Consej-Igualdad-IAM_UPO-2-750x500.jpg 750w, https:\/\/www.upo.es\/diario\/wp-content\/uploads\/2021\/06\/Consej-Igualdad-IAM_UPO-2-768x512.jpg 768w, https:\/\/www.upo.es\/diario\/wp-content\/uploads\/2021\/06\/Consej-Igualdad-IAM_UPO-2-600x400.jpg 600w, https:\/\/www.upo.es\/diario\/wp-content\/uploads\/2021\/06\/Consej-Igualdad-IAM_UPO-2-1536x1024.jpg 1536w, https:\/\/www.upo.es\/diario\/wp-content\/uploads\/2021\/06\/Consej-Igualdad-IAM_UPO-2-2048x1365.jpg 2048w\" sizes=\"auto, (max-width: 360px) 100vw, 360px\" \/>La Consejer\u00eda de Igualdad, Pol\u00edticas Sociales y Conciliaci\u00f3n ha subrayado que \u201cse trata cat\u00e1logo amplio y diverso que tiene un denominador com\u00fan: generar conocimiento para profesionales que trabajan con personas, profesionales que d\u00eda a d\u00eda est\u00e1n en primera l\u00ednea contra las m\u00faltiples desigualdades de la sociedad: los delitos de odio, la violencia de g\u00e9nero, la exclusi\u00f3n social\u2026 Y es vital que la generaci\u00f3n de conocimiento para la pr\u00e1ctica, para la intervenci\u00f3n social y comunitaria, venga de la mano de las universidades\u201d. Asimismo, ha felicitado a la Universidad Pablo de Olavide \u201cpor la organizaci\u00f3n de estos cursos, por su programaci\u00f3n diversa y por la filosof\u00eda que se deja entrever en toda la programaci\u00f3n, que es el respeto y el fomento y defensa de los Derechos Humanos\u201d.<\/p>\n<p>Por su parte, la vicerrectora de Relaciones Institucionales y Fundaciones, Laura L\u00f3pez de la Cruz, ha recordado que aunque las grandes transformaciones sociales en materia de igualdad en Espa\u00f1a han ocurrido de la mano del legislador, y que a trav\u00e9s de la educaci\u00f3n y de la formaci\u00f3n se ha seguido avanzado en el cambio social, \u201cnuestra asignatura pendiente en materia de igualdad son las desigualdades sutiles que sufren las mujeres, especialmente en el \u00e1mbito laboral, que son m\u00e1s manifiestas a medida que subimos pelda\u00f1os en la escala social\u201d. Para Laura L\u00f3pez de la Cruz, el debate, la reflexi\u00f3n y la denuncia acad\u00e9mica son imprescindibles para poner freno a estas situaciones de injusticia.<\/p>\n<p>La m\u00e1xima responsable de las pol\u00edticas de igualdad en Andaluc\u00eda ha se\u00f1alado que con este acuerdo se refuerza \u201cnuestro compromiso con todas las Universidades P\u00fablicas de Andaluc\u00eda como agentes clave para conseguir esa Andaluc\u00eda que avanza y no deja a nadie atr\u00e1s, una Andaluc\u00eda igualitaria y libre de violencias machistas\u201d. No en vano, las Universidades son protagonistas en el Plan Estrat\u00e9gico para la igualdad de Mujeres y Hombres en Andaluc\u00eda que impulsa la Consejer\u00eda de Igualdad, Pol\u00edticas Sociales y Conciliaci\u00f3n, a trav\u00e9s del Instituto Andaluz de la Mujer: \u201cEste plan nace con la misi\u00f3n de establecer las directrices, los objetivos estrat\u00e9gicos y las l\u00edneas b\u00e1sicas de intervenci\u00f3n que orientar\u00e1n las actividades de todos los poderes p\u00fablicos en Andaluc\u00eda, incluida las universidades, en materia de igualdad entre mujeres y hombres, con el fin \u00faltimo de alcanzar la democracia paritaria y la plena incorporaci\u00f3n de las mujeres en orden a superar cualquier discriminaci\u00f3n social, pol\u00edtica, econ\u00f3mica o laboral\u201d.<\/p>\n<p>En este sentido, este Plan supondr\u00e1 un marco com\u00fan que afectar\u00e1 a todas las consejer\u00edas del Gobierno andaluz, a sus entidades instrumentales, a las universidades p\u00fablicas as\u00ed como a las entidades locales que deber\u00e1n desarrollar sus propios planes espec\u00edficos de igualdad en funci\u00f3n de las directrices que marcar\u00e1 dicho Plan estrat\u00e9gico.<\/p>\n<p>Asimismo, Roc\u00edo Ruiz ha puesto de relieve que otras de las l\u00edneas de trabajo con las universidades que se ha reforzado es el programa Univergem, que tiene como objetivo promover actuaciones innovadoras y contextualizadas desde la perspectiva de g\u00e9nero en las universidades p\u00fablicas de Andaluc\u00eda incentivando el empleo, autoempleo y emprendimiento de las mujeres universitarias y favorecer la igualdad de oportunidades entre mujeres y hombres. \u201cPor ello, ya hemos publicado las nuevas bases reguladoras y pr\u00f3ximamente publicaremos la convocatoria donde hemos mejorado y reforzado este programa, seg\u00fan las necesidades y las peticiones de las propias universidades que son quienes lo ejecutan. Hemos introducido la transferencia de conocimiento, al ser una apuesta de las universidades por incorporar el conocimiento generado a trav\u00e9s de sus actividades e investigaciones a una cadena de valor capaz de lograr un retorno econ\u00f3mico, con el prop\u00f3sito de que pueda ser aplicado por el sector productivo o por la sociedad en general. Por tal motivo, hemos de procurar que el conocimiento generado a trav\u00e9s de este programa trascienda el \u00e1mbito acad\u00e9mico a fin de incorporarlo a la cultura empresarial y social\u201d, ha se\u00f1alado.<\/p>\n<p>Adem\u00e1s, otro de los aspectos mejorados est\u00e1 relacionado con la evaluaci\u00f3n, ya que se ha dise\u00f1ado una herramienta de seguimiento y evaluaci\u00f3n que tendr\u00e1 que presentar cada Universidad junto con el proyecto a subvencionar. \u201cEl objetivo es evaluar y comprobar el impacto real de las medidas, de los proyectos, para poder potenciar aquellos que tienen un gran impacto, y poder analizar y modificar aquellos que tienen un menor impacto en la poblaci\u00f3n diana\u201d, ha enfatizado la consejera.<\/p>\n","protected":false},"excerpt":{"rendered":"<p>La consejera de Igualdad y la vicerrectora de Relaciones Institucionales y Fundaciones sellan su colaboraci\u00f3n en un acto donde se subraya la importancia de la formaci\u00f3n para la consecuci\u00f3n de la igualdad efectiva entre mujeres y hombres.<\/p>\n","protected":false},"author":4,"featured_media":30867134,"comment_status":"closed","ping_status":"open","sticky":false,"template":"","format":"standard","meta":{"_monsterinsights_skip_tracking":false,"_monsterinsights_sitenote_active":false,"_monsterinsights_sitenote_note":"","_monsterinsights_sitenote_category":0,"footnotes":""},"categories":[6],"tags":[5903,22,7456,1217,517,2731],"class_list":["post-30867133","post","type-post","status-publish","format-standard","has-post-thumbnail","hentry","category-institucional","tag-consejeria-de-igualdad-politicas-sociales-y-conciliacion","tag-cursos-de-verano","tag-cursos-de-verano-de-carmona","tag-iam","tag-igualdad","tag-instituto-andaluz-de-la-mujer"],"_links":{"self":[{"href":"https:\/\/www.upo.es\/diario\/wp-json\/wp\/v2\/posts\/30867133","targetHints":{"allow":["GET"]}}],"collection":[{"href":"https:\/\/www.upo.es\/diario\/wp-json\/wp\/v2\/posts"}],"about":[{"href":"https:\/\/www.upo.es\/diario\/wp-json\/wp\/v2\/types\/post"}],"author":[{"embeddable":true,"href":"https:\/\/www.upo.es\/diario\/wp-json\/wp\/v2\/users\/4"}],"replies":[{"embeddable":true,"href":"https:\/\/www.upo.es\/diario\/wp-json\/wp\/v2\/comments?post=30867133"}],"version-history":[{"count":4,"href":"https:\/\/www.upo.es\/diario\/wp-json\/wp\/v2\/posts\/30867133\/revisions"}],"predecessor-version":[{"id":30867244,"href":"https:\/\/www.upo.es\/diario\/wp-json\/wp\/v2\/posts\/30867133\/revisions\/30867244"}],"wp:featuredmedia":[{"embeddable":true,"href":"https:\/\/www.upo.es\/diario\/wp-json\/wp\/v2\/media\/30867134"}],"wp:attachment":[{"href":"https:\/\/www.upo.es\/diario\/wp-json\/wp\/v2\/media?parent=30867133"}],"wp:term":[{"taxonomy":"category","embeddable":true,"href":"https:\/\/www.upo.es\/diario\/wp-json\/wp\/v2\/categories?post=30867133"},{"taxonomy":"post_tag","embeddable":true,"href":"https:\/\/www.upo.es\/diario\/wp-json\/wp\/v2\/tags?post=30867133"}],"curies":[{"name":"wp","href":"https:\/\/api.w.org\/{rel}","templated":true}]}}