{"id":30867141,"date":"2021-06-29T13:53:06","date_gmt":"2021-06-29T11:53:06","guid":{"rendered":"https:\/\/www.upo.es\/diario\/?p=30867141"},"modified":"2021-07-06T17:44:57","modified_gmt":"2021-07-06T15:44:57","slug":"sexto-encuentro-eufem","status":"publish","type":"post","link":"https:\/\/www.upo.es\/diario\/docencia-formacion\/2021\/06\/sexto-encuentro-eufem\/","title":{"rendered":"Los avances y los retos de los estudios feministas y de g\u00e9nero son analizados en el VI Encuentro EUFEM"},"content":{"rendered":"<figure id=\"attachment_30867143\" aria-describedby=\"caption-attachment-30867143\" style=\"width: 750px\" class=\"wp-caption aligncenter\"><a href=\"https:\/\/www.upo.es\/diario\/wp-content\/uploads\/2021\/06\/EUFEM-VI-Encuentro-scaled.jpg\"><img loading=\"lazy\" decoding=\"async\" class=\"wp-image-30867143 size-large\" src=\"https:\/\/www.upo.es\/diario\/wp-content\/uploads\/2021\/06\/EUFEM-VI-Encuentro-750x500.jpg\" alt=\"\" width=\"750\" height=\"500\" srcset=\"https:\/\/www.upo.es\/diario\/wp-content\/uploads\/2021\/06\/EUFEM-VI-Encuentro-750x500.jpg 750w, https:\/\/www.upo.es\/diario\/wp-content\/uploads\/2021\/06\/EUFEM-VI-Encuentro-360x240.jpg 360w, https:\/\/www.upo.es\/diario\/wp-content\/uploads\/2021\/06\/EUFEM-VI-Encuentro-768x512.jpg 768w, https:\/\/www.upo.es\/diario\/wp-content\/uploads\/2021\/06\/EUFEM-VI-Encuentro-600x400.jpg 600w, https:\/\/www.upo.es\/diario\/wp-content\/uploads\/2021\/06\/EUFEM-VI-Encuentro-1536x1024.jpg 1536w, https:\/\/www.upo.es\/diario\/wp-content\/uploads\/2021\/06\/EUFEM-VI-Encuentro-2048x1365.jpg 2048w\" sizes=\"auto, (max-width: 750px) 100vw, 750px\" \/><\/a><figcaption id=\"caption-attachment-30867143\" class=\"wp-caption-text\">Rosa San Segundo, Francisco Oliva y Paula Rodr\u00edguez en la inauguraci\u00f3n del VI Encuentro EUFEM<\/figcaption><\/figure>\n<p>La<strong> Plataforma Universitaria de Estudios Feministas y de G\u00e9nero (EUFEM)<\/strong> celebra hoy martes, desde las 11 horas en el Paraninfo de la Universidad Pablo de Olavide, su <strong>VI Encuentro.<\/strong> La jornada ha sido organizada por el <a href=\"https:\/\/www.upo.es\/cinef\/\">Centro Interdisciplinar de Estudios Feministas, de las Mujeres y de G\u00e9nero (CINEF) de la UPO<\/a> y ha sido inaugurada por el rector, <strong>Francisco Oliva<\/strong>; por <strong>Rosa San Segundo<\/strong>, presidenta de EUFEM; y por <strong>Paula Rodr\u00edguez<\/strong>, directora del CINEF. El encuentro puede seguirse <em><a href=\"https:\/\/upotv.upo.es\/live\/56b9d9f22385837d458b456b\">online a trav\u00e9s de UPOtv<\/a><\/em>.<\/p>\n<p>La red EUFEM, creada en 2016, est\u00e1 formada por asociaciones, centros, grupos e institutos universitarios de investigaci\u00f3n, adem\u00e1s de programas de m\u00e1ster y doctorado, de universidades de toda Espa\u00f1a. Para su VI Encuentro han sido programadas tres mesas adem\u00e1s de la asamblea anual. <strong>M\u00f3nica Dom\u00ednguez<\/strong>, delegada del rector de la UPO para la Igualdad de G\u00e9nero y codirectora del CINEF, clausurar\u00e1 la jornada a las 18.30 horas.<\/p>\n<p>Durante la inauguraci\u00f3n, el rector de la UPO ha subrayado la necesidad de formaci\u00f3n y educaci\u00f3n en materia de igualdad de g\u00e9nero en las universidades. \u00abTenemos muchos retos pendientes como la brecha salarial o la desigualdad en el n\u00famero de catedr\u00e1ticos y catedr\u00e1ticas o rectores y rectoras. Queda mucha tarea por delante\u00bb. Francisco Oliva ha puesto en valor la figura de la delegada del rector para la Igualdad de la Universidad Pablo de Olavide, por la capacidad de hacer pol\u00edticas transversales, \u00abno solo por el control del lenguaje, que es muy importante, sino tambi\u00e9n por los estudios de impacto de g\u00e9nero que acompa\u00f1an a cada normativa\u00bb y que la matizan en busca de la igualdad real. \u00abEliminar la brecha de g\u00e9nero y consolidar la igualdad de g\u00e9nero en la Universidad es una prioridad\u00bb, ha destacado.<\/p>\n<p>La directora de la Agencia Nacional de Evaluaci\u00f3n de la Calidad y Acreditaci\u00f3n (ANECA), Mercedes Siles, ha intervenido en la <strong>primera sesi\u00f3n, \u2018Los estudios de g\u00e9nero en la carrera acad\u00e9mica e investigadora en Espa\u00f1a y la UE\u2019<\/strong>, junto a Lina G\u00e1lvez, eurodiputada y vicepresidenta de la Comisi\u00f3n de Industria, Investigaci\u00f3n y Energ\u00eda del Parlamento Europeo; Zulema Altamirano, directora de la Unidad de Mujeres y Ciencia del Ministerio de Ciencia e Innovaci\u00f3n; y Francisco Javier Llorens, coordinador Comisi\u00f3n Nacional Evaluadora de la Actividad Investigadora (CNEAI).<\/p>\n<p><strong>Seis especialistas en estudios feministas y de g\u00e9nero intervendr\u00e1n con ponencias sobre los avances en este \u00e1mbito en la segunda sesi\u00f3n<\/strong>: Inmaculada Perdomo (Universidad de La Laguna); Eulalia P\u00e9rez (CSIC); Concha Rold\u00e1n, vicepresidenta de EUFEM; Pilar Toboso (Universidad Aut\u00f3noma de Madrid); Teresa Cabruja (Universitat de Girona); y Jordi Luengo, director general para la Calidad de la UPO e investigador del CINEF. Ya por la tarde, a partir de las 16 horas, tendr\u00e1 lugar la tercera y \u00faltima mesa, que abordar\u00e1 los<strong> estudios feministas y de g\u00e9nero en las titulaciones de grado y postgrado<\/strong>. Las gu\u00edas docentes como instrumento para la igualdad, los sesgos de g\u00e9nero y la transversalidad de la perspectiva de g\u00e9nero en los estudios universitarios ser\u00e1n algunos de los temas tratados.<\/p>\n<p>Este VI Encuentro de EUFEM ha sido organizado por el <strong>Centro Interdisciplinar de Estudios Feministas, de las Mujeres y de G\u00e9nero (CINEF)<\/strong> de la UPO, en la que es su primera actividad acad\u00e9mica tras su creaci\u00f3n el pasado mes de febrero. Se trata de un centro propio de investigaci\u00f3n, docencia y transferencia de conocimiento en igualdad de g\u00e9nero, surgido de la experiencia del personal docente del M\u00e1ster de G\u00e9nero e Igualdad de la Universidad y en el que intervienen los grupos de investigaci\u00f3n \u2018Econom\u00eda Ecol\u00f3gica, Feminista y Desarrollo\u2019, \u2018Valores, Familia, Igualdad y Relaciones Intergeneracionales\u2019, \u2018Investigaci\u00f3n de Acci\u00f3n Socioeducativa\u2019, y \u2018M\u00e9todos Cuantitativos en Empresa y Econom\u00eda\u2019.<\/p>\n<h3><strong>M\u00e1s informaci\u00f3n:<\/strong><\/h3>\n<p>VI Encuentro EUFEM\u00a0 &#8211; Programa: <a href=\"https:\/\/eventos.upo.es\/65916\/\">https:\/\/eventos.upo.es\/65916\/<\/a><\/p>\n<p>Para seguir en directo el VI Encuentro EUFEM: <a href=\"https:\/\/upotv.upo.es\/live\/56b9d9f22385837d458b456b\">https:\/\/upotv.upo.es\/live\/56b9d9f22385837d458b456b<\/a><\/p>\n<p>&nbsp;<\/p>\n","protected":false},"excerpt":{"rendered":"<p>La Plataforma Universitaria de Estudios Feministas y de G\u00e9nero (EUFEM) celebra hoy martes, desde las 11 horas en el Paraninfo de la Universidad Pablo de Olavide, su VI Encuentro. La jornada ha sido organizada por el Centro Interdisciplinar de Estudios Feministas, de las Mujeres y de G\u00e9nero (CINEF) de la UPO y ha sido inaugurada por el rector, Francisco Oliva; por Rosa San Segundo, presidenta de EUFEM; y por Paula Rodr\u00edguez, directora del CINEF. El encuentro puede seguirse online a trav\u00e9s de UPOtv.<\/p>\n","protected":false},"author":6,"featured_media":30867143,"comment_status":"closed","ping_status":"open","sticky":false,"template":"","format":"standard","meta":{"_monsterinsights_skip_tracking":false,"_monsterinsights_sitenote_active":false,"_monsterinsights_sitenote_note":"","_monsterinsights_sitenote_category":0,"footnotes":""},"categories":[2779],"tags":[821,890,517,5883,38],"class_list":["post-30867141","post","type-post","status-publish","format-standard","has-post-thumbnail","hentry","category-docencia-formacion","tag-encuentro","tag-feminismo","tag-igualdad","tag-igualdad-de-genero","tag-rector"],"_links":{"self":[{"href":"https:\/\/www.upo.es\/diario\/wp-json\/wp\/v2\/posts\/30867141","targetHints":{"allow":["GET"]}}],"collection":[{"href":"https:\/\/www.upo.es\/diario\/wp-json\/wp\/v2\/posts"}],"about":[{"href":"https:\/\/www.upo.es\/diario\/wp-json\/wp\/v2\/types\/post"}],"author":[{"embeddable":true,"href":"https:\/\/www.upo.es\/diario\/wp-json\/wp\/v2\/users\/6"}],"replies":[{"embeddable":true,"href":"https:\/\/www.upo.es\/diario\/wp-json\/wp\/v2\/comments?post=30867141"}],"version-history":[{"count":3,"href":"https:\/\/www.upo.es\/diario\/wp-json\/wp\/v2\/posts\/30867141\/revisions"}],"predecessor-version":[{"id":30867397,"href":"https:\/\/www.upo.es\/diario\/wp-json\/wp\/v2\/posts\/30867141\/revisions\/30867397"}],"wp:featuredmedia":[{"embeddable":true,"href":"https:\/\/www.upo.es\/diario\/wp-json\/wp\/v2\/media\/30867143"}],"wp:attachment":[{"href":"https:\/\/www.upo.es\/diario\/wp-json\/wp\/v2\/media?parent=30867141"}],"wp:term":[{"taxonomy":"category","embeddable":true,"href":"https:\/\/www.upo.es\/diario\/wp-json\/wp\/v2\/categories?post=30867141"},{"taxonomy":"post_tag","embeddable":true,"href":"https:\/\/www.upo.es\/diario\/wp-json\/wp\/v2\/tags?post=30867141"}],"curies":[{"name":"wp","href":"https:\/\/api.w.org\/{rel}","templated":true}]}}