{"id":30867156,"date":"2021-06-29T15:46:53","date_gmt":"2021-06-29T13:46:53","guid":{"rendered":"https:\/\/www.upo.es\/diario\/?p=30867156"},"modified":"2021-06-30T12:36:46","modified_gmt":"2021-06-30T10:36:46","slug":"el-presidente-de-rtve-clausura-manana-el-curso-de-periodismo-en-carmona","status":"publish","type":"post","link":"https:\/\/www.upo.es\/diario\/cursos-verano\/2021\/06\/el-presidente-de-rtve-clausura-manana-el-curso-de-periodismo-en-carmona\/","title":{"rendered":"El presidente de RTVE clausura el curso de periodismo en Carmona"},"content":{"rendered":"<figure id=\"attachment_30867158\" aria-describedby=\"caption-attachment-30867158\" style=\"width: 360px\" class=\"wp-caption alignright\"><img loading=\"lazy\" decoding=\"async\" class=\"size-medium wp-image-30867158\" src=\"https:\/\/www.upo.es\/diario\/wp-content\/uploads\/2021\/06\/Edificio_TVE-360x190.jpg\" alt=\"\" width=\"360\" height=\"190\" srcset=\"https:\/\/www.upo.es\/diario\/wp-content\/uploads\/2021\/06\/Edificio_TVE-360x190.jpg 360w, https:\/\/www.upo.es\/diario\/wp-content\/uploads\/2021\/06\/Edificio_TVE-750x396.jpg 750w, https:\/\/www.upo.es\/diario\/wp-content\/uploads\/2021\/06\/Edificio_TVE-768x405.jpg 768w, https:\/\/www.upo.es\/diario\/wp-content\/uploads\/2021\/06\/Edificio_TVE-600x317.jpg 600w, https:\/\/www.upo.es\/diario\/wp-content\/uploads\/2021\/06\/Edificio_TVE-1536x810.jpg 1536w, https:\/\/www.upo.es\/diario\/wp-content\/uploads\/2021\/06\/Edificio_TVE-1320x696.jpg 1320w, https:\/\/www.upo.es\/diario\/wp-content\/uploads\/2021\/06\/Edificio_TVE.jpg 1600w\" sizes=\"auto, (max-width: 360px) 100vw, 360px\" \/><figcaption id=\"caption-attachment-30867158\" class=\"wp-caption-text\">Foto: Wikimedia Commons<\/figcaption><\/figure>\n<p>La conferencia \u201cC\u00f3mo la vulnerabilidad de los periodistas mina la fortaleza de la democracia. La misi\u00f3n del servicio p\u00fablico audiovisual\u201d, que ser\u00e1 impartida por <strong>el presidente de Radio Televisi\u00f3n Espa\u00f1ola, Jos\u00e9 Manuel P\u00e9rez Tornero, clausura ma\u00f1ana a las 18,00 horas el curso de verano \u201cEl periodismo antes, durante y despu\u00e9s del Covid-19\u201d<\/strong>, un seminario dirigido por Rafael Rodr\u00edguez Guerrero, presidente de la Asociaci\u00f3n de la Prensa de Sevilla, y coordinado por Carolina Fern\u00e1ndez, vicepresidenta segunda de la Federaci\u00f3n de Asociaciones de Periodistas de Espa\u00f1a y gerente de la Asociaci\u00f3n de la Prensa de Sevilla, y que se est\u00e1 celebrando en el aula 6 de la Casa Palacio de Los Briones de Carmona.<\/p>\n<p>La jornada arrancar\u00e1 a las 10,00 horas con una conferencia dirigida por Clara Jim\u00e9nez, cofundadora de maldita.es, que hablar\u00e1 sobre mentiras y bulos en tiempos del Covid-19. Asimismo, a las 12,00 horas se celebrar\u00e1 el \u201cTaller pr\u00e1ctico sobre la detecci\u00f3n de bulos y mentiras en los medios de comunicaci\u00f3n, en las redes sociales y en las instituciones\u201d, que ser\u00e1 impartido tambi\u00e9n por dicha periodista.<\/p>\n<p>Posteriormente, a las 16,00 horas, se reanudar\u00e1 el seminario de periodismo con la mesa redonda \u201cLa tecnolog\u00eda de la informaci\u00f3n durante la pandemia y la inteligencia artificial. Robots que elaboran informaci\u00f3n. Las m\u00e1quinas que sustituyen a los periodistas son ya una realidad en Espa\u00f1a\u201d y en la que participar\u00e1n David Llorente, fundador y CEO de la empresa Narrativa, y David Corral, responsable de Innovaci\u00f3n de Contenidos de RTVE.<\/p>\n<p>Al mismo tiempo, tambi\u00e9n sigue celebr\u00e1ndose en Carmona el <strong>curso \u201cCoaching vocal de alto rendimiento: preparaci\u00f3n t\u00e9cnico-vocal de audiciones, concursos y giras de conciertos. 2\u00aa edici\u00f3n\u201d, dirigido e impartido por Juana Castillo Ruz<\/strong>, soprano profesional. Este programa formativo comenzar\u00e1 a las 10,00 horas con la conferencia titulada \u201cEl instrumento de canto desde el punto de vista m\u00e9dico, su funcionamiento correcto y patolog\u00edas\u201d, que estar\u00e1 a cargo del otorrinolaring\u00f3logo Rafael Ram\u00edrez Ponferrada.<\/p>\n<p>Justo despu\u00e9s le sigue la conferencia \u201cM\u00e9todo de trabajo vocal para mantener sano el instrumento y aumentar su rendimiento\u201d. A las 12,00 horas, el curso continuar\u00e1 con un taller te\u00f3rico pr\u00e1ctico de \u201cEntrenamiento para estados problem\u00e1ticos: resfriados, afon\u00edas, endurecimientos\u201d y por la tarde, a las 17,00 horas tendr\u00e1 lugar un taller que servir\u00e1 de ensayo para la gala del concierto de los alumnos, que se celebrar\u00e1 a las 21,30 horas en la Plaza de Abastos de Carmona, en colaboraci\u00f3n con la Delegaci\u00f3n de Cultura del Ayuntamiento de Carmona.<\/p>\n","protected":false},"excerpt":{"rendered":"<p>La conferencia \u201cC\u00f3mo la vulnerabilidad de los periodistas mina la fortaleza de la democracia. La misi\u00f3n del servicio p\u00fablico audiovisual\u201d, que ser\u00e1 impartida por el presidente de Radio Televisi\u00f3n Espa\u00f1ola, Jos\u00e9 Manuel P\u00e9rez Tornero, clausura ma\u00f1ana a las 18,00 horas el curso de verano \u201cEl periodismo antes, durante y despu\u00e9s del Covid-19\u201d, un seminario dirigido por Rafael Rodr\u00edguez Guerrero, presidente de la Asociaci\u00f3n de la Prensa de Sevilla, y coordinado por Carolina Fern\u00e1ndez, vicepresidenta segunda de la Federaci\u00f3n de Asociaciones de Periodistas de Espa\u00f1a y gerente de la Asociaci\u00f3n de la Prensa de Sevilla, y que se est\u00e1 celebrando en el aula 6 de la Casa Palacio de Los Briones de Carmona. <\/p>\n","protected":false},"author":6,"featured_media":30867158,"comment_status":"closed","ping_status":"open","sticky":false,"template":"","format":"standard","meta":{"_monsterinsights_skip_tracking":false,"_monsterinsights_sitenote_active":false,"_monsterinsights_sitenote_note":"","_monsterinsights_sitenote_category":0,"footnotes":""},"categories":[729],"tags":[23,757,22,984,687,4592],"class_list":["post-30867156","post","type-post","status-publish","format-standard","has-post-thumbnail","hentry","category-cursos-verano","tag-carmona","tag-coaching","tag-cursos-de-verano","tag-medios-de-comunicacion","tag-periodismo","tag-rtve"],"_links":{"self":[{"href":"https:\/\/www.upo.es\/diario\/wp-json\/wp\/v2\/posts\/30867156","targetHints":{"allow":["GET"]}}],"collection":[{"href":"https:\/\/www.upo.es\/diario\/wp-json\/wp\/v2\/posts"}],"about":[{"href":"https:\/\/www.upo.es\/diario\/wp-json\/wp\/v2\/types\/post"}],"author":[{"embeddable":true,"href":"https:\/\/www.upo.es\/diario\/wp-json\/wp\/v2\/users\/6"}],"replies":[{"embeddable":true,"href":"https:\/\/www.upo.es\/diario\/wp-json\/wp\/v2\/comments?post=30867156"}],"version-history":[{"count":3,"href":"https:\/\/www.upo.es\/diario\/wp-json\/wp\/v2\/posts\/30867156\/revisions"}],"predecessor-version":[{"id":30867163,"href":"https:\/\/www.upo.es\/diario\/wp-json\/wp\/v2\/posts\/30867156\/revisions\/30867163"}],"wp:featuredmedia":[{"embeddable":true,"href":"https:\/\/www.upo.es\/diario\/wp-json\/wp\/v2\/media\/30867158"}],"wp:attachment":[{"href":"https:\/\/www.upo.es\/diario\/wp-json\/wp\/v2\/media?parent=30867156"}],"wp:term":[{"taxonomy":"category","embeddable":true,"href":"https:\/\/www.upo.es\/diario\/wp-json\/wp\/v2\/categories?post=30867156"},{"taxonomy":"post_tag","embeddable":true,"href":"https:\/\/www.upo.es\/diario\/wp-json\/wp\/v2\/tags?post=30867156"}],"curies":[{"name":"wp","href":"https:\/\/api.w.org\/{rel}","templated":true}]}}