{"id":30867186,"date":"2021-06-30T16:10:12","date_gmt":"2021-06-30T14:10:12","guid":{"rendered":"https:\/\/www.upo.es\/diario\/?p=30867186"},"modified":"2021-06-30T16:10:12","modified_gmt":"2021-06-30T14:10:12","slug":"el-marketing-ha-entrado-de-lleno-en-el-mundo-de-la-musica-y-nos-vende-productos-comerciales-pero-no-buenos-cantantes","status":"publish","type":"post","link":"https:\/\/www.upo.es\/diario\/cursos-verano\/2021\/06\/el-marketing-ha-entrado-de-lleno-en-el-mundo-de-la-musica-y-nos-vende-productos-comerciales-pero-no-buenos-cantantes\/","title":{"rendered":"\u201cEl marketing ha entrado de lleno en el mundo de la m\u00fasica y nos \u2018vende\u2019 productos comerciales, pero no buenos cantantes\u201d"},"content":{"rendered":"<figure id=\"attachment_30867188\" aria-describedby=\"caption-attachment-30867188\" style=\"width: 750px\" class=\"wp-caption aligncenter\"><a href=\"https:\/\/www.upo.es\/diario\/wp-content\/uploads\/2021\/06\/Juana-Castillo-2-scaled.jpg\"><img loading=\"lazy\" decoding=\"async\" class=\"size-large wp-image-30867188\" src=\"https:\/\/www.upo.es\/diario\/wp-content\/uploads\/2021\/06\/Juana-Castillo-2-750x465.jpg\" alt=\"\" width=\"750\" height=\"465\" srcset=\"https:\/\/www.upo.es\/diario\/wp-content\/uploads\/2021\/06\/Juana-Castillo-2-750x465.jpg 750w, https:\/\/www.upo.es\/diario\/wp-content\/uploads\/2021\/06\/Juana-Castillo-2-360x223.jpg 360w, https:\/\/www.upo.es\/diario\/wp-content\/uploads\/2021\/06\/Juana-Castillo-2-768x476.jpg 768w, https:\/\/www.upo.es\/diario\/wp-content\/uploads\/2021\/06\/Juana-Castillo-2-600x372.jpg 600w, https:\/\/www.upo.es\/diario\/wp-content\/uploads\/2021\/06\/Juana-Castillo-2-1536x952.jpg 1536w, https:\/\/www.upo.es\/diario\/wp-content\/uploads\/2021\/06\/Juana-Castillo-2-2048x1270.jpg 2048w\" sizes=\"auto, (max-width: 750px) 100vw, 750px\" \/><\/a><figcaption id=\"caption-attachment-30867188\" class=\"wp-caption-text\">Juana Castillo<\/figcaption><\/figure>\n<p>\u201cHoy por hoy nos hemos acostumbrado al consumo r\u00e1pido de todo y los chicos piensan que pueden cantar por poco que hagan; de ah\u00ed que el marketing haya entrado de lleno a vendernos lo que yo considero productos comerciales, que no grandes cantantes\u201d. As\u00ed de rotunda se expresa Juana Castillo, soprano profesional, quien a\u00f1ade que muchos cantantes conocidos tienen un instrumento vocal muy deficiente, \u201chasta el punto de quedarse af\u00f3nicos y tener que interrumpir su carrera con las excusas m\u00e1s peregrinas\u201d.<\/p>\n<p>Para la soprano, el marketing los ha convencido de que iba a suplir su falta t\u00e9cnica con \u201cm\u00e1quinas que hacen el trabajo por ellos, grandes escenarios y maravillosas luces que acaban comi\u00e9ndose lo poco que puede ofrecer a nivel de canto\u201d. Por otro lado, quienes s\u00ed tienen calidad art\u00edstica pero no han educado su voz llegan pronto al final de su carrera \u201cporque la garganta ya no les da y empiezan a camuflar esas carencias haciendo pautas en otros estilos musicales y bajando el tono\u201d. Por eso, a\u00f1ade, \u201cmi consejo es menos marketing y m\u00e1s calidad vocal\u201d.<\/p>\n<p>Juana Castillo ha hecho estas declaraciones en el \u00e1mbito del <strong>curso \u2018Coaching vocal de alto rendimiento: preparaci\u00f3n t\u00e9cnico-vocal de audiciones, concursos y giras de concierto\u2019<\/strong>, cuya segunda edici\u00f3n se imparte en la sede de la Universidad Pablo de Olavide en Carmona dentro de la programaci\u00f3n de la XIX edici\u00f3n de los cursos de verano de la UPO bajo la direcci\u00f3n de la soprano.<\/p>\n<p>Hay personas que presentan unas condiciones innatas para el canto, pero tambi\u00e9n han de aprender a cantar ejercitando el trabajo vocal, al igual que quienes carecen de estas condiciones, que van a aprender \u201cexactamente igual y sin ning\u00fan problema educando su voz y montando un buen instrumento vocal a lo largo de varios a\u00f1os de trabajo muscular\u201d, afirma la creadora de un m\u00e9todo de canto al que ha bautizado como Vozart.<\/p>\n<p>A juicio de Juana Castillo, \u201cno es lo habitual que una persona nazca con el manejo acertado y exacto de todo ese complejo c\u00famulo de posiciones musculares\u201d, por lo que lo m\u00e1s deseable es \u201caprender, a trav\u00e9s de la t\u00e9cnica vocal, a manejar realmente el sonido resultante de las cuerdas, de la vibraci\u00f3n, y hacer que la configuraci\u00f3n sea estable y est\u00e9 garantizada de forma autom\u00e1tica\u201d. Es la mejor manera de garantizarse una dilatada carrera profesional en el mundo de la m\u00fasica, \u201cdonde se ha creado una falsa idea al confundirse un triunfo puntual con un buen cantante\u201d.<\/p>\n<p>La coaching vocal y directora del curso asegura que lo m\u00e1s dif\u00edcil para aprender a manejar la voz es \u201cla paciencia, la humildad y la capacidad de aprender realmente\u201d, ya que \u201ca veces somos soberbios, cre\u00eddos, por unas determinadas circunstancias de estar en un determinado nivel art\u00edstico de pronto o que tengas la fortuna de que una gran productora se fije en ti\u201d. Seg\u00fan Castillo, a veces los cantantes caen en la trampa de pensar que ya lo saben todo \u201cy se olvidan de que tienen un instrumento que tienen que seguir trabajando si quieren mantenerlo a flote\u201d.<\/p>\n<p>Por \u00faltimo, Juana Castillo asegura que \u201ctodos tenemos o\u00eddo musical\u201d, y aclara que \u201cel problema surge a la hora de emitir\u201d porque \u201chay personas que tienen muy mala emisi\u00f3n y no dispone de un instrumento musical adecuado\u201d. Por eso, desmiente que haya gente con mal o\u00eddo musical, sino m\u00e1s bien gente \u201ccon muy mal instrumento vocal para cantar y una falta total de t\u00e9cnica y de pr\u00e1ctica para poder hacer que su musculatura realmente funcione de forma adecuada a la hora de emitir esa canci\u00f3n que tanto le gusta\u201d, concluye.<\/p>\n","protected":false},"excerpt":{"rendered":"<p>La soprano Juana Castillo destaca la importancia de aprender, a trav\u00e9s de la t\u00e9cnica vocal, a \u201cmanejar el sonido resultante de las cuerdas vocales y hacer que la configuraci\u00f3n sea estable y est\u00e9 garantizada de forma autom\u00e1tica\u201d.<\/p>\n","protected":false},"author":6,"featured_media":30867188,"comment_status":"closed","ping_status":"open","sticky":false,"template":"","format":"standard","meta":{"_monsterinsights_skip_tracking":false,"_monsterinsights_sitenote_active":false,"_monsterinsights_sitenote_note":"","_monsterinsights_sitenote_category":0,"footnotes":""},"categories":[729],"tags":[2523,757,22,519],"class_list":["post-30867186","post","type-post","status-publish","format-standard","has-post-thumbnail","hentry","category-cursos-verano","tag-artes-escenicas","tag-coaching","tag-cursos-de-verano","tag-olavide-en-carmona"],"_links":{"self":[{"href":"https:\/\/www.upo.es\/diario\/wp-json\/wp\/v2\/posts\/30867186","targetHints":{"allow":["GET"]}}],"collection":[{"href":"https:\/\/www.upo.es\/diario\/wp-json\/wp\/v2\/posts"}],"about":[{"href":"https:\/\/www.upo.es\/diario\/wp-json\/wp\/v2\/types\/post"}],"author":[{"embeddable":true,"href":"https:\/\/www.upo.es\/diario\/wp-json\/wp\/v2\/users\/6"}],"replies":[{"embeddable":true,"href":"https:\/\/www.upo.es\/diario\/wp-json\/wp\/v2\/comments?post=30867186"}],"version-history":[{"count":2,"href":"https:\/\/www.upo.es\/diario\/wp-json\/wp\/v2\/posts\/30867186\/revisions"}],"predecessor-version":[{"id":30867189,"href":"https:\/\/www.upo.es\/diario\/wp-json\/wp\/v2\/posts\/30867186\/revisions\/30867189"}],"wp:featuredmedia":[{"embeddable":true,"href":"https:\/\/www.upo.es\/diario\/wp-json\/wp\/v2\/media\/30867188"}],"wp:attachment":[{"href":"https:\/\/www.upo.es\/diario\/wp-json\/wp\/v2\/media?parent=30867186"}],"wp:term":[{"taxonomy":"category","embeddable":true,"href":"https:\/\/www.upo.es\/diario\/wp-json\/wp\/v2\/categories?post=30867186"},{"taxonomy":"post_tag","embeddable":true,"href":"https:\/\/www.upo.es\/diario\/wp-json\/wp\/v2\/tags?post=30867186"}],"curies":[{"name":"wp","href":"https:\/\/api.w.org\/{rel}","templated":true}]}}