{"id":30867203,"date":"2021-07-01T11:46:50","date_gmt":"2021-07-01T09:46:50","guid":{"rendered":"https:\/\/www.upo.es\/diario\/?p=30867203"},"modified":"2021-07-06T09:42:32","modified_gmt":"2021-07-06T07:42:32","slug":"proyecto-integracion-inmigrantes-refugiados-sevilla","status":"publish","type":"post","link":"https:\/\/www.upo.es\/diario\/cultura-social\/2021\/07\/proyecto-integracion-inmigrantes-refugiados-sevilla\/","title":{"rendered":"Una mesa redonda pone fin a un proyecto de la UPO y del Ayuntamiento para la integraci\u00f3n de inmigrantes y refugiados en Sevilla"},"content":{"rendered":"<figure id=\"attachment_30867206\" aria-describedby=\"caption-attachment-30867206\" style=\"width: 750px\" class=\"wp-caption aligncenter\"><a href=\"https:\/\/www.upo.es\/diario\/wp-content\/uploads\/2021\/07\/MR-colaboracion-ARIC.jpg\"><img loading=\"lazy\" decoding=\"async\" class=\"size-large wp-image-30867206\" src=\"https:\/\/www.upo.es\/diario\/wp-content\/uploads\/2021\/07\/MR-colaboracion-ARIC-750x511.jpg\" alt=\"\" width=\"750\" height=\"511\" srcset=\"https:\/\/www.upo.es\/diario\/wp-content\/uploads\/2021\/07\/MR-colaboracion-ARIC-750x511.jpg 750w, https:\/\/www.upo.es\/diario\/wp-content\/uploads\/2021\/07\/MR-colaboracion-ARIC-360x245.jpg 360w, https:\/\/www.upo.es\/diario\/wp-content\/uploads\/2021\/07\/MR-colaboracion-ARIC-768x523.jpg 768w, https:\/\/www.upo.es\/diario\/wp-content\/uploads\/2021\/07\/MR-colaboracion-ARIC-600x409.jpg 600w, https:\/\/www.upo.es\/diario\/wp-content\/uploads\/2021\/07\/MR-colaboracion-ARIC.jpg 1269w\" sizes=\"auto, (max-width: 750px) 100vw, 750px\" \/><\/a><figcaption id=\"caption-attachment-30867206\" class=\"wp-caption-text\">David Cobos en la mesa redonda<\/figcaption><\/figure>\n<p>Desarrollado por el \u00c1rea de Relaciones Internacionales y Cooperaci\u00f3n (ARIC) de la Universidad Pablo de Olavide y financiado por el Ayuntamiento de Sevilla, el <strong>proyecto \u2018Integraci\u00f3n de los refugiados<\/strong><strong>\u2010<\/strong><strong>inmigrantes en Sevilla a trav\u00e9s del conocimiento de la lengua y la cultura\u2019<\/strong> finaliz\u00f3 ayer tarde con una mesa redonda en la que intervinieron representantes del Ayuntamiento, de la Universidad, y de las entidades colaboradoras, Cruz Roja y Fundaci\u00f3n Cepaim, junto a algunas de las personas refugiadas que han participado en el programa.<\/p>\n<p>El proyecto se ha basado en cuatro acciones principales. Por un lado, la capacitaci\u00f3n ling\u00fc\u00edstica, con dos cursos de espa\u00f1ol para principiantes (niveles A1 y A2) de 25 horas de duraci\u00f3n para dos grupos de diez estudiantes. Esta formaci\u00f3n se ha completado con talleres para la mejora de la empleabilidad. As\u00ed, el \u00c1rea de Orientaci\u00f3n Profesional de la UPO ha tratado de mejorar las herramientas para la b\u00fasqueda de empleo y de emprendimiento de los participantes. En tercer lugar, la Cl\u00ednica Jur\u00eddico Social de la Universidad ha realizado un seguimiento de los j\u00f3venes, con la finalidad de reforzar de manera individualizada las competencias ling\u00fc\u00edsticas y de empleabilidad adquiridas. Esta etapa ha contado con la aportaci\u00f3n de estudiantes de postgrado, que han tenido la ocasi\u00f3n, gracias a tres becas concedidas en el marco del proyecto, de practicar sus conocimientos y que han cursado el M\u00e1ster en Abogac\u00eda; el M\u00e1ster en Derechos Humanos, Interculturalidad y Desarrollo; y el M\u00e1ster en Intervenci\u00f3n Social, Cultura y Diversidad. Por \u00faltimo, para sensibilizar a la comunidad universitaria y a la poblaci\u00f3n sevillana sobre la situaci\u00f3n de los refugiados, se organiz\u00f3 un concurso de micro v\u00eddeo relatos sobre esta tem\u00e1tica.<\/p>\n<figure id=\"attachment_30867207\" aria-describedby=\"caption-attachment-30867207\" style=\"width: 360px\" class=\"wp-caption alignright\"><a href=\"https:\/\/www.upo.es\/diario\/wp-content\/uploads\/2021\/07\/MR-colaboracion-ARIC-2.jpg\"><img loading=\"lazy\" decoding=\"async\" class=\"size-medium wp-image-30867207\" src=\"https:\/\/www.upo.es\/diario\/wp-content\/uploads\/2021\/07\/MR-colaboracion-ARIC-2-360x245.jpg\" alt=\"Juan Antonio Barrionuevo\" width=\"360\" height=\"245\" srcset=\"https:\/\/www.upo.es\/diario\/wp-content\/uploads\/2021\/07\/MR-colaboracion-ARIC-2-360x245.jpg 360w, https:\/\/www.upo.es\/diario\/wp-content\/uploads\/2021\/07\/MR-colaboracion-ARIC-2-750x511.jpg 750w, https:\/\/www.upo.es\/diario\/wp-content\/uploads\/2021\/07\/MR-colaboracion-ARIC-2-768x524.jpg 768w, https:\/\/www.upo.es\/diario\/wp-content\/uploads\/2021\/07\/MR-colaboracion-ARIC-2-600x409.jpg 600w, https:\/\/www.upo.es\/diario\/wp-content\/uploads\/2021\/07\/MR-colaboracion-ARIC-2.jpg 1263w\" sizes=\"auto, (max-width: 360px) 100vw, 360px\" \/><\/a><figcaption id=\"caption-attachment-30867207\" class=\"wp-caption-text\">Juan Antonio Barrionuevo<\/figcaption><\/figure>\n<p>Moderada por <strong>Miguel \u00c1ngel Herrera<\/strong>, director del ARIC, la mesa redonda sirvi\u00f3 para hacer balance de esta iniciativa de cooperaci\u00f3n puesta en marcha desde la Universidad y fue abierta por <strong>David Cobos<\/strong>, vicerrector de Cultura y Pol\u00edticas Sociales de la UPO, quien destac\u00f3 el papel protagonista de la universidad en la educaci\u00f3n para el desarrollo. <strong>Juan Antonio Barrionuevo<\/strong>, delegado de Cooperaci\u00f3n al Desarrollo del Ayuntamiento de Sevilla, abund\u00f3 en la idea al afirmar que la universidad es un actor fundamental en las redes de cooperaci\u00f3n internacional. Por parte de las entidades colaboradoras, <strong>Juan Manuel N\u00fa\u00f1ez<\/strong>, de la Fundaci\u00f3n Cepaim incidi\u00f3 en la importancia de contrarrestar los discursos del odio y en trasladar que \u201clos inmigrantes y los refugiados son personas que buscan un futuro mejor y que afrontan una aut\u00e9ntica carrera de obst\u00e1culos en su d\u00eda a d\u00eda. Es necesario que se reconozca su derecho a una aut\u00e9ntica integraci\u00f3n social\u201d.<\/p>\n<h3>Concurso de micro v\u00eddeo relatos<\/h3>\n<p>Los <strong>v\u00eddeos ganadores del concurso organizado con motivo del proyecto \u2018Integraci\u00f3n de los refugiados-inmigrantes en Sevilla a trav\u00e9s de la lengua y la cultura\u2019 son:<\/strong><\/p>\n<p><strong>Primer Premio: \u2018Casi libre\u2019, de Anisha Gualani.<br \/>\n<\/strong>Dotado con 250 euros. V\u00eddeo de car\u00e1cter epistolar, destaca por su completitud, reflejando la problem\u00e1tica de un menor migrante, las causas y sus posibles soluciones.<br \/>\n<iframe loading=\"lazy\" title=\"YouTube video player\" src=\"https:\/\/www.youtube.com\/embed\/sTGS7vm6jqE\" width=\"560\" height=\"315\" frameborder=\"0\" allowfullscreen=\"allowfullscreen\"><\/iframe><\/p>\n<p>&nbsp;<\/p>\n<p><strong>Segundo Premio: \u2018Historia de dos migraciones\u2019, de Mohammed Ibrahim Hasan.<br \/>\n<\/strong>Dotado con 200 euros. La Comisi\u00f3n de valoraci\u00f3n destaca el car\u00e1cter actual y fresco del v\u00eddeo, y el esfuerzo realizado por mostrar la migraci\u00f3n desde el punto de vista de dos personas que han recorrido distintos caminos.<br \/>\n<iframe loading=\"lazy\" title=\"YouTube video player\" src=\"https:\/\/www.youtube.com\/embed\/-NeNu3jGkT4\" width=\"560\" height=\"315\" frameborder=\"0\" allowfullscreen=\"allowfullscreen\"><\/iframe><\/p>\n<p>&nbsp;<\/p>\n<p><strong>Tercer Premio: \u2018Yo, migrante\u2019, de Flavia Paola Gonz\u00e1lez Morris.<br \/>\n<\/strong>Dotado con 150 euros. La Comisi\u00f3n de valoraci\u00f3n destaca la calidad t\u00e9cnica as\u00ed como la historia que narra desde el punto de vista de la perspectiva de g\u00e9nero, pues recoge la visi\u00f3n de la migraci\u00f3n desde el punto de vista de la mujer.<br \/>\n<iframe loading=\"lazy\" title=\"YouTube video player\" src=\"https:\/\/www.youtube.com\/embed\/LpxaSETmwJg\" width=\"560\" height=\"315\" frameborder=\"0\" allowfullscreen=\"allowfullscreen\"><\/iframe><\/p>\n<p>&nbsp;<\/p>\n","protected":false},"excerpt":{"rendered":"<p>Con la colaboraci\u00f3n de Cruz Roja y la Fundaci\u00f3n Cepaim, el proyecto ha tratado de avanzar en la integraci\u00f3n de inmigrantes y refugiados mejorando su conocimiento de la lengua y la cultura espa\u00f1olas.<\/p>\n","protected":false},"author":6,"featured_media":30867205,"comment_status":"closed","ping_status":"open","sticky":false,"template":"","format":"standard","meta":{"_monsterinsights_skip_tracking":false,"_monsterinsights_sitenote_active":false,"_monsterinsights_sitenote_note":"","_monsterinsights_sitenote_category":0,"footnotes":""},"categories":[5843],"tags":[847,621,5356,5150,3989,953,2813,2582,103],"class_list":["post-30867203","post","type-post","status-publish","format-standard","has-post-thumbnail","hentry","category-cultura-social","tag-aric","tag-ayuntamiento-de-sevilla","tag-cooperacion-para-el-desarrollo","tag-david-cobos-sanchiz","tag-empleabilidad","tag-inmigracion","tag-integracion","tag-refugiados","tag-trabajo-social"],"_links":{"self":[{"href":"https:\/\/www.upo.es\/diario\/wp-json\/wp\/v2\/posts\/30867203","targetHints":{"allow":["GET"]}}],"collection":[{"href":"https:\/\/www.upo.es\/diario\/wp-json\/wp\/v2\/posts"}],"about":[{"href":"https:\/\/www.upo.es\/diario\/wp-json\/wp\/v2\/types\/post"}],"author":[{"embeddable":true,"href":"https:\/\/www.upo.es\/diario\/wp-json\/wp\/v2\/users\/6"}],"replies":[{"embeddable":true,"href":"https:\/\/www.upo.es\/diario\/wp-json\/wp\/v2\/comments?post=30867203"}],"version-history":[{"count":3,"href":"https:\/\/www.upo.es\/diario\/wp-json\/wp\/v2\/posts\/30867203\/revisions"}],"predecessor-version":[{"id":30867211,"href":"https:\/\/www.upo.es\/diario\/wp-json\/wp\/v2\/posts\/30867203\/revisions\/30867211"}],"wp:featuredmedia":[{"embeddable":true,"href":"https:\/\/www.upo.es\/diario\/wp-json\/wp\/v2\/media\/30867205"}],"wp:attachment":[{"href":"https:\/\/www.upo.es\/diario\/wp-json\/wp\/v2\/media?parent=30867203"}],"wp:term":[{"taxonomy":"category","embeddable":true,"href":"https:\/\/www.upo.es\/diario\/wp-json\/wp\/v2\/categories?post=30867203"},{"taxonomy":"post_tag","embeddable":true,"href":"https:\/\/www.upo.es\/diario\/wp-json\/wp\/v2\/tags?post=30867203"}],"curies":[{"name":"wp","href":"https:\/\/api.w.org\/{rel}","templated":true}]}}