{"id":30867219,"date":"2021-07-01T14:39:30","date_gmt":"2021-07-01T12:39:30","guid":{"rendered":"https:\/\/www.upo.es\/diario\/?p=30867219"},"modified":"2021-07-01T14:39:30","modified_gmt":"2021-07-01T12:39:30","slug":"arcangel-apuesta-por-la-educacion-como-herramienta-fundamental-para-que-el-flamenco-llegue-a-las-nuevas-generaciones","status":"publish","type":"post","link":"https:\/\/www.upo.es\/diario\/cursos-verano\/2021\/07\/arcangel-apuesta-por-la-educacion-como-herramienta-fundamental-para-que-el-flamenco-llegue-a-las-nuevas-generaciones\/","title":{"rendered":"Arc\u00e1ngel apuesta por la educaci\u00f3n como herramienta fundamental para que el flamenco llegue a las nuevas generaciones"},"content":{"rendered":"<figure id=\"attachment_30867221\" aria-describedby=\"caption-attachment-30867221\" style=\"width: 750px\" class=\"wp-caption aligncenter\"><a href=\"https:\/\/www.upo.es\/diario\/wp-content\/uploads\/2021\/07\/Arcangel-scaled.jpg\"><img loading=\"lazy\" decoding=\"async\" class=\"size-large wp-image-30867221\" src=\"https:\/\/www.upo.es\/diario\/wp-content\/uploads\/2021\/07\/Arcangel-750x539.jpg\" alt=\"Arc\u00e1ngel en la sede Olavide en Carmona\" width=\"750\" height=\"539\" srcset=\"https:\/\/www.upo.es\/diario\/wp-content\/uploads\/2021\/07\/Arcangel-750x539.jpg 750w, https:\/\/www.upo.es\/diario\/wp-content\/uploads\/2021\/07\/Arcangel-360x259.jpg 360w, https:\/\/www.upo.es\/diario\/wp-content\/uploads\/2021\/07\/Arcangel-768x552.jpg 768w, https:\/\/www.upo.es\/diario\/wp-content\/uploads\/2021\/07\/Arcangel-600x431.jpg 600w, https:\/\/www.upo.es\/diario\/wp-content\/uploads\/2021\/07\/Arcangel-1536x1103.jpg 1536w, https:\/\/www.upo.es\/diario\/wp-content\/uploads\/2021\/07\/Arcangel-2048x1471.jpg 2048w, https:\/\/www.upo.es\/diario\/wp-content\/uploads\/2021\/07\/Arcangel-765x550.jpg 765w, https:\/\/www.upo.es\/diario\/wp-content\/uploads\/2021\/07\/Arcangel-1320x948.jpg 1320w\" sizes=\"auto, (max-width: 750px) 100vw, 750px\" \/><\/a><figcaption id=\"caption-attachment-30867221\" class=\"wp-caption-text\">Arc\u00e1ngel en la sede Olavide en Carmona<\/figcaption><\/figure>\n<p>\u201cEl flamenco tiene p\u00fablico y creo que debemos ampliarlo. Para ello, es fundamental la educaci\u00f3n\u201d, asegura Arc\u00e1ngel, cantaor de flamenco. El onubense, muy seguro de su idea sobre la relaci\u00f3n entre el flamenco y la educaci\u00f3n, prosigue que el flamenco hay que incluirlo como \u201cm\u00e9todo de estudio, de una manera muy transversal y muy natural para provocar una relaci\u00f3n cotidiana del flamenco con las capas m\u00e1s j\u00f3venes\u201d de la sociedad.<\/p>\n<p>Arc\u00e1ngel ha hecho estas declaraciones en el marco del curso \u2018Las fronteras del flamenco. Creatividad y nuevos imaginarios\u2019, que se imparte en la sede de la Universidad Pablo de Olavide en Carmona dentro de la programaci\u00f3n de la XIX edici\u00f3n de los cursos de verano de la UPO. El seminario est\u00e1 dirigido por Ildefonso Vergara Camacho, doctor e investigador de flamenco y periodista de la Cadena Ser.<\/p>\n<p>En opini\u00f3n del artista, el flamenco vive uno de sus mejores momentos, pese a la Covid-19, en cuanto a la \u201cproyecci\u00f3n que tiene, el posicionamiento social que ha conseguido y por el plantel existente de buenos artistas con una preparaci\u00f3n importante\u201d. Cuestionado sobre c\u00f3mo ha evolucionado el flamenco en los \u00faltimos a\u00f1os, el cantaor lo tiene muy claro, ya que lo considera un arte vivo que ha \u201cevolucionado y evolucionar\u00e1\u201d, y que adem\u00e1s tiene \u201cla obligaci\u00f3n de hacerlo\u201d.<\/p>\n<p>En cuanto al papel del flamenco en el siglo XXI, Arc\u00e1ngel no duda de que hoy en d\u00eda los artistas puedan dedicarse plenamente al cante flamenco. \u201cHace unos a\u00f1os vivir del flamenco era bastante m\u00e1s complejo, bastante m\u00e1s aislado y ahora hay muchos profesionales que dignamente dan de comer a sus familias ejerciendo su trabajo en cualquiera de las disciplinas del flamenco\u201d, afirma.<\/p>\n<p>Por \u00faltimo, preguntado por el relevo generacional entre los cantaores, el onubense es optimista con lo que viene porque entiende que el \u201cflamenco no se va a acabar, el arte no se va a acabar, eso es imposible\u201d. Asimismo, alerta del mal uso del \u201cmarketing\u201d en el mundo de la m\u00fasica y de la intromisi\u00f3n de ciertas personas en el cante flamenco. \u201cEst\u00e1 claro que cuando viene gente, que adem\u00e1s tardan tiempo en llegar, mueven estructuras y hacen que las cosas miren para otro lado, pues cuesta mucho que se consoliden porque en primera instancia provocan un rechazo\u201d, concluye.<\/p>\n","protected":false},"excerpt":{"rendered":"<p>El cantaor destaca el \u201cposicionamiento social\u201d que ha conseguido el flamenco en los \u00faltimos a\u00f1os y el buen momento que vive actualmente.<\/p>\n","protected":false},"author":6,"featured_media":30867221,"comment_status":"closed","ping_status":"open","sticky":false,"template":"","format":"standard","meta":{"_monsterinsights_skip_tracking":false,"_monsterinsights_sitenote_active":false,"_monsterinsights_sitenote_note":"","_monsterinsights_sitenote_category":0,"footnotes":""},"categories":[729],"tags":[2523,22,93,519],"class_list":["post-30867219","post","type-post","status-publish","format-standard","has-post-thumbnail","hentry","category-cursos-verano","tag-artes-escenicas","tag-cursos-de-verano","tag-flamenco","tag-olavide-en-carmona"],"_links":{"self":[{"href":"https:\/\/www.upo.es\/diario\/wp-json\/wp\/v2\/posts\/30867219","targetHints":{"allow":["GET"]}}],"collection":[{"href":"https:\/\/www.upo.es\/diario\/wp-json\/wp\/v2\/posts"}],"about":[{"href":"https:\/\/www.upo.es\/diario\/wp-json\/wp\/v2\/types\/post"}],"author":[{"embeddable":true,"href":"https:\/\/www.upo.es\/diario\/wp-json\/wp\/v2\/users\/6"}],"replies":[{"embeddable":true,"href":"https:\/\/www.upo.es\/diario\/wp-json\/wp\/v2\/comments?post=30867219"}],"version-history":[{"count":2,"href":"https:\/\/www.upo.es\/diario\/wp-json\/wp\/v2\/posts\/30867219\/revisions"}],"predecessor-version":[{"id":30867222,"href":"https:\/\/www.upo.es\/diario\/wp-json\/wp\/v2\/posts\/30867219\/revisions\/30867222"}],"wp:featuredmedia":[{"embeddable":true,"href":"https:\/\/www.upo.es\/diario\/wp-json\/wp\/v2\/media\/30867221"}],"wp:attachment":[{"href":"https:\/\/www.upo.es\/diario\/wp-json\/wp\/v2\/media?parent=30867219"}],"wp:term":[{"taxonomy":"category","embeddable":true,"href":"https:\/\/www.upo.es\/diario\/wp-json\/wp\/v2\/categories?post=30867219"},{"taxonomy":"post_tag","embeddable":true,"href":"https:\/\/www.upo.es\/diario\/wp-json\/wp\/v2\/tags?post=30867219"}],"curies":[{"name":"wp","href":"https:\/\/api.w.org\/{rel}","templated":true}]}}