{"id":30867228,"date":"2021-07-01T15:17:14","date_gmt":"2021-07-01T13:17:14","guid":{"rendered":"https:\/\/www.upo.es\/diario\/?p=30867228"},"modified":"2021-07-02T09:43:15","modified_gmt":"2021-07-02T07:43:15","slug":"premios-certamen-literario-rectora-rosario-valpuesta","status":"publish","type":"post","link":"https:\/\/www.upo.es\/diario\/cultura-social\/2021\/07\/premios-certamen-literario-rectora-rosario-valpuesta\/","title":{"rendered":"Entregados en la UPO los premios del II Certamen Literario Rectora Rosario Valpuesta"},"content":{"rendered":"<figure id=\"attachment_30867229\" aria-describedby=\"caption-attachment-30867229\" style=\"width: 750px\" class=\"wp-caption aligncenter\"><img loading=\"lazy\" decoding=\"async\" class=\"wp-image-30867229 size-large\" src=\"https:\/\/www.upo.es\/diario\/wp-content\/uploads\/2021\/07\/concurso_ayto_doshermanas-750x500.jpg\" alt=\"\" width=\"750\" height=\"500\" srcset=\"https:\/\/www.upo.es\/diario\/wp-content\/uploads\/2021\/07\/concurso_ayto_doshermanas-750x500.jpg 750w, https:\/\/www.upo.es\/diario\/wp-content\/uploads\/2021\/07\/concurso_ayto_doshermanas-360x240.jpg 360w, https:\/\/www.upo.es\/diario\/wp-content\/uploads\/2021\/07\/concurso_ayto_doshermanas-768x512.jpg 768w, https:\/\/www.upo.es\/diario\/wp-content\/uploads\/2021\/07\/concurso_ayto_doshermanas-600x400.jpg 600w, https:\/\/www.upo.es\/diario\/wp-content\/uploads\/2021\/07\/concurso_ayto_doshermanas-1536x1024.jpg 1536w, https:\/\/www.upo.es\/diario\/wp-content\/uploads\/2021\/07\/concurso_ayto_doshermanas-2048x1366.jpg 2048w, https:\/\/www.upo.es\/diario\/wp-content\/uploads\/2021\/07\/concurso_ayto_doshermanas-165x109.jpg 165w, https:\/\/www.upo.es\/diario\/wp-content\/uploads\/2021\/07\/concurso_ayto_doshermanas-1320x880.jpg 1320w\" sizes=\"auto, (max-width: 750px) 100vw, 750px\" \/><figcaption id=\"caption-attachment-30867229\" class=\"wp-caption-text\">Premiados y premiadas del II Certamen Literario Rosario Valpuesta.<\/figcaption><\/figure>\n<p><strong>El vicerrector de Cultura y Pol\u00edticas Sociales de la Universidad Pablo de Olavide, David Cobos Sanchiz<\/strong>, junto con la concejala del Distrito de Quinto, F\u00e1tima Murillo Vera, ha entregado hoy jueves 1 de julio, en la sala de prensa de la UPO, los premios del <strong>II Certamen Literario Rectora Rosario Valpuesta<\/strong> a los galardonados y galardonas en las distintas categor\u00edas de las modalidades <strong>Relato Corto y Poes\u00eda<\/strong>.<\/p>\n<p><img loading=\"lazy\" decoding=\"async\" class=\"alignright size-medium wp-image-30867232\" src=\"https:\/\/www.upo.es\/diario\/wp-content\/uploads\/2021\/07\/concurso_ayto_Doshermanas02-360x240.jpg\" alt=\"\" width=\"360\" height=\"240\" srcset=\"https:\/\/www.upo.es\/diario\/wp-content\/uploads\/2021\/07\/concurso_ayto_Doshermanas02-360x240.jpg 360w, https:\/\/www.upo.es\/diario\/wp-content\/uploads\/2021\/07\/concurso_ayto_Doshermanas02-750x500.jpg 750w, https:\/\/www.upo.es\/diario\/wp-content\/uploads\/2021\/07\/concurso_ayto_Doshermanas02-768x512.jpg 768w, https:\/\/www.upo.es\/diario\/wp-content\/uploads\/2021\/07\/concurso_ayto_Doshermanas02-600x400.jpg 600w, https:\/\/www.upo.es\/diario\/wp-content\/uploads\/2021\/07\/concurso_ayto_Doshermanas02-1536x1024.jpg 1536w, https:\/\/www.upo.es\/diario\/wp-content\/uploads\/2021\/07\/concurso_ayto_Doshermanas02-2048x1366.jpg 2048w, https:\/\/www.upo.es\/diario\/wp-content\/uploads\/2021\/07\/concurso_ayto_Doshermanas02-165x109.jpg 165w, https:\/\/www.upo.es\/diario\/wp-content\/uploads\/2021\/07\/concurso_ayto_Doshermanas02-1320x880.jpg 1320w\" sizes=\"auto, (max-width: 360px) 100vw, 360px\" \/>El Certamen, convocado por el Ayuntamiento de Dos Hermanas, a trav\u00e9s de la Delegaci\u00f3n de Juventud, Salud y Consumo, y con la colaboraci\u00f3n de la Universidad Pablo de Olavide, consta de dos modalidades, Poes\u00eda y Relato corto; y cuatro categor\u00edas en cada una de ellas: General, Comunidad Universitaria Pablo de Olavide, Local y Local para menores de 17 a\u00f1os.<\/p>\n<figure id=\"attachment_30867233\" aria-describedby=\"caption-attachment-30867233\" style=\"width: 360px\" class=\"wp-caption alignright\"><img loading=\"lazy\" decoding=\"async\" class=\"size-medium wp-image-30867233\" src=\"https:\/\/www.upo.es\/diario\/wp-content\/uploads\/2021\/07\/accesit_certamenliterario-360x240.jpg\" alt=\"Mar\u00eda Siquier, doctoranda de la UPO, y Irene Cintas, estudiante del Grado en Sociolog\u00eda de la UPO, p\" width=\"360\" height=\"240\" srcset=\"https:\/\/www.upo.es\/diario\/wp-content\/uploads\/2021\/07\/accesit_certamenliterario-360x240.jpg 360w, https:\/\/www.upo.es\/diario\/wp-content\/uploads\/2021\/07\/accesit_certamenliterario-750x500.jpg 750w, https:\/\/www.upo.es\/diario\/wp-content\/uploads\/2021\/07\/accesit_certamenliterario-768x512.jpg 768w, https:\/\/www.upo.es\/diario\/wp-content\/uploads\/2021\/07\/accesit_certamenliterario-600x400.jpg 600w, https:\/\/www.upo.es\/diario\/wp-content\/uploads\/2021\/07\/accesit_certamenliterario-1536x1024.jpg 1536w, https:\/\/www.upo.es\/diario\/wp-content\/uploads\/2021\/07\/accesit_certamenliterario-2048x1365.jpg 2048w, https:\/\/www.upo.es\/diario\/wp-content\/uploads\/2021\/07\/accesit_certamenliterario-165x109.jpg 165w, https:\/\/www.upo.es\/diario\/wp-content\/uploads\/2021\/07\/accesit_certamenliterario-1320x880.jpg 1320w\" sizes=\"auto, (max-width: 360px) 100vw, 360px\" \/><figcaption id=\"caption-attachment-30867233\" class=\"wp-caption-text\">Mar\u00eda Siquier, doctoranda de la UPO, e Irene Cintas, estudiante del Grado en Sociolog\u00eda de la UPO, premiadas con un acc\u00e9sit.<\/figcaption><\/figure>\n<p>Dentro de la <strong>categor\u00eda \u2018Comunidad Universitaria Pablo de Olavide\u2019<\/strong>, las obras ganadoras has sido el relato corto \u2018<strong>Lechuza\u2019 de Mar\u00eda Bazaga Ropero<\/strong>, estudiante de tercer curso del Doble Grado en Humanidades y Traducci\u00f3n e Interpretaci\u00f3n, y la poes\u00eda <strong>\u2018Al sur del olvido\u2019 de Miguel \u00c1ngel Andrada Ceballos<\/strong>, estudiante de segundo curso del Doble Grado en Derecho y Ciencias Pol\u00edticas y de la Administraci\u00f3n. Asimismo, las obras <strong>\u2018Memoria de un hombre olvidado\u2019 de Mar\u00eda Siquier Herrera<\/strong>, doctoranda del programa Historia y Estudios Human\u00edsticos, y \u2018<strong>Mis ra\u00edces; mi Andaluc\u00eda\u2019 de Irene Cintas Ruiz,<\/strong> estudiante de cuarto curso del Grado en Sociolog\u00eda, han sido premiadas con un <strong>acc\u00e9sit<\/strong>.<\/p>\n<p>El <strong>II Certamen Literario Rectora Rosario Valpuesta<\/strong> es una iniciativa convocada por el Ayuntamiento de Dos Hermanas, a trav\u00e9s de la Delegaci\u00f3n de Juventud, Salud y Consumo, y con la colaboraci\u00f3n de la Universidad Pablo de Olavide, para proporcionar alternativas de ocio saludables y fomentar la cultura en la juventud, facilit\u00e1ndoles un lugar donde expresar sus inquietudes intelectuales y culturales, a trav\u00e9s de la creatividad literaria.<\/p>\n<p>Esta iniciativa cultural est\u00e1 dirigida a todas las personas residentes en Espa\u00f1a, con edades comprendidas entre los 12 y los 35 a\u00f1os. Las categor\u00edas General, Comunidad Universitaria Pablo de Olavide y Local, de ambas modalidades, tienen un premio econ\u00f3mico de 500 euros mientras que las dos modalidades en la categor\u00eda Local menores de 17 a\u00f1os recibir\u00e1n una tablet como premio y, el centro educativo al que pertenece, si se encuentra en Dos Hermanas, recibir\u00e1 un vale de 500 euros para la adquisici\u00f3n de libros para la biblioteca del centro.<\/p>\n<p>Todas las obras ganadoras, as\u00ed como aquellas seleccionadas por la organizaci\u00f3n formaran parte del libro \u201cAntolog\u00eda del II Certamen Literario Rectora Rosario Valpuesta\u201d, que se publicar\u00e1 posteriormente.<\/p>\n<p>Los ganadores y ganadoras en las diferentes categor\u00edas de las modalidades de Relato Corto y Poes\u00eda del II Certamen Literario Rosario Valpuesta son:<\/p>\n<p><strong>Relato corto. Categor\u00eda general<\/strong><\/p>\n<p>Obra ganadora: El circo de los errores de Eder L\u00f3pez Garc\u00eda de Marina.<\/p>\n<p><strong>Relato corto: Categor\u00eda local<\/strong><\/p>\n<p>Acc\u00e9sits: La ara\u00f1a de Antonio Mart\u00edn Barrios y Atraco en el Global Money Bank de B\u00e1rbara G\u00f3mez Espada.<\/p>\n<p>Obra ganadora: Parada de remembranza de Javier del Toro Garc\u00eda.<\/p>\n<p><strong>Relato corto. Categor\u00eda local menores de 17<\/strong><\/p>\n<p>Acc\u00e9sit: Descubriendo lo desconocido de Luc\u00eda G\u00f3mez Rodr\u00edguez del IES Mariana de Pineda y Farid de Marta Moreno Velasco del IES Olivar de la Motilla.<\/p>\n<p>Obra ganadora: El barco de mis sentimientos de Agust\u00edn Jos\u00e9 Mora Jim\u00e9nez del IES Galileo Galilei.<\/p>\n<p><strong>Relato Corto. Comunidad Universidad Pablo Olavide<\/strong><\/p>\n<p>Acc\u00e9sit: Memoria de un hombre olvidado de Mar\u00eda Siquier Herrera.<\/p>\n<p>Obra ganadora: Lechuza de Mar\u00eda Bazaga Ropero.<\/p>\n<p><strong>Poes\u00eda. Categor\u00eda general<\/strong><\/p>\n<p>Acc\u00e9sit: Poemas debajo de un \u00e1rbol de Jes\u00fas Robles Hern\u00e1ndez y Contemplaci\u00f3n binaria desde los Alpes de Aitana Monz\u00f3n Blasco.<\/p>\n<p>Obra ganadora: Apolog\u00eda de la muerte de Javier Adrada de la Torre.<\/p>\n<p><strong>Poes\u00eda. Categor\u00eda local<\/strong><\/p>\n<p>Acc\u00e9sit: \u00bfQu\u00e9 hay detr\u00e1s del silencio? de Carlos Manuel Reina Rosales; En el nombre del arte de Ana Bono Rodr\u00edguez; y Porte et\u00e9reo de Javier del Toro Garc\u00eda.<\/p>\n<p>Obra ganadora: P\u00e1jaros de Carlos Jim\u00e9nez Barea.<\/p>\n<p><strong>Poes\u00eda. Categor\u00eda local menor de 17 a\u00f1os<\/strong><\/p>\n<p>Acc\u00e9sit: Cansada de Bego\u00f1a G\u00f3mez Rodr\u00edguez del IES Mariana de Pineda y A nuestros abuelos de Irene Rubio Gonz\u00e1lez del C.C. Mar\u00eda Zambrano.<\/p>\n<p>Obra ganadora: El p\u00e9ndulo eterno de Alejandro Romero S\u00e1nchez del C.C. Mar\u00eda Zambrano.<\/p>\n<p><strong>Poes\u00eda. Comunidad Universidad Pablo Olavide.<\/strong><\/p>\n<p>Acc\u00e9sit: Mis ra\u00edces; mi Andaluc\u00eda de Irene Cintas Ruiz.<\/p>\n<p>Obra ganadora: Al sur del olvido de Miguel \u00c1ngel Andrada Ceballos.<\/p>\n<p><strong>Menciones especiales<\/strong><\/p>\n<p>Mejor mensaje por la igualdad: Delicadas de Raquel Garc\u00eda Robles.<\/p>\n<p>Mejor mensaje por la prevenci\u00f3n de adicciones: Todo el rojo de Thais Gamaza Guti\u00e9rrez.<\/p>\n<p>Semillero relato corto: IES Galileo Galilei.<\/p>\n<p>Semillero poes\u00eda: C.C. Mar\u00eda Zambrano.<\/p>\n<p>&nbsp;<\/p>\n<p>&nbsp;<\/p>\n<p>&nbsp;<\/p>\n","protected":false},"excerpt":{"rendered":"<p>El vicerrector de Cultura y Pol\u00edticas Sociales de la Universidad Pablo de Olavide, David Cobos Sanchiz, junto con la concejala del Distrito de Quinto, F\u00e1tima Murillo Vera, ha entregado los premios del II Certamen Literario Rectora Rosario Valpuesta a los galardonados y galardonas en las distintas categor\u00edas de las modalidades Relato Corto y Poes\u00eda.<\/p>\n","protected":false},"author":4,"featured_media":30867229,"comment_status":"closed","ping_status":"open","sticky":false,"template":"","format":"standard","meta":{"_monsterinsights_skip_tracking":false,"_monsterinsights_sitenote_active":false,"_monsterinsights_sitenote_note":"","_monsterinsights_sitenote_category":0,"footnotes":""},"categories":[5843],"tags":[3473,1070,234,457,401,58,536],"class_list":["post-30867228","post","type-post","status-publish","format-standard","has-post-thumbnail","hentry","category-cultura-social","tag-ayuntamiento","tag-certamen","tag-dos-hermanas","tag-juventud","tag-literatura","tag-premio","tag-rosario-valpuesta"],"_links":{"self":[{"href":"https:\/\/www.upo.es\/diario\/wp-json\/wp\/v2\/posts\/30867228","targetHints":{"allow":["GET"]}}],"collection":[{"href":"https:\/\/www.upo.es\/diario\/wp-json\/wp\/v2\/posts"}],"about":[{"href":"https:\/\/www.upo.es\/diario\/wp-json\/wp\/v2\/types\/post"}],"author":[{"embeddable":true,"href":"https:\/\/www.upo.es\/diario\/wp-json\/wp\/v2\/users\/4"}],"replies":[{"embeddable":true,"href":"https:\/\/www.upo.es\/diario\/wp-json\/wp\/v2\/comments?post=30867228"}],"version-history":[{"count":3,"href":"https:\/\/www.upo.es\/diario\/wp-json\/wp\/v2\/posts\/30867228\/revisions"}],"predecessor-version":[{"id":30867295,"href":"https:\/\/www.upo.es\/diario\/wp-json\/wp\/v2\/posts\/30867228\/revisions\/30867295"}],"wp:featuredmedia":[{"embeddable":true,"href":"https:\/\/www.upo.es\/diario\/wp-json\/wp\/v2\/media\/30867229"}],"wp:attachment":[{"href":"https:\/\/www.upo.es\/diario\/wp-json\/wp\/v2\/media?parent=30867228"}],"wp:term":[{"taxonomy":"category","embeddable":true,"href":"https:\/\/www.upo.es\/diario\/wp-json\/wp\/v2\/categories?post=30867228"},{"taxonomy":"post_tag","embeddable":true,"href":"https:\/\/www.upo.es\/diario\/wp-json\/wp\/v2\/tags?post=30867228"}],"curies":[{"name":"wp","href":"https:\/\/api.w.org\/{rel}","templated":true}]}}