{"id":30867317,"date":"2021-07-02T15:41:18","date_gmt":"2021-07-02T13:41:18","guid":{"rendered":"https:\/\/www.upo.es\/diario\/?p=30867317"},"modified":"2021-07-02T15:41:18","modified_gmt":"2021-07-02T13:41:18","slug":"juan-jose-iglesias-apunta-que-la-sevilla-del-siglo-xvi-fue-la-capital-del-naciente-capitalismo-mercantil","status":"publish","type":"post","link":"https:\/\/www.upo.es\/diario\/cursos-verano\/2021\/07\/juan-jose-iglesias-apunta-que-la-sevilla-del-siglo-xvi-fue-la-capital-del-naciente-capitalismo-mercantil\/","title":{"rendered":"Juan Jos\u00e9 Iglesias apunta que la Sevilla del siglo XVI fue la capital del naciente \u00abcapitalismo mercantil\u201d"},"content":{"rendered":"<figure id=\"attachment_30867318\" aria-describedby=\"caption-attachment-30867318\" style=\"width: 360px\" class=\"wp-caption alignright\"><img loading=\"lazy\" decoding=\"async\" class=\"wp-image-30867318 size-medium\" src=\"https:\/\/www.upo.es\/diario\/wp-content\/uploads\/2021\/07\/Barroco_CUVE-360x240.jpg\" alt=\"\" width=\"360\" height=\"240\" srcset=\"https:\/\/www.upo.es\/diario\/wp-content\/uploads\/2021\/07\/Barroco_CUVE-360x240.jpg 360w, https:\/\/www.upo.es\/diario\/wp-content\/uploads\/2021\/07\/Barroco_CUVE-750x500.jpg 750w, https:\/\/www.upo.es\/diario\/wp-content\/uploads\/2021\/07\/Barroco_CUVE-768x512.jpg 768w, https:\/\/www.upo.es\/diario\/wp-content\/uploads\/2021\/07\/Barroco_CUVE-600x400.jpg 600w, https:\/\/www.upo.es\/diario\/wp-content\/uploads\/2021\/07\/Barroco_CUVE-1536x1024.jpg 1536w\" sizes=\"auto, (max-width: 360px) 100vw, 360px\" \/><figcaption id=\"caption-attachment-30867318\" class=\"wp-caption-text\">El doctor del Departamento de Historia Moderna de la Universidad de Sevilla (US), Juan Jos\u00e9 Iglesias.<\/figcaption><\/figure>\n<p>El doctor del Departamento de Historia Moderna de la Universidad de Sevilla (US) Juan Jos\u00e9 Iglesias ha se\u00f1alado la importancia de la ciudad hispalense durante el siglo XVI como \u00abcapital del naciente capitalismo mercantil que se extiende por Europa\u00bb, refiri\u00e9ndose a Sevilla \u00abno como ciudad o universo local, sino como la capital de un sistema econ\u00f3mico de alcance mundial\u00bb.<\/p>\n<p>Iglesias ha sido el encargado de la ponencia &#8216;El sistema de puertos entre Sevilla y C\u00e1diz&#8217;, dentro de la programaci\u00f3n de la \u00faltima jornada del seminario &#8216;Las artes en el reino de Sevilla durante el Barroco. En raz\u00f3n de sus centralidades y periferias&#8217;, que se imparte en los Cursos de Verano de la Universidad Pablo de Olavide (UPO) en Carmona (Sevilla).<\/p>\n<p>El doctor ha sostenido durante la significaci\u00f3n que tiene la llegada de los castellanos a Am\u00e9rica para Andaluc\u00eda, que pasa de ser \u00abun finisterre a una encrucijada de mundos\u00bb, porque \u00abocupa una posici\u00f3n de nudo entre el Mediterr\u00e1neo, el Atl\u00e1ntico, \u00c1frica, los archipi\u00e9lagos y Am\u00e9rica, una posici\u00f3n de clara centralizaci\u00f3n\u00bb.<\/p>\n<p>Ha especificado que el comercio con Am\u00e9rica se establece en forma de monopolio perteneciente al reino de Espa\u00f1a, con un puerto \u00fanico situado en Sevilla, \u00abque concentrar\u00eda las funciones comerciales y administrativas de lo que se denomina la carrera de Indias\u00bb.<\/p>\n<p>En relaci\u00f3n al establecimiento del puerto \u00fanico en Sevilla, ha se\u00f1alado las diferencias entre este y la bah\u00eda de C\u00e1diz, para explicar los motivos por los que se eligi\u00f3 la ciudad hispalense. \u00abAl ser un puerto fluvial de interior, estaba al abrigo de los ataques exteriores sobre el litoral y ten\u00eda la segunda ventaja de ser f\u00e1cilmente controlable desde el punto de vista fiscal\u00bb, ha apuntado.<\/p>\n<p>Iglesias se ha referido a este periodo de comercio con Am\u00e9rica como \u00abuna primera globalizaci\u00f3n\u00bb, algo con lo que \u00abno todos los historiadores est\u00e1n de acuerdo\u00bb. \u00abHay que entender esto como un enorme proceso de interconexi\u00f3n de mundos, que pasan de ser mundos cerrados a mundos interconectados\u00bb, ha precisado.<\/p>\n<p>Respecto a esta primera globalizaci\u00f3n, ha destacado que esta nueva interconexi\u00f3n \u00abno solo se produce en la dimensi\u00f3n econ\u00f3mica, tambi\u00e9n en la cultural, porque hay una movilizaci\u00f3n de elementos culturales que la monarqu\u00eda hisp\u00e1nica utiliza en Am\u00e9rica y en sus colonias asi\u00e1ticas\u00bb. Ha destacado que \u00abla globalizaci\u00f3n no es algo et\u00e9reo, sino que se basa y se gestiona a trav\u00e9s de una serie de anclajes locales\u00bb.<\/p>\n<p>El doctor Iglesias ha hecho referencia a la importancia del oro y la plata proveniente de Am\u00e9rica, situando de nuevo a Sevilla como \u00abuno de los principales nodos y capital del sistema colonial espa\u00f1ol\u00bb, desde donde \u00abel oro y la plata, acu\u00f1ados como monedas de pago salen a los canales de comercializaci\u00f3n europeos e internacionales, llegando incluso a Extremo Oriente\u00bb.<\/p>\n<p>Ha utilizado durante la ponencia diversas ilustraciones de Sevilla en el siglo XVI y XVII de autores como Pedro de Medina, para se\u00f1alar c\u00f3mo la ciudad moderna \u00absustentaba el comercio internacional en unas infraestructuras fluviales, en las que no hab\u00eda grandes muelles ni puertos mar\u00edtimos\u00bb.<\/p>\n<p>El doctor ha subrayado la importancia de Sanl\u00facar de Barrameda, \u00abhay que recordar que el eje fluvial en el que sostiene el comercio americano une Sevilla con Sanl\u00facar, donde est\u00e1 la desembocadura del r\u00edo Gualdalquivir y d\u00f3nde se sit\u00faa el antepuerto de Sevilla, el paso obligado de la navegaci\u00f3n entre Sevilla y Am\u00e9rica\u00bb.<\/p>\n<p>Sobre el fin del periodo de esplendor de la capital hispalense, ha observado que \u00abse debi\u00f3 a varios factores que tuvieron lugar en el siglo XVII\u00bb. \u00abSe produce un proceso de evacuaci\u00f3n del comercio de la carrera de Indias de Sevilla a la bah\u00eda de C\u00e1diz al aumentar el tama\u00f1o de los barcos, a la vez que se contrae el ritmo del comercio atl\u00e1ntico, sin olvidar los estragos que la epidemia de peste causa en la ciudad de Sevilla\u00bb, ha manifestado.<\/p>\n<p>&nbsp;<\/p>\n<p>&nbsp;<\/p>\n<p>&nbsp;<\/p>\n<p>&nbsp;<\/p>\n","protected":false},"excerpt":{"rendered":"<p>El doctor del Departamento de Historia Moderna de la Universidad de Sevilla (US) Juan Jos\u00e9 Iglesias ha se\u00f1alado la importancia de la ciudad hispalense durante el siglo XVI como \u00abcapital del naciente capitalismo mercantil que se extiende por Europa\u00bb, refiri\u00e9ndose a Sevilla \u00abno como ciudad o universo local, sino como la capital de un sistema econ\u00f3mico de alcance mundial\u00bb.\u00a0<\/p>\n","protected":false},"author":4,"featured_media":30867318,"comment_status":"closed","ping_status":"open","sticky":false,"template":"","format":"standard","meta":{"_monsterinsights_skip_tracking":false,"_monsterinsights_sitenote_active":false,"_monsterinsights_sitenote_note":"","_monsterinsights_sitenote_category":0,"footnotes":""},"categories":[729],"tags":[2279,23,22,259,519,161],"class_list":["post-30867317","post","type-post","status-publish","format-standard","has-post-thumbnail","hentry","category-cursos-verano","tag-barroco","tag-carmona","tag-cursos-de-verano","tag-area-de-historia-del-arte","tag-olavide-en-carmona","tag-sevilla"],"_links":{"self":[{"href":"https:\/\/www.upo.es\/diario\/wp-json\/wp\/v2\/posts\/30867317","targetHints":{"allow":["GET"]}}],"collection":[{"href":"https:\/\/www.upo.es\/diario\/wp-json\/wp\/v2\/posts"}],"about":[{"href":"https:\/\/www.upo.es\/diario\/wp-json\/wp\/v2\/types\/post"}],"author":[{"embeddable":true,"href":"https:\/\/www.upo.es\/diario\/wp-json\/wp\/v2\/users\/4"}],"replies":[{"embeddable":true,"href":"https:\/\/www.upo.es\/diario\/wp-json\/wp\/v2\/comments?post=30867317"}],"version-history":[{"count":1,"href":"https:\/\/www.upo.es\/diario\/wp-json\/wp\/v2\/posts\/30867317\/revisions"}],"predecessor-version":[{"id":30867319,"href":"https:\/\/www.upo.es\/diario\/wp-json\/wp\/v2\/posts\/30867317\/revisions\/30867319"}],"wp:featuredmedia":[{"embeddable":true,"href":"https:\/\/www.upo.es\/diario\/wp-json\/wp\/v2\/media\/30867318"}],"wp:attachment":[{"href":"https:\/\/www.upo.es\/diario\/wp-json\/wp\/v2\/media?parent=30867317"}],"wp:term":[{"taxonomy":"category","embeddable":true,"href":"https:\/\/www.upo.es\/diario\/wp-json\/wp\/v2\/categories?post=30867317"},{"taxonomy":"post_tag","embeddable":true,"href":"https:\/\/www.upo.es\/diario\/wp-json\/wp\/v2\/tags?post=30867317"}],"curies":[{"name":"wp","href":"https:\/\/api.w.org\/{rel}","templated":true}]}}