{"id":30867321,"date":"2021-07-05T13:46:10","date_gmt":"2021-07-05T11:46:10","guid":{"rendered":"https:\/\/www.upo.es\/diario\/?p=30867321"},"modified":"2021-07-07T16:13:47","modified_gmt":"2021-07-07T14:13:47","slug":"profesoras-facultad-ciencias-sociales-upo-publican-libro-metodologias-docentes","status":"publish","type":"post","link":"https:\/\/www.upo.es\/diario\/docencia-formacion\/2021\/07\/profesoras-facultad-ciencias-sociales-upo-publican-libro-metodologias-docentes\/","title":{"rendered":"Profesoras de la Facultad de Ciencias Sociales de la UPO publican un libro sobre metodolog\u00edas docentes adaptadas a la realidad social"},"content":{"rendered":"<figure id=\"attachment_30867324\" aria-describedby=\"caption-attachment-30867324\" style=\"width: 750px\" class=\"wp-caption aligncenter\"><img loading=\"lazy\" decoding=\"async\" class=\"wp-image-30867324 size-large\" src=\"https:\/\/www.upo.es\/diario\/wp-content\/uploads\/2021\/07\/libro_CCSS-750x563.jpeg\" alt=\"\" width=\"750\" height=\"563\" srcset=\"https:\/\/www.upo.es\/diario\/wp-content\/uploads\/2021\/07\/libro_CCSS-750x563.jpeg 750w, https:\/\/www.upo.es\/diario\/wp-content\/uploads\/2021\/07\/libro_CCSS-360x270.jpeg 360w, https:\/\/www.upo.es\/diario\/wp-content\/uploads\/2021\/07\/libro_CCSS-768x576.jpeg 768w, https:\/\/www.upo.es\/diario\/wp-content\/uploads\/2021\/07\/libro_CCSS-600x450.jpeg 600w, https:\/\/www.upo.es\/diario\/wp-content\/uploads\/2021\/07\/libro_CCSS-1536x1152.jpeg 1536w, https:\/\/www.upo.es\/diario\/wp-content\/uploads\/2021\/07\/libro_CCSS-1320x990.jpeg 1320w, https:\/\/www.upo.es\/diario\/wp-content\/uploads\/2021\/07\/libro_CCSS.jpeg 2016w\" sizes=\"auto, (max-width: 750px) 100vw, 750px\" \/><figcaption id=\"caption-attachment-30867324\" class=\"wp-caption-text\">Profesoras de la Facultad de Ciencias Sociales de la UPO que han participado en el libro.<\/figcaption><\/figure>\n<p>Este mediod\u00eda se ha presentado en la Universidad Pablo de Olavide el libro <strong>\u2018Metodolog\u00edas docentes: \u00bfotro modelo de universidad p\u00fablica es posible?\u2019<\/strong> (Octaedro, 2021) coeditado por las profesoras de la UPO <strong>Rosa D\u00edaz Jim\u00e9nez y Teresa Terr\u00f3n Caro<\/strong>. Se trata de una herramienta colectiva de acciones docentes transformadoras y adaptadas al dinamismo de la realidad social.<\/p>\n<figure id=\"attachment_30867362\" aria-describedby=\"caption-attachment-30867362\" style=\"width: 360px\" class=\"wp-caption alignright\"><img loading=\"lazy\" decoding=\"async\" class=\"size-medium wp-image-30867362\" src=\"https:\/\/www.upo.es\/diario\/wp-content\/uploads\/2021\/07\/02_libro_CCSS-360x221.jpg\" alt=\"\" width=\"360\" height=\"221\" srcset=\"https:\/\/www.upo.es\/diario\/wp-content\/uploads\/2021\/07\/02_libro_CCSS-360x221.jpg 360w, https:\/\/www.upo.es\/diario\/wp-content\/uploads\/2021\/07\/02_libro_CCSS-750x461.jpg 750w, https:\/\/www.upo.es\/diario\/wp-content\/uploads\/2021\/07\/02_libro_CCSS-768x472.jpg 768w, https:\/\/www.upo.es\/diario\/wp-content\/uploads\/2021\/07\/02_libro_CCSS-600x369.jpg 600w, https:\/\/www.upo.es\/diario\/wp-content\/uploads\/2021\/07\/02_libro_CCSS-1536x944.jpg 1536w, https:\/\/www.upo.es\/diario\/wp-content\/uploads\/2021\/07\/02_libro_CCSS-2048x1259.jpg 2048w, https:\/\/www.upo.es\/diario\/wp-content\/uploads\/2021\/07\/02_libro_CCSS-1320x811.jpg 1320w\" sizes=\"auto, (max-width: 360px) 100vw, 360px\" \/><figcaption id=\"caption-attachment-30867362\" class=\"wp-caption-text\">La profesora Teresa Terr\u00f3n presenta la estructura de la obra.<\/figcaption><\/figure>\n<p>El acto de presentaci\u00f3n ha sido inaugurado por Rosa D\u00edaz, decana de la Facultad de Ciencias Sociales y coeditora del libro, quien ha estado acompa\u00f1ada por las profesoras y autoras de la obra Teresa Terr\u00f3n, Rosal\u00eda Mart\u00ednez, Rosa M\u00aa Rodr\u00edguez, Carmen Bot\u00eda y Victoria Osuna.<\/p>\n<p>Este trabajo es parte de la estrategia de la Facultad de Ciencias Sociales de hacer visible la vocaci\u00f3n innovadora en metodolog\u00edas docentes del claustro del centro y generar relevancia de la labor en innovaci\u00f3n docente.<\/p>\n<p><img loading=\"lazy\" decoding=\"async\" class=\"alignright size-medium wp-image-30867322\" src=\"https:\/\/www.upo.es\/diario\/wp-content\/uploads\/2021\/07\/20210705_120917-360x270.jpg\" alt=\"\" width=\"360\" height=\"270\" srcset=\"https:\/\/www.upo.es\/diario\/wp-content\/uploads\/2021\/07\/20210705_120917-360x270.jpg 360w, https:\/\/www.upo.es\/diario\/wp-content\/uploads\/2021\/07\/20210705_120917-750x563.jpg 750w, https:\/\/www.upo.es\/diario\/wp-content\/uploads\/2021\/07\/20210705_120917-768x576.jpg 768w, https:\/\/www.upo.es\/diario\/wp-content\/uploads\/2021\/07\/20210705_120917-600x450.jpg 600w, https:\/\/www.upo.es\/diario\/wp-content\/uploads\/2021\/07\/20210705_120917-1536x1152.jpg 1536w, https:\/\/www.upo.es\/diario\/wp-content\/uploads\/2021\/07\/20210705_120917-2048x1536.jpg 2048w, https:\/\/www.upo.es\/diario\/wp-content\/uploads\/2021\/07\/20210705_120917-1320x990.jpg 1320w\" sizes=\"auto, (max-width: 360px) 100vw, 360px\" \/>Esta obra colectiva surge a ra\u00edz de la pregunta si es posible otro modelo de universidad p\u00fablica entre profesoras y profesores del \u00e1mbito universitario que busca favorecer la reflexi\u00f3n y compartir experiencias que apoyen la mejora de la docencia en las aulas, as\u00ed como generar nuevos espacios de interacci\u00f3n con el alumnado.<\/p>\n<p>El libro est\u00e1 compuesto por doce cap\u00edtulos que representan una muestra de la responsabilidad y compromiso reflexivo que los docentes universitarios demuestran en su cotidianidad, generosa de estrategias cooperativas con el alumnado y la comunidad. Las experiencias que se ofrecen constituyen propuestas alineadas con la mejora constante de la docencia en la universidad con y para la sociedad.<\/p>\n<p>&nbsp;<\/p>\n<p>&nbsp;<\/p>\n<p>&nbsp;<\/p>\n<p>&nbsp;<\/p>\n<p>&nbsp;<\/p>\n<p>&nbsp;<\/p>\n<p>&nbsp;<\/p>\n<p>&nbsp;<\/p>\n<p>&nbsp;<\/p>\n<p>&nbsp;<\/p>\n<p>&nbsp;<\/p>\n<p>&nbsp;<\/p>\n<p>&nbsp;<\/p>\n<p>&nbsp;<\/p>\n<p>&nbsp;<\/p>\n<p>&nbsp;<\/p>\n<p>&nbsp;<\/p>\n","protected":false},"excerpt":{"rendered":"<p>Este trabajo es parte de la estrategia de la Facultad de Ciencias Sociales de hacer visible la vocaci\u00f3n innovadora en metodolog\u00edas docentes del claustro del centro y generar relevancia de la labor en innovaci\u00f3n docente.<\/p>\n","protected":false},"author":4,"featured_media":30867324,"comment_status":"closed","ping_status":"open","sticky":false,"template":"","format":"standard","meta":{"_monsterinsights_skip_tracking":false,"_monsterinsights_sitenote_active":false,"_monsterinsights_sitenote_note":"","_monsterinsights_sitenote_category":0,"footnotes":""},"categories":[2779],"tags":[487,2497,333,7498],"class_list":["post-30867321","post","type-post","status-publish","format-standard","has-post-thumbnail","hentry","category-docencia-formacion","tag-facultad-ciencias-sociales","tag-innovacion-docente","tag-libro","tag-metodologias-docentes"],"_links":{"self":[{"href":"https:\/\/www.upo.es\/diario\/wp-json\/wp\/v2\/posts\/30867321","targetHints":{"allow":["GET"]}}],"collection":[{"href":"https:\/\/www.upo.es\/diario\/wp-json\/wp\/v2\/posts"}],"about":[{"href":"https:\/\/www.upo.es\/diario\/wp-json\/wp\/v2\/types\/post"}],"author":[{"embeddable":true,"href":"https:\/\/www.upo.es\/diario\/wp-json\/wp\/v2\/users\/4"}],"replies":[{"embeddable":true,"href":"https:\/\/www.upo.es\/diario\/wp-json\/wp\/v2\/comments?post=30867321"}],"version-history":[{"count":3,"href":"https:\/\/www.upo.es\/diario\/wp-json\/wp\/v2\/posts\/30867321\/revisions"}],"predecessor-version":[{"id":30867364,"href":"https:\/\/www.upo.es\/diario\/wp-json\/wp\/v2\/posts\/30867321\/revisions\/30867364"}],"wp:featuredmedia":[{"embeddable":true,"href":"https:\/\/www.upo.es\/diario\/wp-json\/wp\/v2\/media\/30867324"}],"wp:attachment":[{"href":"https:\/\/www.upo.es\/diario\/wp-json\/wp\/v2\/media?parent=30867321"}],"wp:term":[{"taxonomy":"category","embeddable":true,"href":"https:\/\/www.upo.es\/diario\/wp-json\/wp\/v2\/categories?post=30867321"},{"taxonomy":"post_tag","embeddable":true,"href":"https:\/\/www.upo.es\/diario\/wp-json\/wp\/v2\/tags?post=30867321"}],"curies":[{"name":"wp","href":"https:\/\/api.w.org\/{rel}","templated":true}]}}