{"id":30867366,"date":"2021-07-05T22:43:12","date_gmt":"2021-07-05T20:43:12","guid":{"rendered":"https:\/\/www.upo.es\/diario\/?p=30867366"},"modified":"2021-07-06T09:50:50","modified_gmt":"2021-07-06T07:50:50","slug":"el-profesor-manuel-ricardo-torres-senala-que-la-pandemia-ha-eclipsado-el-nuevo-auge-del-terrorismo-yihadista","status":"publish","type":"post","link":"https:\/\/www.upo.es\/diario\/cursos-verano\/2021\/07\/el-profesor-manuel-ricardo-torres-senala-que-la-pandemia-ha-eclipsado-el-nuevo-auge-del-terrorismo-yihadista\/","title":{"rendered":"El profesor Manuel Ricardo Torres se\u00f1ala que la pandemia \u00abha eclipsado\u00bb el \u00abnuevo auge\u00bb del terrorismo yihadista"},"content":{"rendered":"<figure id=\"attachment_30867368\" aria-describedby=\"caption-attachment-30867368\" style=\"width: 750px\" class=\"wp-caption aligncenter\"><a href=\"https:\/\/www.upo.es\/diario\/wp-content\/uploads\/2021\/07\/Manuel-Ricardo-Torres-scaled.jpg\"><img loading=\"lazy\" decoding=\"async\" class=\"size-large wp-image-30867368\" src=\"https:\/\/www.upo.es\/diario\/wp-content\/uploads\/2021\/07\/Manuel-Ricardo-Torres-750x500.jpg\" alt=\"Manuel Ricardo Torres\" width=\"750\" height=\"500\" srcset=\"https:\/\/www.upo.es\/diario\/wp-content\/uploads\/2021\/07\/Manuel-Ricardo-Torres-750x500.jpg 750w, https:\/\/www.upo.es\/diario\/wp-content\/uploads\/2021\/07\/Manuel-Ricardo-Torres-360x240.jpg 360w, https:\/\/www.upo.es\/diario\/wp-content\/uploads\/2021\/07\/Manuel-Ricardo-Torres-768x512.jpg 768w, https:\/\/www.upo.es\/diario\/wp-content\/uploads\/2021\/07\/Manuel-Ricardo-Torres-600x400.jpg 600w, https:\/\/www.upo.es\/diario\/wp-content\/uploads\/2021\/07\/Manuel-Ricardo-Torres-1536x1024.jpg 1536w, https:\/\/www.upo.es\/diario\/wp-content\/uploads\/2021\/07\/Manuel-Ricardo-Torres-2048x1365.jpg 2048w\" sizes=\"auto, (max-width: 750px) 100vw, 750px\" \/><\/a><figcaption id=\"caption-attachment-30867368\" class=\"wp-caption-text\">Manuel Ricardo Torres<\/figcaption><\/figure>\n<p>El profesor del \u00e1rea de Ciencia Pol\u00edtica y de la Administraci\u00f3n de la Universidad Pablo de Olavide <strong>Manuel Ricardo Torres<\/strong> ha se\u00f1alado que \u00abde entre los m\u00faltiples problemas que han quedado eclipsados por la pandemia, figura el nuevo auge del activismo yihadista\u00bb, a lo que ha a\u00f1adido que \u00abno solo ha desviado la atenci\u00f3n sobre la efervescencia de un problema que nunca hab\u00eda desaparecido\u00bb, sino que \u00abtambi\u00e9n se ha utilizado de manera err\u00f3nea como factor explicativo de esta tendencia creciente de la violencia terrorista\u00bb.<\/p>\n<p>El profesor de Derecho P\u00fablico ha observado que \u00abes muy dudoso que la pandemia haya espoleado el terrorismo en Occidente, lo probable es que haya ralentizado los procesos de radicalizaci\u00f3n iniciados antes del comienzo de la crisis sanitaria\u00bb.<\/p>\n<p>Torres dirige el<strong> &#8216;Curso Internacional sobre terrorismo yihadista: la reconfiguraci\u00f3n de la amenaza&#8217;<\/strong>. Este seminario se desarrolla como parte de la programaci\u00f3n de la XIX edici\u00f3n de los Cursos de Verano de la Universidad Pablo de Olavide (UPO) en Carmona (Sevilla).<\/p>\n<p>En el \u00e1mbito de la repercusi\u00f3n de la pandemia en el terrorismo yihadista, Torres ha alegado que \u00abse pensaba que el confinamiento podr\u00eda convertirse en un potencializador de la amenaza terrorista porque la gente estaba en casa y pod\u00eda consumir m\u00e1s propaganda, pero la realidad es que los terroristas obedecen a sus propias din\u00e1micas por factores que no afectan a la sociedad general\u00bb.<\/p>\n<p>Preguntado por \u00ablos puntos calientes\u00bb del terrorismo yihadista en Espa\u00f1a, ha se\u00f1alado que \u00abexiste una continuidad en los \u00e1mbitos donde el activismo terrorista tiene m\u00e1s capacidad para reproducirse\u00bb.<\/p>\n<p>Ha subrayado las comunidades musulmanas \u00abdonde m\u00e1s arraigo tiene la pr\u00e1ctica del islam salafista\u00bb, que \u00abconstituye, en muchos casos, un caldo de cultivo id\u00f3neo para que se produzca una movilizaci\u00f3n yihadista\u00bb.<\/p>\n<p>A este respecto, ha argumentado que \u00abla extensi\u00f3n del salafismo en las comunidades isl\u00e1micas en Occidente supone un indudable potenciador del yihadismo y son las responsables de la propagaci\u00f3n de un relato que victimiza a los musulmanes y describe el orden democr\u00e1tico como una influencia pecaminosa que, no s\u00f3lo debe ser evitada por un buen musulm\u00e1n, sino tambi\u00e9n confrontada\u00bb.<\/p>\n<p>El profesor se ha referido a \u00abel papel que ejercen los centros penitenciarios, por su facilidad para aportar una poblaci\u00f3n vulnerable a este discurso\u00bb, pero tambi\u00e9n \u00abal riesgo que supone la excarcelaci\u00f3n en los pr\u00f3ximos a\u00f1os de un importante n\u00famero de sujetos radicalizados que van a finalizar sus penas de privaci\u00f3n de libertad\u00bb.<\/p>\n<p>Torres ha sido el encargado de la conferencia inaugural del seminario, titulado &#8216;Operaciones de inteligencia contra la presencia del terrorismo yihadista en Internet&#8217;.<\/p>\n<p>Ha se\u00f1alado que \u00abel ciberterrorismo, por definici\u00f3n, no se puede erradicar de manera completa\u00bb, por lo que las acciones para frenarlo \u00abintentan que los terroristas encuentren menos utilidad en esta herramienta generando desconfianza, creando la idea de que los espacios en los que se re\u00fanen est\u00e1n infiltrados y pueden ser detectados\u00bb.<\/p>\n<p>A prop\u00f3sito de si existe desinformaci\u00f3n en el \u00e1mbito del terrorismo yihadista, Torres ha afirmado que \u00ablos creadores de desinformaci\u00f3n son los propios terroristas, que se adjudican unas capacidades que no son reales, como que pueden atacar en cualquier sitio o que tienen armas qu\u00edmicas\u00bb.<\/p>\n<p>Por \u00faltimo, ha recalcado que la desinformaci\u00f3n \u00abes un juego al que muchos pueden jugar con una agenda distinta\u00bb y se ha referido a \u00abactores pol\u00edticos y medios de comunicaci\u00f3n que pueden estar interesados en trasladar una informaci\u00f3n que no es veraz para crear ciertos efectos en la sociedad\u00bb.<\/p>\n<p>&nbsp;<\/p>\n","protected":false},"excerpt":{"rendered":"<p>El profesor del \u00e1rea de Ciencia Pol\u00edtica y de la Administraci\u00f3n de la Universidad Pablo de Olavide Manuel Ricardo Torres ha se\u00f1alado que \u00abde entre los m\u00faltiples problemas que han quedado eclipsados por la pandemia, figura el nuevo auge del activismo yihadista\u00bb, a lo que ha a\u00f1adido que \u00abno solo ha desviado la atenci\u00f3n sobre la efervescencia de un problema que nunca hab\u00eda desaparecido\u00bb, sino que \u00abtambi\u00e9n se ha utilizado de manera err\u00f3nea como factor explicativo de esta tendencia creciente de la violencia terrorista\u00bb.<\/p>\n","protected":false},"author":6,"featured_media":30867368,"comment_status":"closed","ping_status":"open","sticky":false,"template":"","format":"standard","meta":{"_monsterinsights_skip_tracking":false,"_monsterinsights_sitenote_active":false,"_monsterinsights_sitenote_note":"","_monsterinsights_sitenote_category":0,"footnotes":""},"categories":[729],"tags":[22,1611,519,482,2835],"class_list":["post-30867366","post","type-post","status-publish","format-standard","has-post-thumbnail","hentry","category-cursos-verano","tag-cursos-de-verano","tag-manuel-ricardo-torres-soriano","tag-olavide-en-carmona","tag-terrorismo","tag-terrorismo-yihadista"],"_links":{"self":[{"href":"https:\/\/www.upo.es\/diario\/wp-json\/wp\/v2\/posts\/30867366","targetHints":{"allow":["GET"]}}],"collection":[{"href":"https:\/\/www.upo.es\/diario\/wp-json\/wp\/v2\/posts"}],"about":[{"href":"https:\/\/www.upo.es\/diario\/wp-json\/wp\/v2\/types\/post"}],"author":[{"embeddable":true,"href":"https:\/\/www.upo.es\/diario\/wp-json\/wp\/v2\/users\/6"}],"replies":[{"embeddable":true,"href":"https:\/\/www.upo.es\/diario\/wp-json\/wp\/v2\/comments?post=30867366"}],"version-history":[{"count":2,"href":"https:\/\/www.upo.es\/diario\/wp-json\/wp\/v2\/posts\/30867366\/revisions"}],"predecessor-version":[{"id":30867369,"href":"https:\/\/www.upo.es\/diario\/wp-json\/wp\/v2\/posts\/30867366\/revisions\/30867369"}],"wp:featuredmedia":[{"embeddable":true,"href":"https:\/\/www.upo.es\/diario\/wp-json\/wp\/v2\/media\/30867368"}],"wp:attachment":[{"href":"https:\/\/www.upo.es\/diario\/wp-json\/wp\/v2\/media?parent=30867366"}],"wp:term":[{"taxonomy":"category","embeddable":true,"href":"https:\/\/www.upo.es\/diario\/wp-json\/wp\/v2\/categories?post=30867366"},{"taxonomy":"post_tag","embeddable":true,"href":"https:\/\/www.upo.es\/diario\/wp-json\/wp\/v2\/tags?post=30867366"}],"curies":[{"name":"wp","href":"https:\/\/api.w.org\/{rel}","templated":true}]}}