{"id":30867373,"date":"2021-07-06T15:42:56","date_gmt":"2021-07-06T13:42:56","guid":{"rendered":"https:\/\/www.upo.es\/diario\/?p=30867373"},"modified":"2021-07-07T16:13:35","modified_gmt":"2021-07-07T14:13:35","slug":"el-aula-abierta-de-mayores-de-la-upo-clausura-en-los-diferentes-municipios-el-curso-2020-2021","status":"publish","type":"post","link":"https:\/\/www.upo.es\/diario\/cultura-social\/2021\/07\/el-aula-abierta-de-mayores-de-la-upo-clausura-en-los-diferentes-municipios-el-curso-2020-2021\/","title":{"rendered":"El Aula Abierta de Mayores de la UPO clausura en los diferentes municipios el curso 2020\/2021"},"content":{"rendered":"<figure id=\"attachment_30867374\" aria-describedby=\"caption-attachment-30867374\" style=\"width: 750px\" class=\"wp-caption aligncenter\"><a href=\"https:\/\/www.upo.es\/diario\/wp-content\/uploads\/2021\/07\/IMG_0517-scaled.jpg\"><img loading=\"lazy\" decoding=\"async\" class=\"wp-image-30867374 size-large\" src=\"https:\/\/www.upo.es\/diario\/wp-content\/uploads\/2021\/07\/IMG_0517-scaled-e1625578963486-750x429.jpg\" alt=\"Clausura en Alcal\u00e1 de Guada\u00edra\" width=\"750\" height=\"429\" srcset=\"https:\/\/www.upo.es\/diario\/wp-content\/uploads\/2021\/07\/IMG_0517-scaled-e1625578963486-750x429.jpg 750w, https:\/\/www.upo.es\/diario\/wp-content\/uploads\/2021\/07\/IMG_0517-scaled-e1625578963486-360x206.jpg 360w, https:\/\/www.upo.es\/diario\/wp-content\/uploads\/2021\/07\/IMG_0517-scaled-e1625578963486-768x440.jpg 768w, https:\/\/www.upo.es\/diario\/wp-content\/uploads\/2021\/07\/IMG_0517-scaled-e1625578963486-600x343.jpg 600w, https:\/\/www.upo.es\/diario\/wp-content\/uploads\/2021\/07\/IMG_0517-scaled-e1625578963486-1536x879.jpg 1536w, https:\/\/www.upo.es\/diario\/wp-content\/uploads\/2021\/07\/IMG_0517-scaled-e1625578963486-2048x1172.jpg 2048w, https:\/\/www.upo.es\/diario\/wp-content\/uploads\/2021\/07\/IMG_0517-scaled-e1625578963486-1320x755.jpg 1320w\" sizes=\"auto, (max-width: 750px) 100vw, 750px\" \/><\/a><figcaption id=\"caption-attachment-30867374\" class=\"wp-caption-text\">Ana Isabel Jim\u00e9nez y David Cobos en la clausura del Aula Abierta de Mayores en Alcal\u00e1 de Guada\u00edra<\/figcaption><\/figure>\n<p><strong>M\u00e1s de 300 mayores de trece municipios de la provincia de Sevilla han finalizado durante el mes de junio el curso 2020\/2021 del Aula Abierta de Mayores de la Universidad Pablo de Olavide<\/strong>. Un a\u00f1o dif\u00edcil, de adaptaci\u00f3n, pero tambi\u00e9n un ejemplo del esfuerzo realizado por estudiantes, ayuntamientos y la propia Universidad para continuar la formaci\u00f3n y la experiencia que este programa aporta a pesar de las circunstancias impuestas por la situaci\u00f3n sanitaria provocada por el covid-19.<\/p>\n<p>El objetivo del Aula Abierta de Mayores de la UPO, un programa del Vicerrectorado de Cultura y Pol\u00edticas Sociales y gestionado por la Fundaci\u00f3n Universidad Pablo de Olavide, es integrar al adulto mayor en la vida universitaria, ampliando sus conocimientos y promoviendo su participaci\u00f3n en la sociedad a trav\u00e9s de actividades art\u00edsticas y culturales.<\/p>\n<figure id=\"attachment_30867378\" aria-describedby=\"caption-attachment-30867378\" style=\"width: 360px\" class=\"wp-caption alignright\"><a href=\"https:\/\/www.upo.es\/diario\/wp-content\/uploads\/2021\/07\/IMG_0546-scaled.jpg\"><img loading=\"lazy\" decoding=\"async\" class=\"size-medium wp-image-30867378\" src=\"https:\/\/www.upo.es\/diario\/wp-content\/uploads\/2021\/07\/IMG_0546-360x240.jpg\" alt=\"Ana Isabel Jim\u00e9nez Contreras; el vicerrector, David Cobos Sanchiz; la delegada (o concejala) de Turismo, Rosa Mar\u00eda Carro Carnacea y el padrino de la promoci\u00f3n 2016\/2020, Pedro Mel\u00e9ndez Gonz\u00e1lez\" width=\"360\" height=\"240\" srcset=\"https:\/\/www.upo.es\/diario\/wp-content\/uploads\/2021\/07\/IMG_0546-360x240.jpg 360w, https:\/\/www.upo.es\/diario\/wp-content\/uploads\/2021\/07\/IMG_0546-750x500.jpg 750w, https:\/\/www.upo.es\/diario\/wp-content\/uploads\/2021\/07\/IMG_0546-768x512.jpg 768w, https:\/\/www.upo.es\/diario\/wp-content\/uploads\/2021\/07\/IMG_0546-600x400.jpg 600w, https:\/\/www.upo.es\/diario\/wp-content\/uploads\/2021\/07\/IMG_0546-1536x1024.jpg 1536w, https:\/\/www.upo.es\/diario\/wp-content\/uploads\/2021\/07\/IMG_0546-2048x1365.jpg 2048w, https:\/\/www.upo.es\/diario\/wp-content\/uploads\/2021\/07\/IMG_0546-165x109.jpg 165w, https:\/\/www.upo.es\/diario\/wp-content\/uploads\/2021\/07\/IMG_0546-1320x880.jpg 1320w\" sizes=\"auto, (max-width: 360px) 100vw, 360px\" \/><\/a><figcaption id=\"caption-attachment-30867378\" class=\"wp-caption-text\">El padrino de la promoci\u00f3n 2016\/2020, Pedro Mel\u00e9ndez, junto a David Cobos, Ana Isabel Jim\u00e9nez y Rosa Mar\u00eda Carro<\/figcaption><\/figure>\n<p>Para <strong>David Cobos, vicerrector de Cultura y Pol\u00edticas Sociales<\/strong>, \u201cla UPO es una universidad que se caracteriza por su marcado car\u00e1cter social y que tiene una vocaci\u00f3n de servicio p\u00fablico, que se sustancia en programas como el del Aula Abierta de Mayores\u201d. En el acto de clausura en el municipio de<strong> Alcal\u00e1 de Guadaira<\/strong> ha dicho adem\u00e1s que \u201cla filosof\u00eda de trabajo del Aula propicia a las personas recursos que les permiten ejercer mejor sus derechos como ciudadanos y ciudadanas y ayuda a fortalecer el tejido asociativo local\u201d.<\/p>\n<p>En este sentido, estudiantes de Alcal\u00e1 de Guada\u00edra como Paqui Olia y Francisco Rojas, destacaron en representaci\u00f3n de sus compa\u00f1eros y compa\u00f1eras durante su acto de clausura que el Aula Abierta de Mayores les ofrece una formaci\u00f3n que adem\u00e1s les permite \u201cconocer mucha gente, ilusionarse y entusiasmarse y compartir momentos complicados como los de este a\u00f1o\u201d. Para Gladys Zamora, estudiante del Aula Abierta de Mayores de Castilleja de la Cuesta \u201ceste programa es lo m\u00e1s maravilloso que me ha pasado en la vida. Esto ha sido una oportunidad para engranarme en la sociedad de Castilleja de la Cuesta y para hacer maravillosas amistades\u201d.<\/p>\n<figure id=\"attachment_30867376\" aria-describedby=\"caption-attachment-30867376\" style=\"width: 360px\" class=\"wp-caption alignright\"><a href=\"https:\/\/www.upo.es\/diario\/wp-content\/uploads\/2021\/07\/Clausura-Castilleja.jpeg\"><img loading=\"lazy\" decoding=\"async\" class=\"wp-image-30867376 size-medium\" src=\"https:\/\/www.upo.es\/diario\/wp-content\/uploads\/2021\/07\/Clausura-Castilleja-e1625578680890-360x228.jpeg\" alt=\"Clausura del curso en Castilleja\" width=\"360\" height=\"228\" srcset=\"https:\/\/www.upo.es\/diario\/wp-content\/uploads\/2021\/07\/Clausura-Castilleja-e1625578680890-360x228.jpeg 360w, https:\/\/www.upo.es\/diario\/wp-content\/uploads\/2021\/07\/Clausura-Castilleja-e1625578680890-750x474.jpeg 750w, https:\/\/www.upo.es\/diario\/wp-content\/uploads\/2021\/07\/Clausura-Castilleja-e1625578680890-768x486.jpeg 768w, https:\/\/www.upo.es\/diario\/wp-content\/uploads\/2021\/07\/Clausura-Castilleja-e1625578680890-600x380.jpeg 600w, https:\/\/www.upo.es\/diario\/wp-content\/uploads\/2021\/07\/Clausura-Castilleja-e1625578680890-1536x972.jpeg 1536w, https:\/\/www.upo.es\/diario\/wp-content\/uploads\/2021\/07\/Clausura-Castilleja-e1625578680890-1320x835.jpeg 1320w, https:\/\/www.upo.es\/diario\/wp-content\/uploads\/2021\/07\/Clausura-Castilleja-e1625578680890.jpeg 1600w\" sizes=\"auto, (max-width: 360px) 100vw, 360px\" \/><\/a><figcaption id=\"caption-attachment-30867376\" class=\"wp-caption-text\">Clausura del curso en Castilleja<\/figcaption><\/figure>\n<p>El programa se ha desarrollado este curso en los municipios de <strong>Alcal\u00e1 de Guada\u00edra, Aznalc\u00f3llar, Bollullos de la Mitaci\u00f3n, Castilleja de la Cuesta, Dos Hermanas, Gerena, Gines, Herrera, La Puebla del R\u00edo, Las Cabezas de San Juan, Lebrija, Pilas y Tomares<\/strong>.<\/p>\n<p>Cada uno de los actos de clausura, celebrado en las diferentes sedes municipales del Aula Abierta de Mayores, ha contado con la presencia de autoridades locales, as\u00ed como miembros de la Universidad Pablo de Olavide. Asimismo, se ha celebrado tambi\u00e9n la ceremonia de graduaci\u00f3n del alumnado que en este curso 2020\/2021, o en el curso pasado 2019\/2020, han finalizado sus estudios en este ciclo.<\/p>\n<p>Durante los diferentes actos, las autoridades municipales han mostrado la satisfacci\u00f3n de acoger este programa en los diferentes municipios con la convicci\u00f3n de que el pr\u00f3ximo curso ser\u00e1 diferente y abogando por la necesidad de apoyo por parte de la Administraci\u00f3n P\u00fablica a este tipo de proyectos que llevan el conocimiento a todas etapas de la vida.<\/p>\n<p><strong>Este curso marcado por el Covid-19 y el desarrollo bimodal, presencial y <em>online<\/em>, tambi\u00e9n ha significado un reto importante por lo que significaba enfrentarse a la brecha digital entre el alumnado y el profesorado, un reto que el programa ha superado y con el que ha salido reforzado<\/strong> por c\u00f3mo se ha desarrollado durante todo el curso y porque ha permitido mantener la formaci\u00f3n y el contacto a pesar de las restricciones impuestas. La motivaci\u00f3n, implicaci\u00f3n y valent\u00eda del alumnado ha sido ejemplar durante todo el curso, haciendo gala del lema \u201cAprender es vivir. Nunca dejes de aprender\u201d.<\/p>\n<p>El Aula Abierta de Mayores de la Universidad Pablo de Olavide es un programa de intervenci\u00f3n socioeducativa para fomentar el acceso a la formaci\u00f3n permanente de las personas mayores, para el que no se necesita titulaci\u00f3n previa. Las instituciones que colaboran, adem\u00e1s de la propia Universidad Pablo de Olavide y los ayuntamientos cuyos municipios tienen sede del programa, son la Consejer\u00eda de Igualdad, Pol\u00edticas Sociales y Conciliaci\u00f3n de la Junta de Andaluc\u00eda, la Diputaci\u00f3n de Sevilla y CaixaBank, a trav\u00e9s de la aportaci\u00f3n econ\u00f3mica de la Fundaci\u00f3n \u201cLa Caixa\u201d.<\/p>\n<p>El alumnado del Aula Abierta de Mayores de la UPO recibe formaci\u00f3n en materias como Arte y Humanidades; Geograf\u00eda e Historia, Ciencias Experimentales, de la Tierra y Medio Ambiente, Ciencias Jur\u00eddicas, Lengua y Literatura, Ciencias Econ\u00f3micas y de la Empresa, Ciencias Sociales, Ciencias de la Salud y Biosanitarias, Ciencias Tecnol\u00f3gicas y de la Comunicaci\u00f3n, Arte y Humanidades, Ciencias de la Actividad F\u00edsica y del Deporte y M\u00e9todos y Modelos de Investigaci\u00f3n.<\/p>\n<p>Para la Universidad Pablo de Olavide, el Aula Abierta de Mayores es un programa consolidado por el que han pasado <strong>casi 11 000 estudiantes a lo largo de los \u00faltimos 19 a\u00f1os<\/strong>. Adem\u00e1s, este programa ha permitido romper los muros del campus y llevar el conocimiento a los diferentes municipios. El objetivo para el pr\u00f3ximo curso es volver a la m\u00e1xima presencialidad, as\u00ed como retomar el programa en los municipios en los que este a\u00f1o no se ha podido poner en marcha.<\/p>\n","protected":false},"excerpt":{"rendered":"<p>M\u00e1s de 300 mayores de trece municipios de la provincia de Sevilla han finalizado durante el mes de junio el curso 2020\/2021 del Aula Abierta de Mayores de la Universidad Pablo de Olavide. Un a\u00f1o dif\u00edcil, de adaptaci\u00f3n, pero tambi\u00e9n un ejemplo del esfuerzo realizado por estudiantes, ayuntamientos y la propia Universidad para continuar la formaci\u00f3n y la experiencia que este programa aporta a pesar de las circunstancias impuestas por la situaci\u00f3n sanitaria provocada por el covid-19.<\/p>\n","protected":false},"author":6,"featured_media":30867374,"comment_status":"closed","ping_status":"open","sticky":false,"template":"","format":"standard","meta":{"_monsterinsights_skip_tracking":false,"_monsterinsights_sitenote_active":false,"_monsterinsights_sitenote_note":"","_monsterinsights_sitenote_category":0,"footnotes":""},"categories":[5843],"tags":[52,6755,5150,2474,7194],"class_list":["post-30867373","post","type-post","status-publish","format-standard","has-post-thumbnail","hentry","category-cultura-social","tag-aula-abierta-de-mayores","tag-curso-2020-2021","tag-david-cobos-sanchiz","tag-fundacion-universidad-pablo-de-olavide","tag-vicerrectorado-de-cultura-y-politicas-sociales"],"_links":{"self":[{"href":"https:\/\/www.upo.es\/diario\/wp-json\/wp\/v2\/posts\/30867373","targetHints":{"allow":["GET"]}}],"collection":[{"href":"https:\/\/www.upo.es\/diario\/wp-json\/wp\/v2\/posts"}],"about":[{"href":"https:\/\/www.upo.es\/diario\/wp-json\/wp\/v2\/types\/post"}],"author":[{"embeddable":true,"href":"https:\/\/www.upo.es\/diario\/wp-json\/wp\/v2\/users\/6"}],"replies":[{"embeddable":true,"href":"https:\/\/www.upo.es\/diario\/wp-json\/wp\/v2\/comments?post=30867373"}],"version-history":[{"count":4,"href":"https:\/\/www.upo.es\/diario\/wp-json\/wp\/v2\/posts\/30867373\/revisions"}],"predecessor-version":[{"id":30867380,"href":"https:\/\/www.upo.es\/diario\/wp-json\/wp\/v2\/posts\/30867373\/revisions\/30867380"}],"wp:featuredmedia":[{"embeddable":true,"href":"https:\/\/www.upo.es\/diario\/wp-json\/wp\/v2\/media\/30867374"}],"wp:attachment":[{"href":"https:\/\/www.upo.es\/diario\/wp-json\/wp\/v2\/media?parent=30867373"}],"wp:term":[{"taxonomy":"category","embeddable":true,"href":"https:\/\/www.upo.es\/diario\/wp-json\/wp\/v2\/categories?post=30867373"},{"taxonomy":"post_tag","embeddable":true,"href":"https:\/\/www.upo.es\/diario\/wp-json\/wp\/v2\/tags?post=30867373"}],"curies":[{"name":"wp","href":"https:\/\/api.w.org\/{rel}","templated":true}]}}