{"id":30867412,"date":"2021-07-07T13:27:38","date_gmt":"2021-07-07T11:27:38","guid":{"rendered":"https:\/\/www.upo.es\/diario\/?p=30867412"},"modified":"2021-07-07T13:27:38","modified_gmt":"2021-07-07T11:27:38","slug":"hay-que-hacer-un-esfuerzo-legislativo-para-mejorar-el-marco-de-proteccion-de-los-menores-migrantes-una-vez-que-cumplen-los-18-anos","status":"publish","type":"post","link":"https:\/\/www.upo.es\/diario\/cursos-verano\/2021\/07\/hay-que-hacer-un-esfuerzo-legislativo-para-mejorar-el-marco-de-proteccion-de-los-menores-migrantes-una-vez-que-cumplen-los-18-anos\/","title":{"rendered":"\u201cHay que hacer un esfuerzo legislativo para mejorar el marco de protecci\u00f3n de los menores migrantes una vez que cumplen los 18 a\u00f1os\u201d"},"content":{"rendered":"<figure id=\"attachment_30867414\" aria-describedby=\"caption-attachment-30867414\" style=\"width: 750px\" class=\"wp-caption aligncenter\"><a href=\"https:\/\/www.upo.es\/diario\/wp-content\/uploads\/2021\/07\/Jose-Carlos-Cabrera-scaled.jpg\"><img loading=\"lazy\" decoding=\"async\" class=\"wp-image-30867414 size-large\" src=\"https:\/\/www.upo.es\/diario\/wp-content\/uploads\/2021\/07\/Jose-Carlos-Cabrera-750x500.jpg\" alt=\"Jos\u00e9 Carlos Cabrera Medina\" width=\"750\" height=\"500\" srcset=\"https:\/\/www.upo.es\/diario\/wp-content\/uploads\/2021\/07\/Jose-Carlos-Cabrera-750x500.jpg 750w, https:\/\/www.upo.es\/diario\/wp-content\/uploads\/2021\/07\/Jose-Carlos-Cabrera-360x240.jpg 360w, https:\/\/www.upo.es\/diario\/wp-content\/uploads\/2021\/07\/Jose-Carlos-Cabrera-768x512.jpg 768w, https:\/\/www.upo.es\/diario\/wp-content\/uploads\/2021\/07\/Jose-Carlos-Cabrera-600x400.jpg 600w, https:\/\/www.upo.es\/diario\/wp-content\/uploads\/2021\/07\/Jose-Carlos-Cabrera-1536x1024.jpg 1536w, https:\/\/www.upo.es\/diario\/wp-content\/uploads\/2021\/07\/Jose-Carlos-Cabrera-2048x1365.jpg 2048w\" sizes=\"auto, (max-width: 750px) 100vw, 750px\" \/><\/a><figcaption id=\"caption-attachment-30867414\" class=\"wp-caption-text\">Jos\u00e9 Carlos Cabrera Medina en la sede Olavide en Carmona<\/figcaption><\/figure>\n<p>La actual Ley de Extranjer\u00eda empuja a los menores inmigrantes, una vez que llegan a los 18 a\u00f1os, a \u201csobrevivir\u201d, quedando en una situaci\u00f3n de \u201cextrema vulnerabilidad\u201d que genera \u201ctensiones y disrupciones que nadie quiere\u201d, por lo que es necesario \u201chacer un esfuerzo legislativo para mejorar el marco de protecci\u00f3n de estas personas una vez que cumplen los 18 a\u00f1os\u201d.<\/p>\n<p><strong>Jos\u00e9 Carlos Cabrera Medina<\/strong>, consultor en pol\u00edticas de migraci\u00f3n e infancia, hace estas reflexiones al tiempo que asegura no creer \u201cque la gente en general pretenda criminalizar a los menores inmigrantes, m\u00e1s all\u00e1 de que haya alg\u00fan partido pol\u00edtico que s\u00ed tiene este inter\u00e9s\u201d.<\/p>\n<p>Cabrera Medina ha hecho estas declaraciones en el \u00e1mbito del <strong>curso \u2018Intervenci\u00f3n social con personas en riesgo de exclusi\u00f3n social\u2019<\/strong>, que se imparte en la sede de la Universidad Pablo de Olavide en Carmona dentro de la programaci\u00f3n de la XIX edici\u00f3n de los cursos de verano de la UPO. El seminario est\u00e1 dirigido por la antrop\u00f3loga y pedagoga Cosette Franco Mu\u00f1oz, del Departamento de Educaci\u00f3n y Psicolog\u00eda Social de la Universidad Pablo de Olavide.<\/p>\n<p>En opini\u00f3n de Cabrera, mediador intercultural de la Escuela Internacional de Mediaci\u00f3n (EIM), la emigraci\u00f3n de menores es un fen\u00f3meno global que afecta a muchos pa\u00edses y que, en el caso de Andaluc\u00eda, tienen puntos de origen y destino \u201cmuy focalizados\u201d. As\u00ed, explica que se trata en su mayor\u00eda de menores marroqu\u00edes \u201cque salen desde unas pocas zonas de dicho pa\u00eds y que van s\u00f3lo a unas pocas regiones de nuestro pa\u00eds, como son Madrid, Pa\u00eds Vasco, Catalu\u00f1a y, en menor medida, la Comunidad Valenciana\u201d.<\/p>\n<p>Cuestionado sobre los motivos que llevan a los menores a abandonar su pa\u00eds, asegura que se trata de la \u201cfalta de expectativas\u201d en sus sociedades de origen y la idea de que la migraci\u00f3n \u201ces la \u00fanica palanca de cambio para prosperar socialmente\u201d. La mayor\u00eda de los menores migrantes llegan a Andaluc\u00eda \u201cen los bajos de camiones y autobuses\u201d y lo hacen \u201ccon ganas de aprender y, sobre todo, conseguir algo que est\u00e1 muy valorizado en su entorno: aprender un oficio\u201d.<\/p>\n<p>En opini\u00f3n de Cabrera Medina, la red de profesionales de protecci\u00f3n a la infancia ha de incorporar \u201ccada vez personal m\u00e1s especializado que comprenda el entorno de donde vienen estos menores, conozca su problem\u00e1tica y sepa qu\u00e9 herramientas pueden mejorar esos itinerarios\u201d.<\/p>\n<p>Por \u00faltimo, lamenta lo pronto que \u201chemos olvidado que nosotros tambi\u00e9n fuimos migrantes\u201d, por lo que aboga por \u201cabrir al voluntariado\u201d los centros de protecci\u00f3n con el objetivo de que la gente pudiera \u201cempatizar\u201d con estos menores y ayudarlos en su \u201cacompa\u00f1amiento\u201d. \u201cSeguimos trabajando con un sistema de protecci\u00f3n pensado para chicos de los a\u00f1os 80 del siglo pasado, pero son menores transnacionales de otras culturas y con otras necesidades, lo que da todav\u00eda muchos desajustes\u201d, concluye.<\/p>\n","protected":false},"excerpt":{"rendered":"<p>La actual Ley de Extranjer\u00eda empuja a los menores inmigrantes, una vez que llegan a los 18 a\u00f1os, a \u201csobrevivir\u201d, quedando en una situaci\u00f3n de \u201cextrema vulnerabilidad\u201d que genera \u201ctensiones y disrupciones que nadie quiere\u201d, por lo que es necesario \u201chacer un esfuerzo legislativo para mejorar el marco de protecci\u00f3n de estas personas una vez que cumplen los 18 a\u00f1os\u201d. <\/p>\n","protected":false},"author":6,"featured_media":30867414,"comment_status":"closed","ping_status":"open","sticky":false,"template":"","format":"standard","meta":{"_monsterinsights_skip_tracking":false,"_monsterinsights_sitenote_active":false,"_monsterinsights_sitenote_note":"","_monsterinsights_sitenote_category":0,"footnotes":""},"categories":[729],"tags":[23,22,953,457,2088,622,519],"class_list":["post-30867412","post","type-post","status-publish","format-standard","has-post-thumbnail","hentry","category-cursos-verano","tag-carmona","tag-cursos-de-verano","tag-inmigracion","tag-juventud","tag-legislacion","tag-menores","tag-olavide-en-carmona"],"_links":{"self":[{"href":"https:\/\/www.upo.es\/diario\/wp-json\/wp\/v2\/posts\/30867412","targetHints":{"allow":["GET"]}}],"collection":[{"href":"https:\/\/www.upo.es\/diario\/wp-json\/wp\/v2\/posts"}],"about":[{"href":"https:\/\/www.upo.es\/diario\/wp-json\/wp\/v2\/types\/post"}],"author":[{"embeddable":true,"href":"https:\/\/www.upo.es\/diario\/wp-json\/wp\/v2\/users\/6"}],"replies":[{"embeddable":true,"href":"https:\/\/www.upo.es\/diario\/wp-json\/wp\/v2\/comments?post=30867412"}],"version-history":[{"count":2,"href":"https:\/\/www.upo.es\/diario\/wp-json\/wp\/v2\/posts\/30867412\/revisions"}],"predecessor-version":[{"id":30867415,"href":"https:\/\/www.upo.es\/diario\/wp-json\/wp\/v2\/posts\/30867412\/revisions\/30867415"}],"wp:featuredmedia":[{"embeddable":true,"href":"https:\/\/www.upo.es\/diario\/wp-json\/wp\/v2\/media\/30867414"}],"wp:attachment":[{"href":"https:\/\/www.upo.es\/diario\/wp-json\/wp\/v2\/media?parent=30867412"}],"wp:term":[{"taxonomy":"category","embeddable":true,"href":"https:\/\/www.upo.es\/diario\/wp-json\/wp\/v2\/categories?post=30867412"},{"taxonomy":"post_tag","embeddable":true,"href":"https:\/\/www.upo.es\/diario\/wp-json\/wp\/v2\/tags?post=30867412"}],"curies":[{"name":"wp","href":"https:\/\/api.w.org\/{rel}","templated":true}]}}