{"id":30867446,"date":"2021-07-08T14:09:52","date_gmt":"2021-07-08T12:09:52","guid":{"rendered":"https:\/\/www.upo.es\/diario\/?p=30867446"},"modified":"2021-07-19T15:38:10","modified_gmt":"2021-07-19T13:38:10","slug":"el-articulo-y-asi-nos-hablan-los-peces-de-la-profesora-de-la-upo-mercedes-de-la-torre-premio-de-periodismo-cepesca","status":"publish","type":"post","link":"https:\/\/www.upo.es\/diario\/comunidad\/2021\/07\/el-articulo-y-asi-nos-hablan-los-peces-de-la-profesora-de-la-upo-mercedes-de-la-torre-premio-de-periodismo-cepesca\/","title":{"rendered":"El art\u00edculo \u2018Y as\u00ed nos hablan los peces\u2019 de la profesora de la UPO Mercedes de la Torre, premio de Periodismo CEPESCA"},"content":{"rendered":"<figure id=\"attachment_30867447\" aria-describedby=\"caption-attachment-30867447\" style=\"width: 750px\" class=\"wp-caption aligncenter\"><img loading=\"lazy\" decoding=\"async\" class=\"size-large wp-image-30867447\" src=\"https:\/\/www.upo.es\/diario\/wp-content\/uploads\/2021\/07\/MercedesdelaTorre_premio-750x693.jpg\" alt=\"\" width=\"750\" height=\"693\" srcset=\"https:\/\/www.upo.es\/diario\/wp-content\/uploads\/2021\/07\/MercedesdelaTorre_premio-750x693.jpg 750w, https:\/\/www.upo.es\/diario\/wp-content\/uploads\/2021\/07\/MercedesdelaTorre_premio-360x333.jpg 360w, https:\/\/www.upo.es\/diario\/wp-content\/uploads\/2021\/07\/MercedesdelaTorre_premio-768x709.jpg 768w, https:\/\/www.upo.es\/diario\/wp-content\/uploads\/2021\/07\/MercedesdelaTorre_premio-600x554.jpg 600w, https:\/\/www.upo.es\/diario\/wp-content\/uploads\/2021\/07\/MercedesdelaTorre_premio-1536x1419.jpg 1536w, https:\/\/www.upo.es\/diario\/wp-content\/uploads\/2021\/07\/MercedesdelaTorre_premio-2048x1892.jpg 2048w, https:\/\/www.upo.es\/diario\/wp-content\/uploads\/2021\/07\/MercedesdelaTorre_premio-1320x1219.jpg 1320w\" sizes=\"auto, (max-width: 750px) 100vw, 750px\" \/><figcaption id=\"caption-attachment-30867447\" class=\"wp-caption-text\">Mercedes de la Torre recogiendo el premio.<\/figcaption><\/figure>\n<p>La profesora de Lengua Espa\u00f1ola del Departamento de Filolog\u00eda y Traducci\u00f3n de la Universidad Pablo de Olavide<strong>, Mercedes de la Torre<\/strong>, ha recibido el <strong>Premio de Periodismo y Sector Pesquero Espa\u00f1ol<\/strong> organizado por la <strong>Confederaci\u00f3n Espa\u00f1ola de Pesca (CEPESCA)<\/strong>, en la categor\u00eda \u2018Mejor art\u00edculo sobre Sostenibilidad y Medio Ambiente en la Pesca\u2019 por <a href=\"https:\/\/www.archiletras.com\/actualidad\/y-asi-nos-hablan-los-peces\/\"><strong>\u2018Y as\u00ed nos hablan los peces\u2019<\/strong><\/a>, publicado en la <strong>Revista Archiletras<\/strong>.<\/p>\n<p>La secretar\u00eda general de Pesca del Ministerio de Agricultura, Pesca y Alimentaci\u00f3n, Alicia Villauriz, hizo entrega del galard\u00f3n a Mercedes de la Torre en un acto celebrado ayer mi\u00e9rcoles 7 de julio en la sede de la Confederaci\u00f3n Espa\u00f1ola de Organizaciones Empresariales (CEOE) en Madrid.<\/p>\n<p>El art\u00edculo \u2018<strong>Y as\u00ed nos hablan los<\/strong> <strong>peces\u2019<\/strong> emana de la importancia que tienen las Humanidades, en concreto la Lengua espa\u00f1ola, y su hermanamiento con otras disciplinas tan dispares como la Biolog\u00eda.<\/p>\n<p>Desde una visi\u00f3n personal y su experiencia como investigadora en el campo de la ictionimia, Mercedes de la Torre establece un di\u00e1logo con los seres marinos y escucha atentamente lo que le cuentan a trav\u00e9s de sus denominaciones. Le hablan de sus formas, colores y h\u00e1bitos: <em>rubio, dorada, pez ballesta, cabras <\/em>o<em> rascacio<\/em>; de su historia: <em>del at\u00fan rojo<\/em> de las almadrabas de Baelo Claudia; de los icti\u00f3nimos compartidos por Portugal, Canarias y Andaluc\u00eda <em>(mejill\u00f3n, burgao, cangrejo moro<\/em>, entre otros). As\u00ed como que la lengua no tiene fronteras y las denominaciones nadan de costa a costa (por ejemplo, el <em>mussol<\/em> catal\u00e1n toma la forma <em>musola<\/em> o <em>mozuela<\/em> en Andaluc\u00eda); que las voces discriminan (<em>pez jud\u00edo, at\u00fan gitano<\/em> y <em>corval moro<\/em>&#8230; lo diferente, lo oscuro, lo peyorativo&#8230; la mala calidad). Le hablan de creencias y leyendas: peces que gu\u00edan a los barcos (<em>pez piloto<\/em>) e, incluso, los retrasan en su marcha (<em>r\u00e9mora<\/em>); especies que son codiciadas por sus propiedades terap\u00e9uticas, que verdaderas o no, se reflejan en nombres como <em>orejita de la suerte<\/em> o <em>piedra jaqueca<\/em>.<\/p>\n<p>Para Mercedes de la Torre este premio \u201csupone la confirmaci\u00f3n y el reconocimiento de a\u00f1os de trabajo de investigaci\u00f3n\u2019. \u201cLas publicaciones divulgativas son una labor complementaria a la publicaci\u00f3n acad\u00e9mica que engrandece la misi\u00f3n de la investigaci\u00f3n como tal, ya que significa llegar a todos desde la m\u00e1xima rigurosidad\u201d resalta la profesora de la UPO.<\/p>\n<p>La <a href=\"https:\/\/cepesca.es\/\"><strong>Confederaci\u00f3n Espa\u00f1ola de Pesca<\/strong><\/a>, nace en junio de 2007. Con su creaci\u00f3n se funda la organizaci\u00f3n empresarial pesquera de \u00e1mbito nacional m\u00e1s importante de toda Europa y una de las m\u00e1s representativas del mundo. Por cuarto a\u00f1o consecutivo, organiza los <strong>Premios Periodismo y Sector Pesquero Espa\u00f1ol<\/strong> que reconoce los mejores trabajos period\u00edsticos y fotogr\u00e1ficos sobre el sector pesquero espa\u00f1ol y la sostenibilidad, as\u00ed como los medios que han desarrollado una labor de difusi\u00f3n destacada en estos dos \u00e1mbitos.<\/p>\n<p><strong>Mercedes de la Torre Garc\u00eda<\/strong> es profesora de Lengua Espa\u00f1ola del Departamento de Filolog\u00eda y Traducci\u00f3n de la Facultad de Humanidades de la Universidad Pablo de Olavide desde el a\u00f1o 2007, aunque su vinculaci\u00f3n con la Universidad arranc\u00f3 en 1999, cuando comenz\u00f3 su carrera investigadora a trav\u00e9s de una beca. Se doctor\u00f3 en 2003 con la tesis \u2018An\u00e1lisis de las variedades diat\u00f3picas en los manuales de espa\u00f1ol para extranjeros\u2019, dirigida por el catedr\u00e1tico de Lengua espa\u00f1ola Stefan Ruhstaller. Pese a que nunca se ha distanciado de la investigaci\u00f3n en la metodolog\u00eda de la ense\u00f1anza del espa\u00f1ol como lengua extranjera, gran parte de su labor se ha centrado en la ictionimia, disciplina por la que siente una devoci\u00f3n casi obligada por sus ra\u00edces. En este terreno, en 1997 presenta su tesina de Licenciatura sobre los nombres de los peces en El Puerto de Santa Mar\u00eda, trabajo que en 2004 public\u00f3 el Ayuntamiento de esta localidad con el t\u00edtulo \u2018Ictionimia portuense\u2019.<\/p>\n<p>Ha participado como lexic\u00f3loga y dialect\u00f3loga en los proyectos I+D dirigidos por el bi\u00f3logo Alberto Manuel Arias, \u2018Nombres vern\u00e1culos e identificaci\u00f3n de especies pesqueras de las costas de C\u00e1diz y Huelva\u2019 y \u2018Nombres vern\u00e1culos e identificaci\u00f3n de especies pesqueras de las costas de M\u00e1laga, Granada y Almer\u00eda\u2019, uno de cuyos resultados m\u00e1s significativos es ICTIOTERM (www.ictioterm.es), la mayor base de datos existente sobre de denominaciones vern\u00e1culas de seres marinos de las costas andaluzas. A ra\u00edz de este trabajo, en colaboraci\u00f3n tambi\u00e9n con Alberto Manuel Arias, ha publicado el libro \u2018La ictionimia andaluza en el siglo XVIII: el caso de C\u00e1diz y Pehr L\u00f6fling (1753)\u2019 y, recientemente, \u2018Ictionimia andaluza. Nombres vern\u00e1culos de especies pesqueras del Mar de Andauc\u00eda\u2019 (2020); adem\u00e1s de contribuir a esta \u00e1rea de conocimiento con numerosos art\u00edculos y participaciones en seminarios, coloquios y congresos nacionales e internacionales.<\/p>\n<p>Enlace \u2018<strong>Y as\u00ed nos hablan los peces\u2019<\/strong>, art\u00edculo premiado de Mercedes de la Torre:<\/p>\n<p><a href=\"https:\/\/www.archiletras.com\/actualidad\/y-asi-nos-hablan-los-peces\/\">https:\/\/www.archiletras.com\/actualidad\/y-asi-nos-hablan-los-peces\/<\/a><\/p>\n","protected":false},"excerpt":{"rendered":"<p>La profesora de Lengua Espa\u00f1ola del Departamento de Filolog\u00eda y Traducci\u00f3n de la Universidad Pablo de Olavide, Mercedes de la Torre, ha recibido el Premio de Periodismo y Sector Pesquero Espa\u00f1ol organizado por la Confederaci\u00f3n Espa\u00f1ola de Pesca (CEPESCA), en la categor\u00eda \u2018Mejor art\u00edculo sobre Sostenibilidad y Medio Ambiente en la Pesca\u2019 por \u2018Y as\u00ed nos hablan los peces\u2019, publicado en la Revista Archiletras.<\/p>\n","protected":false},"author":4,"featured_media":30867447,"comment_status":"closed","ping_status":"open","sticky":false,"template":"","format":"standard","meta":{"_monsterinsights_skip_tracking":false,"_monsterinsights_sitenote_active":false,"_monsterinsights_sitenote_note":"","_monsterinsights_sitenote_category":0,"footnotes":""},"categories":[5842],"tags":[7517,7514,1116,6560,1779,7515,7516],"class_list":["post-30867446","post","type-post","status-publish","format-standard","has-post-thumbnail","hentry","category-comunidad","tag-archiletras","tag-cepesca","tag-departamento-de-filologia-y-traduccion","tag-ictionimia","tag-mercedes-de-la-torre","tag-premio-de-periodismo","tag-sector-pesquero-espanol"],"_links":{"self":[{"href":"https:\/\/www.upo.es\/diario\/wp-json\/wp\/v2\/posts\/30867446","targetHints":{"allow":["GET"]}}],"collection":[{"href":"https:\/\/www.upo.es\/diario\/wp-json\/wp\/v2\/posts"}],"about":[{"href":"https:\/\/www.upo.es\/diario\/wp-json\/wp\/v2\/types\/post"}],"author":[{"embeddable":true,"href":"https:\/\/www.upo.es\/diario\/wp-json\/wp\/v2\/users\/4"}],"replies":[{"embeddable":true,"href":"https:\/\/www.upo.es\/diario\/wp-json\/wp\/v2\/comments?post=30867446"}],"version-history":[{"count":1,"href":"https:\/\/www.upo.es\/diario\/wp-json\/wp\/v2\/posts\/30867446\/revisions"}],"predecessor-version":[{"id":30867448,"href":"https:\/\/www.upo.es\/diario\/wp-json\/wp\/v2\/posts\/30867446\/revisions\/30867448"}],"wp:featuredmedia":[{"embeddable":true,"href":"https:\/\/www.upo.es\/diario\/wp-json\/wp\/v2\/media\/30867447"}],"wp:attachment":[{"href":"https:\/\/www.upo.es\/diario\/wp-json\/wp\/v2\/media?parent=30867446"}],"wp:term":[{"taxonomy":"category","embeddable":true,"href":"https:\/\/www.upo.es\/diario\/wp-json\/wp\/v2\/categories?post=30867446"},{"taxonomy":"post_tag","embeddable":true,"href":"https:\/\/www.upo.es\/diario\/wp-json\/wp\/v2\/tags?post=30867446"}],"curies":[{"name":"wp","href":"https:\/\/api.w.org\/{rel}","templated":true}]}}