{"id":30867470,"date":"2021-07-08T21:52:53","date_gmt":"2021-07-08T19:52:53","guid":{"rendered":"https:\/\/www.upo.es\/diario\/?p=30867470"},"modified":"2021-07-09T09:58:16","modified_gmt":"2021-07-09T07:58:16","slug":"es-probable-que-se-produzca-una-epidemia-concursal-que-podria-afectar-a-los-socios-y-administradores-avalistas-y-a-los-trabajadores-por-sus-despidos","status":"publish","type":"post","link":"https:\/\/www.upo.es\/diario\/cursos-verano\/2021\/07\/es-probable-que-se-produzca-una-epidemia-concursal-que-podria-afectar-a-los-socios-y-administradores-avalistas-y-a-los-trabajadores-por-sus-despidos\/","title":{"rendered":"\u201cEs probable que se produzca una epidemia concursal que podr\u00eda afectar a los socios y administradores avalistas, y a los trabajadores por sus despidos\u201d"},"content":{"rendered":"<figure id=\"attachment_30867472\" aria-describedby=\"caption-attachment-30867472\" style=\"width: 750px\" class=\"wp-caption aligncenter\"><a href=\"https:\/\/www.upo.es\/diario\/wp-content\/uploads\/2021\/07\/JoseMariaOrtega-scaled.jpg\"><img loading=\"lazy\" decoding=\"async\" class=\"wp-image-30867472 size-large\" src=\"https:\/\/www.upo.es\/diario\/wp-content\/uploads\/2021\/07\/JoseMariaOrtega-scaled-e1625817400415-750x464.jpg\" alt=\"Jos\u00e9 Mar\u00eda Ortega Su\u00e1rez\" width=\"750\" height=\"464\" srcset=\"https:\/\/www.upo.es\/diario\/wp-content\/uploads\/2021\/07\/JoseMariaOrtega-scaled-e1625817400415-750x464.jpg 750w, https:\/\/www.upo.es\/diario\/wp-content\/uploads\/2021\/07\/JoseMariaOrtega-scaled-e1625817400415-360x223.jpg 360w, https:\/\/www.upo.es\/diario\/wp-content\/uploads\/2021\/07\/JoseMariaOrtega-scaled-e1625817400415-768x475.jpg 768w, https:\/\/www.upo.es\/diario\/wp-content\/uploads\/2021\/07\/JoseMariaOrtega-scaled-e1625817400415-600x371.jpg 600w, https:\/\/www.upo.es\/diario\/wp-content\/uploads\/2021\/07\/JoseMariaOrtega-scaled-e1625817400415-1536x950.jpg 1536w, https:\/\/www.upo.es\/diario\/wp-content\/uploads\/2021\/07\/JoseMariaOrtega-scaled-e1625817400415-2048x1267.jpg 2048w, https:\/\/www.upo.es\/diario\/wp-content\/uploads\/2021\/07\/JoseMariaOrtega-scaled-e1625817400415-1320x816.jpg 1320w\" sizes=\"auto, (max-width: 750px) 100vw, 750px\" \/><\/a><figcaption id=\"caption-attachment-30867472\" class=\"wp-caption-text\">Jos\u00e9 Mar\u00eda Ortega Su\u00e1rez<\/figcaption><\/figure>\n<p>La crisis provocada por la epidemia del Covid-19 se extiende m\u00e1s all\u00e1 del \u00e1mbito sanitario, y una de las consecuencias m\u00e1s directas se encuentra en la econom\u00eda y el \u00e1mbito empresarial, ya que muchos sectores, como el turismo, el ocio o la restauraci\u00f3n, se han visto afectados por las restricciones derivadas de la situaci\u00f3n epidemiol\u00f3gica. Todo ello se analiza en estos d\u00edas en el<strong> curso de verano \u2018Mediaci\u00f3n y Derecho Concursal\u2019<\/strong>. Aspectos laborales, penales y societarios. 4\u00aa edici\u00f3n\u2019, que se celebra en Carmona y que dirigen<strong> Jos\u00e9 Mar\u00eda Ortega Segura y Cecilia Franco Romero<\/strong>, abogados socios de Iureko Servicios Profesionales SLP.<\/p>\n<p>El Derecho Concursal pretende ofrecer distintas soluciones a situaciones de insolvencia, tanto para empresas, aut\u00f3nomos y particulares. La intenci\u00f3n de dicha normativa es que deudor y acreedores encuentren un acuerdo que satisfaga los intereses de ambas partes. Por su parte, la mediaci\u00f3n concursal es el mecanismo establecido por la Ley de Segunda Oportunidad para dar una soluci\u00f3n a las personas que lo han perdido todo y viven endeudadas.<\/p>\n<p>Seg\u00fan ha explicado Jos\u00e9 Mar\u00eda Ortega, \u201ca d\u00eda de hoy, la crisis ha afectado a todos aquellos negocios cuya actividad fue suspendida por el Real Decreto 463\/2020, de 14 de marzo, por el que se declar\u00f3 el estado de alarma, siendo afectados directamente aquellas empresas o empresarios cuya actividad estaba relacionada con las indicadas en el anexo de dicha normativa, y m\u00e1s concretamente con aquellas vinculadas por ejemplo con la actividad de ocio, restauraci\u00f3n, y turismo, entre otras. La paralizaci\u00f3n de la actividad profesional o empresarial en algunos sectores, ha conllevado que se reduzcan dr\u00e1sticamente los ingresos, no pudiendo minorarse por el contrario los gastos fijos como el alquiler, el pago a proveedores o gastos laborales, sino todo lo contrario, ya que se ha requerido por las empresas y empresarios la necesidad de financiaci\u00f3n a trav\u00e9s de l\u00edneas ICO, que ha conllevado a aumentar m\u00e1s deuda de las mismas\u201d, ha declarado.<\/p>\n<p>En este nuevo escenario cobra sentido, m\u00e1s si cabe, <strong>la mediaci\u00f3n concursal como mecanismo establecido para llegar a un acuerdo que resuelva el conflicto y satisfaga a ambas partes, deudor y acreedores<\/strong>. Como afirma Ortega, \u201cel desarrollo normativo ha permitido que pueda por otra parte ser tratada la crisis para aquellas personas f\u00edsicas; profesionales o particulares, que se hayan visto afectada econ\u00f3micamente, ofreci\u00e9ndole una \u00absegunda oportunidad\u00bb, es decir el perd\u00f3n de sus deudas y el inicio de una \u00abvida nueva\u00bb libre de deudas, permiti\u00e9ndoles con ello rehacer su vida personal, y laboral o empresarial\u201d.<\/p>\n<p><strong>El derecho concursal tiene las herramientas para la soluci\u00f3n del conflicto, pero \u201crara es la vez que se logra despu\u00e9s de solicitar el concurso de acreedores, la continuidad de un negocio a trav\u00e9s de la aprobaci\u00f3n de un convenio o a trav\u00e9s de la venta de la unidad productiva, lo que conlleva a la irremediable a la liquidaci\u00f3n empresarial y la destrucci\u00f3n con ello del tejido productivo nacional\u201d<\/strong>, apunta el abogado.<\/p>\n<p>El Gobierno de la naci\u00f3n, con la finalidad de evitar la destrucci\u00f3n de gran parte del tejido productivo y de lo colapsar los juzgados de lo Mercantil, ha estado prorrogando continuamente la obligaci\u00f3n de las empresas de solicitar el concurso de acreedores. \u201cAs\u00ed pues, con motivo del Covid-19 y para evitar que empresas normalmente viables en condiciones de mercado se vean abocadas a la presentaci\u00f3n de un concurso, ha establecido que el plazo para su solicitud se vea prorrogado hasta el 31 de diciembre de 2021\u201d, explica el codirector del seminario.<\/p>\n<p>En este sentido, \u201cpuede que muchas empresas consigan recursos para evitar su insolvencia (por ejemplo pr\u00e9stamos ICO) , pero de\u00a0 continuar las circunstancias de mercado actuales o empeorar por motivo del COVID-19, es probable que en 2021 y 2022 se produzca una epidemia concursal, con el agravante de que los pr\u00e9stamos obtenidos inicialmente hubieran sido garantizados por socios y administradores, y ahora el problema, ya no ser\u00eda un problema de insolvencia de la empresa, sino que podr\u00eda afectar a los socios y administradores avalistas de la empresa, as\u00ed como a los trabajadores por sus despidos por el cese de la actividad empresarial\u201d, concluye el codirector del curso.<\/p>\n","protected":false},"excerpt":{"rendered":"<p>Jos\u00e9 Mar\u00eda Ortega Su\u00e1rez, abogado de Iureko Servicios Profesionales, dirige el curso de verano \u2018Mediaci\u00f3n y derecho concursal. Aspectos laborales, penales y societarios. 4\u00aa edici\u00f3n\u2019 .<\/p>\n","protected":false},"author":6,"featured_media":30867472,"comment_status":"closed","ping_status":"open","sticky":false,"template":"","format":"standard","meta":{"_monsterinsights_skip_tracking":false,"_monsterinsights_sitenote_active":false,"_monsterinsights_sitenote_note":"","_monsterinsights_sitenote_category":0,"footnotes":""},"categories":[729],"tags":[23,6601,2519,22,87,1059,519],"class_list":["post-30867470","post","type-post","status-publish","format-standard","has-post-thumbnail","hentry","category-cursos-verano","tag-carmona","tag-covid-19","tag-crisis-economica","tag-cursos-de-verano","tag-derecho","tag-empresas","tag-olavide-en-carmona"],"_links":{"self":[{"href":"https:\/\/www.upo.es\/diario\/wp-json\/wp\/v2\/posts\/30867470","targetHints":{"allow":["GET"]}}],"collection":[{"href":"https:\/\/www.upo.es\/diario\/wp-json\/wp\/v2\/posts"}],"about":[{"href":"https:\/\/www.upo.es\/diario\/wp-json\/wp\/v2\/types\/post"}],"author":[{"embeddable":true,"href":"https:\/\/www.upo.es\/diario\/wp-json\/wp\/v2\/users\/6"}],"replies":[{"embeddable":true,"href":"https:\/\/www.upo.es\/diario\/wp-json\/wp\/v2\/comments?post=30867470"}],"version-history":[{"count":2,"href":"https:\/\/www.upo.es\/diario\/wp-json\/wp\/v2\/posts\/30867470\/revisions"}],"predecessor-version":[{"id":30867473,"href":"https:\/\/www.upo.es\/diario\/wp-json\/wp\/v2\/posts\/30867470\/revisions\/30867473"}],"wp:featuredmedia":[{"embeddable":true,"href":"https:\/\/www.upo.es\/diario\/wp-json\/wp\/v2\/media\/30867472"}],"wp:attachment":[{"href":"https:\/\/www.upo.es\/diario\/wp-json\/wp\/v2\/media?parent=30867470"}],"wp:term":[{"taxonomy":"category","embeddable":true,"href":"https:\/\/www.upo.es\/diario\/wp-json\/wp\/v2\/categories?post=30867470"},{"taxonomy":"post_tag","embeddable":true,"href":"https:\/\/www.upo.es\/diario\/wp-json\/wp\/v2\/tags?post=30867470"}],"curies":[{"name":"wp","href":"https:\/\/api.w.org\/{rel}","templated":true}]}}