{"id":30867519,"date":"2021-07-12T14:17:43","date_gmt":"2021-07-12T12:17:43","guid":{"rendered":"https:\/\/www.upo.es\/diario\/?p=30867519"},"modified":"2021-07-12T14:17:43","modified_gmt":"2021-07-12T12:17:43","slug":"jesus-gomez-plata-en-el-campeonato-de-europa-sub-23-de-atletismo","status":"publish","type":"post","link":"https:\/\/www.upo.es\/diario\/comunidad\/2021\/07\/jesus-gomez-plata-en-el-campeonato-de-europa-sub-23-de-atletismo\/","title":{"rendered":"Jes\u00fas G\u00f3mez, plata en el Campeonato de Europa sub-23 de atletismo"},"content":{"rendered":"<figure id=\"attachment_30867521\" aria-describedby=\"caption-attachment-30867521\" style=\"width: 750px\" class=\"wp-caption aligncenter\"><a href=\"https:\/\/www.upo.es\/diario\/wp-content\/uploads\/2021\/07\/8c904331-a624-4891-89e4-9fad5fed2612.jpg\"><img loading=\"lazy\" decoding=\"async\" class=\"size-large wp-image-30867521\" src=\"https:\/\/www.upo.es\/diario\/wp-content\/uploads\/2021\/07\/8c904331-a624-4891-89e4-9fad5fed2612-750x422.jpg\" alt=\"Foto finish de la prueba de 200 metros lisos\" width=\"750\" height=\"422\" srcset=\"https:\/\/www.upo.es\/diario\/wp-content\/uploads\/2021\/07\/8c904331-a624-4891-89e4-9fad5fed2612-750x422.jpg 750w, https:\/\/www.upo.es\/diario\/wp-content\/uploads\/2021\/07\/8c904331-a624-4891-89e4-9fad5fed2612-360x202.jpg 360w, https:\/\/www.upo.es\/diario\/wp-content\/uploads\/2021\/07\/8c904331-a624-4891-89e4-9fad5fed2612-768x432.jpg 768w, https:\/\/www.upo.es\/diario\/wp-content\/uploads\/2021\/07\/8c904331-a624-4891-89e4-9fad5fed2612-600x337.jpg 600w, https:\/\/www.upo.es\/diario\/wp-content\/uploads\/2021\/07\/8c904331-a624-4891-89e4-9fad5fed2612.jpg 900w\" sizes=\"auto, (max-width: 750px) 100vw, 750px\" \/><\/a><figcaption id=\"caption-attachment-30867521\" class=\"wp-caption-text\">&#8216;Foto finish&#8217; de la prueba de 200 metros lisos con Jes\u00fas G\u00f3mez en segundo lugar<\/figcaption><\/figure>\n<p>La ciudad estonia de Tallin ha acogido este fin de semana el <strong>Campeonato de Europa de Atletismo sub-23<\/strong>, una competici\u00f3n que se ha desarrollado del 8 al 11 de julio y en el que<strong> el atleta de la UPO Jes\u00fas G\u00f3mez Villadiego, estudiante de Ciencias de la Actividad F\u00edsica y del Deporte, se ha proclamado subcampe\u00f3n en la prueba de 200ml con una marca de 20.60, mejorando la obtenida en anteriores competiciones<\/strong>.<\/p>\n<p><a href=\"https:\/\/www.upo.es\/diario\/wp-content\/uploads\/2021\/07\/90878a60-4f4b-48d5-b0fa-49f273de7cfe.jpg\"><img loading=\"lazy\" decoding=\"async\" class=\"alignright size-medium wp-image-30867522\" src=\"https:\/\/www.upo.es\/diario\/wp-content\/uploads\/2021\/07\/90878a60-4f4b-48d5-b0fa-49f273de7cfe-360x203.jpg\" alt=\"\" width=\"360\" height=\"203\" srcset=\"https:\/\/www.upo.es\/diario\/wp-content\/uploads\/2021\/07\/90878a60-4f4b-48d5-b0fa-49f273de7cfe-360x203.jpg 360w, https:\/\/www.upo.es\/diario\/wp-content\/uploads\/2021\/07\/90878a60-4f4b-48d5-b0fa-49f273de7cfe-750x422.jpg 750w, https:\/\/www.upo.es\/diario\/wp-content\/uploads\/2021\/07\/90878a60-4f4b-48d5-b0fa-49f273de7cfe-768x432.jpg 768w, https:\/\/www.upo.es\/diario\/wp-content\/uploads\/2021\/07\/90878a60-4f4b-48d5-b0fa-49f273de7cfe-600x338.jpg 600w, https:\/\/www.upo.es\/diario\/wp-content\/uploads\/2021\/07\/90878a60-4f4b-48d5-b0fa-49f273de7cfe.jpg 1024w\" sizes=\"auto, (max-width: 360px) 100vw, 360px\" \/><\/a>Adem\u00e1s, tambi\u00e9n ha disputado en este mismo campeonato la prueba de<strong> relevo 4&#215;100 en la que tambi\u00e9n se ha alzado con la segunda posici\u00f3n<\/strong>, consiguiendo un total de dos medallas a lo largo de toda la competici\u00f3n.<\/p>\n<p>G\u00f3mez llegaba al europeo tras clasificarse en el Campeonato de Espa\u00f1a Absoluto, en el que obtuvo la primera posici\u00f3n en 200m con una marca de 20.86 y tras haber conseguido el segundo puesto en el Campeonato de Espa\u00f1a sub-23, celebrado anteriormente con una marca de 20.75.<\/p>\n","protected":false},"excerpt":{"rendered":"<p>El estudiante de CAFD de la UPO ha conseguido el subcampeonato en la prueba de 200 metros lisos mejorando su propia marca en Tallin (Estonia).<\/p>\n","protected":false},"author":6,"featured_media":30867521,"comment_status":"closed","ping_status":"open","sticky":false,"template":"","format":"standard","meta":{"_monsterinsights_skip_tracking":false,"_monsterinsights_sitenote_active":false,"_monsterinsights_sitenote_note":"","_monsterinsights_sitenote_category":0,"footnotes":""},"categories":[5842],"tags":[31,1159,705,1310,21,454],"class_list":["post-30867519","post","type-post","status-publish","format-standard","has-post-thumbnail","hentry","category-comunidad","tag-atletismo","tag-campeonato","tag-ciencias-de-la-actividad-fisica-y-del-deporte","tag-competicion","tag-estudiantes","tag-europa"],"_links":{"self":[{"href":"https:\/\/www.upo.es\/diario\/wp-json\/wp\/v2\/posts\/30867519","targetHints":{"allow":["GET"]}}],"collection":[{"href":"https:\/\/www.upo.es\/diario\/wp-json\/wp\/v2\/posts"}],"about":[{"href":"https:\/\/www.upo.es\/diario\/wp-json\/wp\/v2\/types\/post"}],"author":[{"embeddable":true,"href":"https:\/\/www.upo.es\/diario\/wp-json\/wp\/v2\/users\/6"}],"replies":[{"embeddable":true,"href":"https:\/\/www.upo.es\/diario\/wp-json\/wp\/v2\/comments?post=30867519"}],"version-history":[{"count":2,"href":"https:\/\/www.upo.es\/diario\/wp-json\/wp\/v2\/posts\/30867519\/revisions"}],"predecessor-version":[{"id":30867523,"href":"https:\/\/www.upo.es\/diario\/wp-json\/wp\/v2\/posts\/30867519\/revisions\/30867523"}],"wp:featuredmedia":[{"embeddable":true,"href":"https:\/\/www.upo.es\/diario\/wp-json\/wp\/v2\/media\/30867521"}],"wp:attachment":[{"href":"https:\/\/www.upo.es\/diario\/wp-json\/wp\/v2\/media?parent=30867519"}],"wp:term":[{"taxonomy":"category","embeddable":true,"href":"https:\/\/www.upo.es\/diario\/wp-json\/wp\/v2\/categories?post=30867519"},{"taxonomy":"post_tag","embeddable":true,"href":"https:\/\/www.upo.es\/diario\/wp-json\/wp\/v2\/tags?post=30867519"}],"curies":[{"name":"wp","href":"https:\/\/api.w.org\/{rel}","templated":true}]}}