{"id":30867609,"date":"2021-07-14T09:21:14","date_gmt":"2021-07-14T07:21:14","guid":{"rendered":"https:\/\/www.upo.es\/diario\/?p=30867609"},"modified":"2021-07-14T09:21:14","modified_gmt":"2021-07-14T07:21:14","slug":"hoy-comienza-el-curso-de-verano-la-despoblacion-como-crisis-del-territorio-el-desarrollo-del-medio-rural-frente-a-los-retos-del-siglo-xxi","status":"publish","type":"post","link":"https:\/\/www.upo.es\/diario\/cursos-verano\/2021\/07\/hoy-comienza-el-curso-de-verano-la-despoblacion-como-crisis-del-territorio-el-desarrollo-del-medio-rural-frente-a-los-retos-del-siglo-xxi\/","title":{"rendered":"Hoy comienza el curso de verano \u201cLa despoblaci\u00f3n como crisis del territorio. El desarrollo del medio rural frente a los retos del siglo XXI\u201d"},"content":{"rendered":"<figure id=\"attachment_30867583\" aria-describedby=\"caption-attachment-30867583\" style=\"width: 360px\" class=\"wp-caption alignright\"><a href=\"https:\/\/www.upo.es\/diario\/wp-content\/uploads\/2021\/07\/sede-UPO-Carmona.jpg\"><img loading=\"lazy\" decoding=\"async\" class=\"size-medium wp-image-30867583\" src=\"https:\/\/www.upo.es\/diario\/wp-content\/uploads\/2021\/07\/sede-UPO-Carmona-360x241.jpg\" alt=\"Sede 'Olavide en Carmona'\" width=\"360\" height=\"241\" srcset=\"https:\/\/www.upo.es\/diario\/wp-content\/uploads\/2021\/07\/sede-UPO-Carmona-360x241.jpg 360w, https:\/\/www.upo.es\/diario\/wp-content\/uploads\/2021\/07\/sede-UPO-Carmona-600x401.jpg 600w, https:\/\/www.upo.es\/diario\/wp-content\/uploads\/2021\/07\/sede-UPO-Carmona-165x109.jpg 165w, https:\/\/www.upo.es\/diario\/wp-content\/uploads\/2021\/07\/sede-UPO-Carmona.jpg 640w\" sizes=\"auto, (max-width: 360px) 100vw, 360px\" \/><\/a><figcaption id=\"caption-attachment-30867583\" class=\"wp-caption-text\">Sede &#8216;Olavide en Carmona&#8217;<\/figcaption><\/figure>\n<p>Los cursos de verano de la Universidad Pablo de Olavide contar\u00e1n en su decimonovena edici\u00f3n con un seminario sobre el fen\u00f3meno de la despoblaci\u00f3n <strong>organizado por la Fundaci\u00f3n de Municipios Pablo de Olavide<\/strong> y en el que se debatir\u00e1 sobre las causas del despoblamiento rural y la crisis de la Espa\u00f1a vaciada. El seminario, que lleva por nombre \u201cLa despoblaci\u00f3n como crisis del territorio. El desarrollo del medio rural frente a los retos del siglo XXI\u201d, est\u00e1 <strong>dirigido por Jos\u00e9 Antonio F\u00edlter<\/strong>, cronista oficial de Ca\u00f1ada Rosal y presidente de la Asociaci\u00f3n Provincial de Cronistas e Investigadores Locales, y contar\u00e1 a lo largo del d\u00eda con diversas conferencias y mesas de debate.<\/p>\n<p>Adem\u00e1s, <strong>en el marco de este curso se presentar\u00e1 el libro \u201cHacia el puerto de la felicidad. La emigraci\u00f3n alemana a Sierra Morena y Andaluc\u00eda en el siglo XVIII\u201d, de Nicola Veith, y que representa la tercera publicaci\u00f3n de la Colecci\u00f3n Olavide-Ilustraci\u00f3n<\/strong> que edita la Fundaci\u00f3n de Municipios. La presentaci\u00f3n contar\u00e1 con la presencia del rector de la UPO y presidente de la fundaci\u00f3n, Francisco Oliva, y con Luis Jes\u00fas Garc\u00eda-Lomas, gerente de la Fundaci\u00f3n Caja Rural de Ja\u00e9n, coeditora del libro. Ser\u00e1 la propia autora la encargada de presentar su libro a trav\u00e9s de una videoconferencia.<\/p>\n<p>Adem\u00e1s de este curso, contin\u00faa ma\u00f1ana en Carmona el seminario<strong> \u2018Trastornos de conducta en el aula. Propuesta de intervenci\u00f3n desde enfoques psicol\u00f3gicos y educativos de tercera generaci\u00f3n\u2019<\/strong> y que contar\u00e1 en su tercera jornada con una conferencia y dos talleres. Para comenzar, Alma Serra, directora del curso impartir\u00e1 la conferencia \u201cHistoria de vida en el alumnado con trastorno de conducta\u201d, a la que seguir\u00e1n los talleres \u201cEvaluaci\u00f3n e intervenci\u00f3n en la historia de vida: cartas proyectivas (Dixit, Konecta, Avogado, ikonikus, -K, \u00dc, OH\u2026), en el que participan Alma Serra y Sara G\u00f3mez, psic\u00f3loga; y para finalizar el taller \u201cIntroducci\u00f3n a la caja de arena\u201d, a cargo de la psic\u00f3loga y terapeuta humanista, Sandra Gonz\u00e1lez.<\/p>\n<p>Por su parte, tambi\u00e9n continuar\u00e1 imparti\u00e9ndose el curso <strong>\u2018Mujer, empleabilidad y emprendimiento: retos y oportunidades\u2019<\/strong>, que se celebra en modalidades presencial y online y que en su \u00faltima jornada acoger\u00e1 el taller \u201cBuenas pr\u00e1cticas y \u00e9xito profesional\u201d en el que participan Alejandro Costa, founder y CEO de C&amp;G Sustantainable Tech, y Almudena Sanz, CEO de Equality Certificate. Y para terminar, la conferencia \u201cRetos y oportunidades de las mujeres en la empresa\u201d que imparte In\u00e9s Alberdi, catedr\u00e1tica de Sociolog\u00eda de la Universidad Complutense de Madrid.<\/p>\n<p>Por \u00faltimo, el <strong>&#8216;Curso de gesti\u00f3n deportiva 360\u00ba aplicada al f\u00fatbol&#8217;<\/strong> que se imparte \u00fanicamente en modalidad <em>online<\/em> y en el que colabora el Sevilla F.C, abordar\u00e1 tambi\u00e9n en su \u00faltima jornada con cuatro conferencias sobre la direcci\u00f3n y el marketing comercial como pilares de crecimiento de entidades deportivas, la gesti\u00f3n de los datos, la gesti\u00f3n a los deportistas y la direcci\u00f3n general y direcci\u00f3n deportiva.<\/p>\n<p><strong>Programas:<\/strong><\/p>\n<ul>\n<li><a href=\"https:\/\/www.upo.es\/cms1\/export\/sites\/upo\/olavideencarmona\/documentos\/2021\/2021cc24.pdf\">https:\/\/www.upo.es\/cms1\/export\/sites\/upo\/olavideencarmona\/documentos\/2021\/2021cc24.pdf<\/a><\/li>\n<li><a href=\"https:\/\/www.upo.es\/cms1\/export\/sites\/upo\/olavideencarmona\/documentos\/2021\/2021cc19.pdf\">https:\/\/www.upo.es\/cms1\/export\/sites\/upo\/olavideencarmona\/documentos\/2021\/2021cc19.pdf<\/a><\/li>\n<li><a href=\"https:\/\/www.upo.es\/olavideencarmona\/cursos-de-verano\/cursos\/cc20\/\">https:\/\/www.upo.es\/olavideencarmona\/cursos-de-verano\/cursos\/cc20\/<\/a><\/li>\n<li><a href=\"https:\/\/www.upo.es\/olavideencarmona\/cursos-de-verano\/cursos\/cc21\/\">https:\/\/www.upo.es\/olavideencarmona\/cursos-de-verano\/cursos\/cc21\/<\/a><\/li>\n<\/ul>\n","protected":false},"excerpt":{"rendered":"<p>Los cursos de verano de la Universidad Pablo de Olavide contar\u00e1n en su decimonovena edici\u00f3n con un seminario sobre el fen\u00f3meno de la despoblaci\u00f3n organizado por la Fundaci\u00f3n de Municipios Pablo de Olavide y en el que se debatir\u00e1 sobre las causas del despoblamiento rural y la crisis de la Espa\u00f1a vaciada. El seminario, que lleva por nombre \u201cLa despoblaci\u00f3n como crisis del territorio. El desarrollo del medio rural frente a los retos del siglo XXI\u201d, est\u00e1 dirigido por Jos\u00e9 Antonio F\u00edlter.<\/p>\n","protected":false},"author":6,"featured_media":30867583,"comment_status":"closed","ping_status":"open","sticky":false,"template":"","format":"standard","meta":{"_monsterinsights_skip_tracking":false,"_monsterinsights_sitenote_active":false,"_monsterinsights_sitenote_note":"","_monsterinsights_sitenote_category":0,"footnotes":""},"categories":[729],"tags":[23,1627,2405,2474,2805,519],"class_list":["post-30867609","post","type-post","status-publish","format-standard","has-post-thumbnail","hentry","category-cursos-verano","tag-carmona","tag-curso-de-verano","tag-desarrollo-rural","tag-fundacion-universidad-pablo-de-olavide","tag-ilustracion","tag-olavide-en-carmona"],"_links":{"self":[{"href":"https:\/\/www.upo.es\/diario\/wp-json\/wp\/v2\/posts\/30867609","targetHints":{"allow":["GET"]}}],"collection":[{"href":"https:\/\/www.upo.es\/diario\/wp-json\/wp\/v2\/posts"}],"about":[{"href":"https:\/\/www.upo.es\/diario\/wp-json\/wp\/v2\/types\/post"}],"author":[{"embeddable":true,"href":"https:\/\/www.upo.es\/diario\/wp-json\/wp\/v2\/users\/6"}],"replies":[{"embeddable":true,"href":"https:\/\/www.upo.es\/diario\/wp-json\/wp\/v2\/comments?post=30867609"}],"version-history":[{"count":2,"href":"https:\/\/www.upo.es\/diario\/wp-json\/wp\/v2\/posts\/30867609\/revisions"}],"predecessor-version":[{"id":30867611,"href":"https:\/\/www.upo.es\/diario\/wp-json\/wp\/v2\/posts\/30867609\/revisions\/30867611"}],"wp:featuredmedia":[{"embeddable":true,"href":"https:\/\/www.upo.es\/diario\/wp-json\/wp\/v2\/media\/30867583"}],"wp:attachment":[{"href":"https:\/\/www.upo.es\/diario\/wp-json\/wp\/v2\/media?parent=30867609"}],"wp:term":[{"taxonomy":"category","embeddable":true,"href":"https:\/\/www.upo.es\/diario\/wp-json\/wp\/v2\/categories?post=30867609"},{"taxonomy":"post_tag","embeddable":true,"href":"https:\/\/www.upo.es\/diario\/wp-json\/wp\/v2\/tags?post=30867609"}],"curies":[{"name":"wp","href":"https:\/\/api.w.org\/{rel}","templated":true}]}}