{"id":30867615,"date":"2021-07-14T12:44:21","date_gmt":"2021-07-14T10:44:21","guid":{"rendered":"https:\/\/www.upo.es\/diario\/?p=30867615"},"modified":"2021-07-16T12:43:43","modified_gmt":"2021-07-16T10:43:43","slug":"la-upo-y-la-fundacion-cibervoluntarios-se-unen-para-impulsar-el-voluntariado-tecnologico-y-la-transformacion-digital-con-impacto-social-para-la-agenda-2030","status":"publish","type":"post","link":"https:\/\/www.upo.es\/diario\/cultura-social\/2021\/07\/la-upo-y-la-fundacion-cibervoluntarios-se-unen-para-impulsar-el-voluntariado-tecnologico-y-la-transformacion-digital-con-impacto-social-para-la-agenda-2030\/","title":{"rendered":"La UPO y la Fundaci\u00f3n Cibervoluntarios se unen para impulsar el voluntariado tecnol\u00f3gico y la transformaci\u00f3n digital con impacto social para la Agenda 2030"},"content":{"rendered":"<figure id=\"attachment_30867616\" aria-describedby=\"caption-attachment-30867616\" style=\"width: 750px\" class=\"wp-caption aligncenter\"><a href=\"https:\/\/www.upo.es\/diario\/wp-content\/uploads\/2021\/07\/Conve_Cibervoluntarios3.jpg\"><img loading=\"lazy\" decoding=\"async\" class=\"size-large wp-image-30867616\" src=\"https:\/\/www.upo.es\/diario\/wp-content\/uploads\/2021\/07\/Conve_Cibervoluntarios3-750x562.jpg\" alt=\"\" width=\"750\" height=\"562\" srcset=\"https:\/\/www.upo.es\/diario\/wp-content\/uploads\/2021\/07\/Conve_Cibervoluntarios3-750x562.jpg 750w, https:\/\/www.upo.es\/diario\/wp-content\/uploads\/2021\/07\/Conve_Cibervoluntarios3-360x270.jpg 360w, https:\/\/www.upo.es\/diario\/wp-content\/uploads\/2021\/07\/Conve_Cibervoluntarios3-768x576.jpg 768w, https:\/\/www.upo.es\/diario\/wp-content\/uploads\/2021\/07\/Conve_Cibervoluntarios3-600x450.jpg 600w, https:\/\/www.upo.es\/diario\/wp-content\/uploads\/2021\/07\/Conve_Cibervoluntarios3-1536x1152.jpg 1536w, https:\/\/www.upo.es\/diario\/wp-content\/uploads\/2021\/07\/Conve_Cibervoluntarios3-2048x1536.jpg 2048w, https:\/\/www.upo.es\/diario\/wp-content\/uploads\/2021\/07\/Conve_Cibervoluntarios3-1320x990.jpg 1320w\" sizes=\"auto, (max-width: 750px) 100vw, 750px\" \/><\/a><figcaption id=\"caption-attachment-30867616\" class=\"wp-caption-text\">El rector de la UPO, Francisco Oliva Bl\u00e1zquez, y la presidenta de la Fundaci\u00f3n Cibervoluntarios, Yolanda Rueda Fern\u00e1ndez.<\/figcaption><\/figure>\n<p>Con el objetivo de desarrollar programas de voluntariado, participaci\u00f3n, emprendimiento e innovaci\u00f3n social a trav\u00e9s del uso de la tecnolog\u00eda, el rector de la Universidad Pablo de Olavide<strong>, Francisco Oliva Bl\u00e1zquez<\/strong>, y la presidenta de la Fundaci\u00f3n Cibervoluntarios, <strong>Yolanda Rueda Fern\u00e1ndez<\/strong>, han suscrito hoy un convenio de colaboraci\u00f3n a trav\u00e9s del cual ambas instituciones se unen para impulsar el voluntariado tecnol\u00f3gico y la transformaci\u00f3n digital con impacto social para la Agenda 2030.<\/p>\n<p>La firma de este acuerdo establece un marco jur\u00eddico e institucional adecuado para llevar a cabo las l\u00edneas antes mencionadas y sienta las bases para la organizaci\u00f3n de acciones concretas enmarcadas en proyectos, estudios, eventos, actividades, cursos y talleres.<\/p>\n<p>As\u00ed, impulsar la <strong>transformaci\u00f3n digital<\/strong> a nivel personal, social, laboral y cultural, tanto a nivel interno como externo y <strong>favorecer la consecuci\u00f3n de los derechos humanos a trav\u00e9s de un uso social de la tecnolog\u00eda<\/strong>, con especial atenci\u00f3n en las personas con situaci\u00f3n de vulnerabilidad digital, ser\u00e1n objeto de las acciones que organicen ambas entidades fruto de este acuerdo, as\u00ed como promover entre la ciudadan\u00eda el <strong>uso de herramientas tecnol\u00f3gicas<\/strong> <strong>para fomentar su participaci\u00f3n en la consecuci\u00f3n de los Objetivos de Desarrollo Sostenible<\/strong> y fomentar el <strong>emprendimiento social y el voluntariado tecnol\u00f3gico<\/strong>.<\/p>\n<figure id=\"attachment_30867617\" aria-describedby=\"caption-attachment-30867617\" style=\"width: 360px\" class=\"wp-caption alignright\"><a href=\"https:\/\/www.upo.es\/diario\/wp-content\/uploads\/2021\/07\/Conve_Cibervoluntarios4.jpg\"><img loading=\"lazy\" decoding=\"async\" class=\"size-medium wp-image-30867617\" src=\"https:\/\/www.upo.es\/diario\/wp-content\/uploads\/2021\/07\/Conve_Cibervoluntarios4-360x237.jpg\" alt=\"\" width=\"360\" height=\"237\" srcset=\"https:\/\/www.upo.es\/diario\/wp-content\/uploads\/2021\/07\/Conve_Cibervoluntarios4-360x237.jpg 360w, https:\/\/www.upo.es\/diario\/wp-content\/uploads\/2021\/07\/Conve_Cibervoluntarios4-750x495.jpg 750w, https:\/\/www.upo.es\/diario\/wp-content\/uploads\/2021\/07\/Conve_Cibervoluntarios4-768x507.jpg 768w, https:\/\/www.upo.es\/diario\/wp-content\/uploads\/2021\/07\/Conve_Cibervoluntarios4-600x396.jpg 600w, https:\/\/www.upo.es\/diario\/wp-content\/uploads\/2021\/07\/Conve_Cibervoluntarios4-1536x1013.jpg 1536w, https:\/\/www.upo.es\/diario\/wp-content\/uploads\/2021\/07\/Conve_Cibervoluntarios4-2048x1351.jpg 2048w, https:\/\/www.upo.es\/diario\/wp-content\/uploads\/2021\/07\/Conve_Cibervoluntarios4-380x250.jpg 380w, https:\/\/www.upo.es\/diario\/wp-content\/uploads\/2021\/07\/Conve_Cibervoluntarios4-760x500.jpg 760w, https:\/\/www.upo.es\/diario\/wp-content\/uploads\/2021\/07\/Conve_Cibervoluntarios4-165x109.jpg 165w, https:\/\/www.upo.es\/diario\/wp-content\/uploads\/2021\/07\/Conve_Cibervoluntarios4-1320x871.jpg 1320w\" sizes=\"auto, (max-width: 360px) 100vw, 360px\" \/><\/a><figcaption id=\"caption-attachment-30867617\" class=\"wp-caption-text\">De izquierda a derecha, Alfonso Bl\u00e1zquez, Inmaculada Sancho Porras, David Cobos Sanchiz, el rector Francisco Oliva Bl\u00e1zquez, Yolanda Rueda Fern\u00e1ndez, Jos\u00e9 Luis Sarasola S\u00e1nchez y Vanessa Mar\u00edn N\u00fa\u00f1ez.<\/figcaption><\/figure>\n<p>En el acto, el rector Francisco Oliva ha reflexionado sobre la importancia de la firma de este acuerdo, afirmando que \u201cel mundo digital, el mundo de la inteligencia artificial y de la robotizaci\u00f3n son una realidad y, por lo tanto, ahora m\u00e1s que nunca es absolutamente imprescindible que proporcionemos esta formaci\u00f3n, competencia y capacitaci\u00f3n digital a todo el mundo porque, de otra manera, nos vamos a encontrar con un problema de discriminaci\u00f3n por raz\u00f3n del acceso a la competencia digital\u201d. El rector tambi\u00e9n ha destacado la importancia de ser consciente de los peligros que encierra la digitalizaci\u00f3n y de la necesidad de concienciar a la juventud en general de un buen uso.<\/p>\n<p>Por su parte, Yolanda Rueda ha declarado que \u201cpara nosotros es vital que la juventud vea y utilice la tecnolog\u00eda como esa herramienta que les ayuda a conocer otras realidades sociales e impulsar sus propias ideas e iniciativas. Gracias al poder de la tecnolog\u00eda y las ideas la juventud puede ayudar a construir un mundo mejor\u201d.<\/p>\n<p>Al acto de la firma tambi\u00e9n han asistido el vicerrector de Cultura y Pol\u00edticas Sociales de la UPO, David Cobos Sanchiz; el director general de Innovaci\u00f3n Social, Jos\u00e9 Luis Sarasola S\u00e1nchez; el coordinador del \u00c1rea de Cultura y Pol\u00edticas Sociales de la Fundaci\u00f3n Universidad Pablo de Olavide, Alfonso Bl\u00e1zquez; la responsable de la Oficina de Voluntariado y Compromiso Social de la UPO, Inmaculada Sancho Porras, y Vanessa Mar\u00edn N\u00fa\u00f1ez, t\u00e9cnica de esta Oficina.<\/p>\n<p>La Fundaci\u00f3n Cibervoluntarios es una entidad con personalidad jur\u00eddica propia y plena capacidad para el cumplimiento de sus fines, cuya actividad principal es promover el uso social de la tecnolog\u00eda como medio para paliar brechas sociales, generar innovaci\u00f3n social y empoderamiento en la ciudadan\u00eda, en definitiva, promover los derechos humanos y la consecuci\u00f3n de la Agenda 2030 a trav\u00e9s del uso social de las tecnolog\u00edas.<\/p>\n","protected":false},"excerpt":{"rendered":"<p>Con el objetivo de desarrollar programas de voluntariado, participaci\u00f3n, emprendimiento e innovaci\u00f3n social a trav\u00e9s del uso de la tecnolog\u00eda, el rector de la Universidad Pablo de Olavide, Francisco Oliva Bl\u00e1zquez, y la presidenta de la Fundaci\u00f3n Cibervoluntarios, Yolanda Rueda Fern\u00e1ndez, han suscrito hoy un convenio de colaboraci\u00f3n a trav\u00e9s del cual ambas instituciones se unen para impulsar el voluntariado tecnol\u00f3gico y la transformaci\u00f3n digital con impacto social para la Agenda 2030.<\/p>\n","protected":false},"author":2,"featured_media":30867616,"comment_status":"closed","ping_status":"open","sticky":false,"template":"","format":"standard","meta":{"_monsterinsights_skip_tracking":false,"_monsterinsights_sitenote_active":false,"_monsterinsights_sitenote_note":"","_monsterinsights_sitenote_category":0,"footnotes":""},"categories":[5843],"tags":[4140,92,7521,7519,2359,4141,1224,5688,86,7520],"class_list":["post-30867615","post","type-post","status-publish","format-standard","has-post-thumbnail","hentry","category-cultura-social","tag-agenda-2030","tag-derechos-humanos","tag-emprendimiento-social","tag-fundacion-cibervoluntarios","tag-innovacion-social","tag-objetivos-de-desarrollo-sostenible","tag-tecnologia","tag-transformacion-digital","tag-voluntariado","tag-voluntariado-tecnologico"],"_links":{"self":[{"href":"https:\/\/www.upo.es\/diario\/wp-json\/wp\/v2\/posts\/30867615","targetHints":{"allow":["GET"]}}],"collection":[{"href":"https:\/\/www.upo.es\/diario\/wp-json\/wp\/v2\/posts"}],"about":[{"href":"https:\/\/www.upo.es\/diario\/wp-json\/wp\/v2\/types\/post"}],"author":[{"embeddable":true,"href":"https:\/\/www.upo.es\/diario\/wp-json\/wp\/v2\/users\/2"}],"replies":[{"embeddable":true,"href":"https:\/\/www.upo.es\/diario\/wp-json\/wp\/v2\/comments?post=30867615"}],"version-history":[{"count":2,"href":"https:\/\/www.upo.es\/diario\/wp-json\/wp\/v2\/posts\/30867615\/revisions"}],"predecessor-version":[{"id":30867642,"href":"https:\/\/www.upo.es\/diario\/wp-json\/wp\/v2\/posts\/30867615\/revisions\/30867642"}],"wp:featuredmedia":[{"embeddable":true,"href":"https:\/\/www.upo.es\/diario\/wp-json\/wp\/v2\/media\/30867616"}],"wp:attachment":[{"href":"https:\/\/www.upo.es\/diario\/wp-json\/wp\/v2\/media?parent=30867615"}],"wp:term":[{"taxonomy":"category","embeddable":true,"href":"https:\/\/www.upo.es\/diario\/wp-json\/wp\/v2\/categories?post=30867615"},{"taxonomy":"post_tag","embeddable":true,"href":"https:\/\/www.upo.es\/diario\/wp-json\/wp\/v2\/tags?post=30867615"}],"curies":[{"name":"wp","href":"https:\/\/api.w.org\/{rel}","templated":true}]}}