{"id":30867622,"date":"2021-07-14T15:46:35","date_gmt":"2021-07-14T13:46:35","guid":{"rendered":"https:\/\/www.upo.es\/diario\/?p=30867622"},"modified":"2021-07-14T15:46:46","modified_gmt":"2021-07-14T13:46:46","slug":"santiago-rivera-presenta-su-monologo-neurotimico-este-jueves-en-cultura-minima","status":"publish","type":"post","link":"https:\/\/www.upo.es\/diario\/cultura\/2021\/07\/santiago-rivera-presenta-su-monologo-neurotimico-este-jueves-en-cultura-minima\/","title":{"rendered":"Santiago Rivera presenta su mon\u00f3logo &#8216;Neurot\u00edmico&#8217; este jueves en Cultura M\u00ednima"},"content":{"rendered":"<p><iframe loading=\"lazy\" title=\"YouTube video player\" src=\"https:\/\/www.youtube.com\/embed\/Sd-UWy1dmEc\" width=\"560\" height=\"315\" frameborder=\"0\" allowfullscreen=\"allowfullscreen\"><\/iframe><\/p>\n<p><strong>Santiago Rivera<\/strong> protagoniza la sesi\u00f3n de esta semana de Cultura M\u00ednima 2021; su obra <strong>&#8216;Neurot\u00edmico&#8217;, un mon\u00f3logo de textos propios del actor<\/strong>, graduado en la Escuela Superior de Arte Dram\u00e1tico de Sevilla y que comenz\u00f3 a formarse en el Aula de Artes Esc\u00e9nicas de la Universidad, <a href=\"https:\/\/www.upo.es\/upsc\/extension_cultural\/artes-y-formacion\/\">La Escalera Teatro<\/a>, podr\u00e1 verse <a href=\"https:\/\/youtu.be\/Sd-UWy1dmEc\">desde las 18 horas del jueves 15 de julio a trav\u00e9s del Canal YouTube de la UPO<\/a>.<\/p>\n<p><strong>\u2018Cultura M\u00ednima\u2019<\/strong> es un programa de la Universidad creado para impulsar el trabajo de artistas y creadores emergentes locales y provenientes de la comunidad universitaria. Bajo la coordinaci\u00f3n del Servicio de Extensi\u00f3n Cultural de la UPO, facilita el escenario, una ayuda econ\u00f3mica y apoyo t\u00e9cnico para que desarrollen su propuesta cultural en el campus. Debido a las restricciones sanitarias y de aforo, muy limitantes en el momento de la convocatoria, la programaci\u00f3n de este a\u00f1o ha sido grabada y se difunde a trav\u00e9s del canal YouTube de la UPO.<\/p>\n","protected":false},"excerpt":{"rendered":"<p>Santiago Rivera protagoniza la sesi\u00f3n de esta semana de Cultura M\u00ednima 2021; su obra &#8216;Neurot\u00edmico&#8217;, un mon\u00f3logo de textos propios del actor, graduado en la Escuela Superior de Arte Dram\u00e1tico de Sevilla y que comenz\u00f3 a formarse en el Aula de Teatro de la Universidad, la Escalera Teatro, podr\u00e1 verse desde las 18 horas del jueves 15 de julio a trav\u00e9s del Canal YouTube de la UPO.\u00a0<\/p>\n","protected":false},"author":6,"featured_media":30867624,"comment_status":"closed","ping_status":"open","sticky":false,"template":"","format":"standard","meta":{"_monsterinsights_skip_tracking":false,"_monsterinsights_sitenote_active":false,"_monsterinsights_sitenote_note":"","_monsterinsights_sitenote_category":0,"footnotes":""},"categories":[5843,7],"tags":[3869,6755,75,95],"class_list":["post-30867622","post","type-post","status-publish","format-standard","has-post-thumbnail","hentry","category-cultura-social","category-cultura","tag-cultura-minima","tag-curso-2020-2021","tag-extension-cultural","tag-teatro"],"_links":{"self":[{"href":"https:\/\/www.upo.es\/diario\/wp-json\/wp\/v2\/posts\/30867622","targetHints":{"allow":["GET"]}}],"collection":[{"href":"https:\/\/www.upo.es\/diario\/wp-json\/wp\/v2\/posts"}],"about":[{"href":"https:\/\/www.upo.es\/diario\/wp-json\/wp\/v2\/types\/post"}],"author":[{"embeddable":true,"href":"https:\/\/www.upo.es\/diario\/wp-json\/wp\/v2\/users\/6"}],"replies":[{"embeddable":true,"href":"https:\/\/www.upo.es\/diario\/wp-json\/wp\/v2\/comments?post=30867622"}],"version-history":[{"count":3,"href":"https:\/\/www.upo.es\/diario\/wp-json\/wp\/v2\/posts\/30867622\/revisions"}],"predecessor-version":[{"id":30867626,"href":"https:\/\/www.upo.es\/diario\/wp-json\/wp\/v2\/posts\/30867622\/revisions\/30867626"}],"wp:featuredmedia":[{"embeddable":true,"href":"https:\/\/www.upo.es\/diario\/wp-json\/wp\/v2\/media\/30867624"}],"wp:attachment":[{"href":"https:\/\/www.upo.es\/diario\/wp-json\/wp\/v2\/media?parent=30867622"}],"wp:term":[{"taxonomy":"category","embeddable":true,"href":"https:\/\/www.upo.es\/diario\/wp-json\/wp\/v2\/categories?post=30867622"},{"taxonomy":"post_tag","embeddable":true,"href":"https:\/\/www.upo.es\/diario\/wp-json\/wp\/v2\/tags?post=30867622"}],"curies":[{"name":"wp","href":"https:\/\/api.w.org\/{rel}","templated":true}]}}