{"id":30867637,"date":"2021-07-15T12:48:27","date_gmt":"2021-07-15T10:48:27","guid":{"rendered":"https:\/\/www.upo.es\/diario\/?p=30867637"},"modified":"2021-07-16T08:59:58","modified_gmt":"2021-07-16T06:59:58","slug":"la-upo-lanza-el-primer-master-en-arquitectura-y-diseno-de-sistemas-cloud","status":"publish","type":"post","link":"https:\/\/www.upo.es\/diario\/institucional\/2021\/07\/la-upo-lanza-el-primer-master-en-arquitectura-y-diseno-de-sistemas-cloud\/","title":{"rendered":"La UPO lanza el primer M\u00e1ster en Arquitectura y Dise\u00f1o de Sistemas Cloud"},"content":{"rendered":"<p><a href=\"https:\/\/www.upo.es\/diario\/wp-content\/uploads\/2021\/07\/MST-Arquitectura-y-Sistemas-Cloud.jpg\"><img loading=\"lazy\" decoding=\"async\" class=\"aligncenter size-large wp-image-30867639\" src=\"https:\/\/www.upo.es\/diario\/wp-content\/uploads\/2021\/07\/MST-Arquitectura-y-Sistemas-Cloud-750x422.jpg\" alt=\"M\u00e1ster en Arquitectura y Dise\u00f1o de Sistemas Cloud\" width=\"750\" height=\"422\" srcset=\"https:\/\/www.upo.es\/diario\/wp-content\/uploads\/2021\/07\/MST-Arquitectura-y-Sistemas-Cloud-750x422.jpg 750w, https:\/\/www.upo.es\/diario\/wp-content\/uploads\/2021\/07\/MST-Arquitectura-y-Sistemas-Cloud-360x203.jpg 360w, https:\/\/www.upo.es\/diario\/wp-content\/uploads\/2021\/07\/MST-Arquitectura-y-Sistemas-Cloud-768x432.jpg 768w, https:\/\/www.upo.es\/diario\/wp-content\/uploads\/2021\/07\/MST-Arquitectura-y-Sistemas-Cloud-600x338.jpg 600w, https:\/\/www.upo.es\/diario\/wp-content\/uploads\/2021\/07\/MST-Arquitectura-y-Sistemas-Cloud-1536x864.jpg 1536w, https:\/\/www.upo.es\/diario\/wp-content\/uploads\/2021\/07\/MST-Arquitectura-y-Sistemas-Cloud-1320x743.jpg 1320w, https:\/\/www.upo.es\/diario\/wp-content\/uploads\/2021\/07\/MST-Arquitectura-y-Sistemas-Cloud.jpg 1920w\" sizes=\"auto, (max-width: 750px) 100vw, 750px\" \/><\/a>La Universidad Pablo de Olavide pondr\u00e1 en marcha en el curso 2021\/2022 la primera edici\u00f3n del <a href=\"https:\/\/www.csmd.es\/\">M\u00e1ster en Arquitectura y Desarrollo de Sistemas Cloud<\/a>, un t\u00edtulo propio gestionado por la Fundaci\u00f3n UPO que se centra en el ecosistema Google Cloud Platform para formar especialistas en Cloud Architecture.<\/p>\n<p>El t\u00edtulo, <strong>dirigido por el profesor Carlos Barranco<\/strong>, cuenta con la participaci\u00f3n de especialistas procedentes de empresas como <strong>Emergya <\/strong>y<strong> Google Cloud Espa\u00f1a<\/strong>, de manera que el alumnado podr\u00e1 conocer de primera mano los proyectos m\u00e1s innovadores que se desarrollan utilizando esta tecnolog\u00eda.<\/p>\n<p>\u201cHemos dado un peso considerable a la industria en el claustro, de forma que el 80% de los profesores provienen de empresas que no solo conocen las necesidades del mercado, sino que los proyectos <em>cloud<\/em> forman parte de su d\u00eda a d\u00eda\u201d, asegura Carlos Barranco, director acad\u00e9mico del m\u00e1ster.<\/p>\n<p><strong>El <em>Cloud Computing<\/em> es una de las \u00e1reas con m\u00e1s proyecci\u00f3n dentro del mercado tecnol\u00f3gico, con una demanda de profesionales que supera ampliamente a la oferta actual.<\/strong> Sin embargo, hasta el momento no exist\u00eda un programa acad\u00e9mico espec\u00edfico para formar profesionales en el sector. Entre 2018 y 2019 la demanda de expertos en <em>cloud<\/em> aument\u00f3 un 48,78%, una tendencia que se increment\u00f3 a\u00fan m\u00e1s el pasado a\u00f1o ante las necesidades de digitalizaci\u00f3n que supuso para las empresas la irrupci\u00f3n de la pandemia y la implantaci\u00f3n generalizada del trabajo en remoto.<\/p>\n<p>\u201cEn estos momentos, la demanda de profesionales en Google Cloud no deja de crecer. Que una universidad, como la Pablo de Olavide, haya sido capaz de detectar esta necesidad del mercado y ofrecer un m\u00e1ster cuyo objetivo sea crear especialistas en esta \u00e1rea nos parece una magn\u00edfica noticia\u201d, explica Isaac Hern\u00e1ndez, Country Manager de Google Cloud Iberia.<\/p>\n<p>El programa formativo es 100% <em>online<\/em>: las clases se emitir\u00e1n en directo a trav\u00e9s de la plataforma electr\u00f3nica Blackboard Collaborate y ser\u00e1n grabadas para facilitar tanto el repaso de la materia como para quienes no hayan podido asistir a esa sesi\u00f3n. Adem\u00e1s, para facilitar la compatibilidad laboral las clases tendr\u00e1n lugar los viernes por la tarde en horario de 16:00 a 21:00 horas.<\/p>\n<p>Este m\u00e1ster, que ofrece numerosas opciones de empleabilidad, tiene abierto su periodo de preinscripci\u00f3n y sus plazas son limitadas. \u201cEste m\u00e1ster representa una doble oportunidad para una empresa como Emergya. Por un lado, nos permitir\u00e1 conocer a los nuevos talentos de las tecnolog\u00edas <em>cloud<\/em> que, en un futuro, podr\u00edan pasar a formar parte de nuestros equipos especializados. Por otro, podemos trabajar mano a mano con la Universidad Pablo de Olavide y con Google en la formaci\u00f3n de un \u00e1rea que consideramos clave para el futuro de la sociedad\u201d, explica Alejandro G\u00f3mez Mor\u00f3n, principal engineer de Emergya y docente de la UPO.<\/p>\n<p><strong>M\u00e1s informaci\u00f3n:<\/strong> <a href=\"https:\/\/www.upo.es\/postgrado\/Master-en-Arquitectura-y-Desarrollo-de-Sistemas-Cloud\/#datos-generales\">M\u00e1ster en Arquitectura y Desarrollo de Sistemas Cloud<\/a> o en <a href=\"https:\/\/www.csmd.es\">www.csmd.es<\/a> .<\/p>\n","protected":false},"excerpt":{"rendered":"<p>La Universidad Pablo de Olavide pondr\u00e1 en marcha en el curso 2021\/2022 la primera edici\u00f3n del M\u00e1ster en Arquitectura y Desarrollo de Sistemas Cloud, un t\u00edtulo propio gestionado por la Fundaci\u00f3n UPO que se centra en el ecosistema Google Cloud Platform para formar especialistas en Cloud Architecture. <\/p>\n","protected":false},"author":6,"featured_media":30867639,"comment_status":"closed","ping_status":"open","sticky":false,"template":"","format":"standard","meta":{"_monsterinsights_skip_tracking":false,"_monsterinsights_sitenote_active":false,"_monsterinsights_sitenote_note":"","_monsterinsights_sitenote_category":0,"footnotes":""},"categories":[6],"tags":[5057,2474,392,986,118,82,166],"class_list":["post-30867637","post","type-post","status-publish","format-standard","has-post-thumbnail","hentry","category-institucional","tag-formacion-continua","tag-fundacion-universidad-pablo-de-olavide","tag-informatica","tag-ingenieria-informatica","tag-master","tag-postgrado","tag-titulo-propio"],"_links":{"self":[{"href":"https:\/\/www.upo.es\/diario\/wp-json\/wp\/v2\/posts\/30867637","targetHints":{"allow":["GET"]}}],"collection":[{"href":"https:\/\/www.upo.es\/diario\/wp-json\/wp\/v2\/posts"}],"about":[{"href":"https:\/\/www.upo.es\/diario\/wp-json\/wp\/v2\/types\/post"}],"author":[{"embeddable":true,"href":"https:\/\/www.upo.es\/diario\/wp-json\/wp\/v2\/users\/6"}],"replies":[{"embeddable":true,"href":"https:\/\/www.upo.es\/diario\/wp-json\/wp\/v2\/comments?post=30867637"}],"version-history":[{"count":3,"href":"https:\/\/www.upo.es\/diario\/wp-json\/wp\/v2\/posts\/30867637\/revisions"}],"predecessor-version":[{"id":30867668,"href":"https:\/\/www.upo.es\/diario\/wp-json\/wp\/v2\/posts\/30867637\/revisions\/30867668"}],"wp:featuredmedia":[{"embeddable":true,"href":"https:\/\/www.upo.es\/diario\/wp-json\/wp\/v2\/media\/30867639"}],"wp:attachment":[{"href":"https:\/\/www.upo.es\/diario\/wp-json\/wp\/v2\/media?parent=30867637"}],"wp:term":[{"taxonomy":"category","embeddable":true,"href":"https:\/\/www.upo.es\/diario\/wp-json\/wp\/v2\/categories?post=30867637"},{"taxonomy":"post_tag","embeddable":true,"href":"https:\/\/www.upo.es\/diario\/wp-json\/wp\/v2\/tags?post=30867637"}],"curies":[{"name":"wp","href":"https:\/\/api.w.org\/{rel}","templated":true}]}}