{"id":30867695,"date":"2021-07-19T06:07:04","date_gmt":"2021-07-19T04:07:04","guid":{"rendered":"https:\/\/www.upo.es\/diario\/?p=30867695"},"modified":"2021-07-19T10:08:08","modified_gmt":"2021-07-19T08:08:08","slug":"aislamiento-desconfianza-e-individualismo-tres-sentimientos-que-dominan-el-presente","status":"publish","type":"post","link":"https:\/\/www.upo.es\/diario\/theconversation\/2021\/07\/aislamiento-desconfianza-e-individualismo-tres-sentimientos-que-dominan-el-presente\/","title":{"rendered":"Aislamiento, desconfianza e individualismo: tres sentimientos que dominan el\u00a0presente"},"content":{"rendered":"<p><a href=\"https:\/\/theconversation.com\/profiles\/jose-francisco-jimenez-diaz-1224047\"><img loading=\"lazy\" decoding=\"async\" class=\"aligncenter size-large wp-image-30867697\" src=\"https:\/\/www.upo.es\/diario\/wp-content\/uploads\/2021\/07\/the-conversation_20210418-750x499.jpg\" alt=\"ilustraci\u00f3n de aislamiento: un hombre dentro de un recipiente de cristal\" width=\"750\" height=\"499\" srcset=\"https:\/\/www.upo.es\/diario\/wp-content\/uploads\/2021\/07\/the-conversation_20210418-750x499.jpg 750w, https:\/\/www.upo.es\/diario\/wp-content\/uploads\/2021\/07\/the-conversation_20210418-360x240.jpg 360w, https:\/\/www.upo.es\/diario\/wp-content\/uploads\/2021\/07\/the-conversation_20210418-600x399.jpg 600w, https:\/\/www.upo.es\/diario\/wp-content\/uploads\/2021\/07\/the-conversation_20210418-165x109.jpg 165w, https:\/\/www.upo.es\/diario\/wp-content\/uploads\/2021\/07\/the-conversation_20210418.jpg 754w\" sizes=\"auto, (max-width: 750px) 100vw, 750px\" \/>Jos\u00e9-Francisco Jim\u00e9nez-D\u00edaz<\/a>, <em><a href=\"https:\/\/theconversation.com\/institutions\/universidad-pablo-de-olavide-1362\">Universidad Pablo de Olavide<\/a><\/em><\/p>\n<p>El tiempo presente se caracteriza por la confluencia de diversas crisis: estas producen cambios sist\u00e9micos en las sociedades y en las formas de convivencia sociopol\u00edtica. En efecto, debido a las transformaciones derivadas de las crisis, los procesos de socializaci\u00f3n se producen en un contexto de mayor complejidad, incertidumbre, interdependencia y volatilidad.<\/p>\n<p>A la crisis sanitaria mundial provocada por la pandemia de la Covid-19, se unen otras crisis globales, como la crisis clim\u00e1tica, la crisis alimentaria, la crisis de la educaci\u00f3n, la crisis econ\u00f3mica-financiera de 2007-2008, la crisis de la deuda soberana, la crisis social y la crisis pol\u00edtica-institucional de las democracias.<\/p>\n<p>Me gustar\u00eda reflexionar sobre esta \u00faltima crisis examinando tres sentimientos predominantes en el presente: aislamiento, desconfianza e individualismo.<\/p>\n<p>El paradigma de pensamiento pol\u00edtico de la raz\u00f3n ilustrada excluy\u00f3 el espacio de los sentimientos en la <a href=\"https:\/\/dialnet.unirioja.es\/servlet\/articulo?codigo=3301555\">teor\u00eda pol\u00edtica moderna<\/a>. Recientemente, desde la Teor\u00eda Pol\u00edtica y la Ciencia Pol\u00edtica, se ha reconocido la importancia de las emociones para conocer y comprender importantes fen\u00f3menos que afectan a la esfera pol\u00edtica, tales como el <a href=\"https:\/\/dialnet.unirioja.es\/servlet\/articulo?codigo=6462541\">populismo<\/a>, <a href=\"https:\/\/dialnet.unirioja.es\/servlet\/libro?codigo=734697\">la crisis de representaci\u00f3n<\/a>, <a href=\"https:\/\/dialnet.unirioja.es\/servlet\/articulo?codigo=6884533\">el declive de los partidos<\/a>, <a href=\"https:\/\/dialnet.unirioja.es\/servlet\/libro?codigo=825257\">el descenso de la participaci\u00f3n pol\u00edtica y el aumento de la abstenci\u00f3n electoral<\/a>.<\/p>\n<p>Me gustar\u00eda reflexionar brevemente acerca de los sentimientos citados.<\/p>\n<h3>1. El aislamiento<\/h3>\n<p>Quiz\u00e1 el aislamiento sea el sentimiento m\u00e1s complicado y parad\u00f3jico de analizar en las sociedades contempor\u00e1neas. Seg\u00fan el diccionario de la Real Academia Espa\u00f1ola (RAE), la acci\u00f3n de \u201caislar\u201d, en su segunda acepci\u00f3n, significa <a href=\"https:\/\/dle.rae.es\/aislar?m=form\">\u201capartar a alguien de la comunicaci\u00f3n y trato con los dem\u00e1s\u201d<\/a>.<\/p>\n<p>Desde hace varias d\u00e9cadas, vivimos en una sociedad red globalizada, tejida y configurada por las tecnolog\u00edas de la informaci\u00f3n, <a href=\"https:\/\/revistas.unal.edu.co\/index.php\/bitacora\/article\/view\/18812\">continuamente interconectada y comunicada<\/a>, pero en la que cada vez m\u00e1s personas viven solas y\/o aisladas.<\/p>\n<p>El aumento de los hogares unipersonales en las sociedades occidentales es una evidencia del aislamiento social, sobre todo en <a href=\"https:\/\/www.centrodeestudiosandaluces.es\/publicaciones\/n-95-el-aumento-de-personas-mayores-solas-en-andalucia-y-en-espana\">personas de edad avanzada<\/a>.<\/p>\n<p>La despoblaci\u00f3n de la <a href=\"https:\/\/dialnet.unirioja.es\/servlet\/articulo?codigo=7651683\">Espa\u00f1a vaciada<\/a>, que concentra gran parte del sector primario, tambi\u00e9n representa otro ejemplo de aislamiento social.<\/p>\n<p>Una cuesti\u00f3n relevante es hasta qu\u00e9 punto la sociedad red nos permite entablar acciones comunes con otros seres humanos o si, por el contrario, el manejo constante de informaci\u00f3n nos a\u00edsla m\u00e1s de la comunidad en la que vivimos e incluso pone en peligro las libertades c\u00edvicas. A este respecto, el pensador <a href=\"https:\/\/www.herdereditorial.com\/en-el-enjambre_1\">Byung-Chul Han<\/a> ha indicado lo siguiente:<\/p>\n<blockquote><p>\u201cEl socio deja paso al solo. Lo que caracteriza la actual constituci\u00f3n social no es la multitud, sino m\u00e1s bien la soledad (\u2026) Esa constituci\u00f3n est\u00e1 inmersa en una decadencia general de lo com\u00fan y lo comunitario. Desaparece la solidaridad\u201d.<\/p><\/blockquote>\n<p>En efecto, pese a estar m\u00e1s conectados que nunca, existe el riesgo de estar m\u00e1s aislados que en el pasado. La soledad y el aislamiento social son dos de los problemas m\u00e1s relevantes que han de abordar las sociedades actuales.<\/p>\n<p>Ejemplos significativos de ello son las adicciones causadas por las nuevas tecnolog\u00edas y la reclusi\u00f3n social de los denominados <a href=\"https:\/\/theconversation.com\/hikikomoris-forzados-por-la-pandemia-el-sindrome-de-la-puerta-cerrada-135577\">hikikomori<\/a>. Se trata de personas solitarias, retiradas del contacto social y que no salen de casa durante a\u00f1os. Aunque se cre\u00eda que este \u00faltimo problema solo afectaba a Jap\u00f3n, se ha desarrollado por el resto del mundo.<\/p>\n<h3>2. La desconfianza<\/h3>\n<p>Por su parte, la desconfianza hacia la pol\u00edtica y los l\u00edderes p\u00fablicos se ha extendido por diversas democracias occidentales. En Espa\u00f1a, seg\u00fan datos del <a href=\"http:\/\/www.cis.es\/cis\/opencms\/ES\/11_barometros\/Indicadores_PI\/documentos\/serPol1.html\">Centro de Investigaciones Sociol\u00f3gicas (CIS)<\/a>, desde 2008 la desconfianza en las instituciones y en los liderazgos pol\u00edticos aument\u00f3 aceleradamente.<\/p>\n<p>Sin embargo, varios estudios han se\u00f1alado que dicha desconfianza no creci\u00f3 uniformemente en toda Europa, sino que fueron las democracias del sur afectadas por la Gran Recesi\u00f3n, tales como Espa\u00f1a, Portugal y Grecia, los pa\u00edses que experimentaron un <a href=\"https:\/\/dialnet.unirioja.es\/servlet\/articulo?codigo=6894488\">descenso de la confianza institucional<\/a>.<\/p>\n<p>En cualquier caso, la creciente desconfianza en la pol\u00edtica lleva a plantearse otra cuesti\u00f3n: \u00bfcon qu\u00e9 grado de desconfianza popular es posible gobernar democr\u00e1ticamente una sociedad? Desde la Ciencia Pol\u00edtica las respuestas son claras: existe cierto acuerdo acerca de que la confianza pol\u00edtica es saludable para la democracia.<\/p>\n<p>Algunos estudiosos exponen que altos niveles de confianza en los l\u00edderes pol\u00edticos, los partidos pol\u00edticos y las instituciones pol\u00edticas son sin\u00f3nimos de <a href=\"https:\/\/dialnet.unirioja.es\/servlet\/libro?codigo=494948\">calidad democr\u00e1tica<\/a>.<\/p>\n<p>Otros expertos afirman que la confianza pol\u00edtica es un valioso activo para el funcionamiento y desempe\u00f1o de las instituciones pol\u00edticas en una <a href=\"https:\/\/oxford.universitypressscholarship.com\/view\/10.1093\/0198295685.001.0001\/acprof-9780198295686\">sociedad democr\u00e1tica<\/a>. Se ha mostrado que la confianza pol\u00edtica se relaciona con el deseo de la ciudadan\u00eda de cumplir con las <a href=\"https:\/\/dialnet.unirioja.es\/servlet\/articulo?codigo=4518962\">obligaciones sociopol\u00edticas, as\u00ed como con el cumplimento de las normas p\u00fablicas<\/a>.<\/p>\n<h3>3. El individualismo<\/h3>\n<p>Aunque el individualismo surge con el desarrollo del Estado liberal, pues este promovi\u00f3 la autonom\u00eda e independencia ciudadana, la intensificaci\u00f3n del primero afecta negativamente al desenvolvimiento pol\u00edtico-democr\u00e1tico. Alexis de Tocqueville (1805-1859) fue quien mejor y m\u00e1s pronto supo ver este<a href=\"https:\/\/www.alianzaeditorial.es\/libro\/ciencias-sociales\/la-democracia-en-america-2-alexis-de-tocqueville-9788491048053\/\"> problema pol\u00edtico<\/a>:<\/p>\n<p><em>\u201cEl individualismo es un sentimiento reflexivo y apacible que induce a cada ciudadano a aislarse de la masa de sus semejantes y a mantenerse aparte con su familia y sus amigos (\u2026) El ego\u00edsmo seca la fuente de las virtudes; el individualismo, al principio, s\u00f3lo ciega la de las virtudes p\u00fablicas; pero a la larga ataca y destruye todas las otras, y acaba encerr\u00e1ndose en el ego\u00edsmo (\u2026) El individualismo es propio de las democracias, y amenaza con desarrollarse a medida que las condiciones se igualen\u201d.<\/em><\/p>\n<p>Una situaci\u00f3n de repliegue individualista, a juicio de Tocqueville, vivi\u00f3 la cambiante sociedad francesa de la primera mitad del siglo XIX. Sin embargo, la sociedad estadounidense, que alcanz\u00f3 la democracia sin grandes revoluciones, adopt\u00f3 instituciones sociopol\u00edticas para frenar el individualismo. Tales instituciones fueron las asociaciones civiles, la prensa, la religi\u00f3n y la tolerancia religiosa.<\/p>\n<p>El problema es que estas instituciones, que pod\u00edan frenar al individualismo hace dos siglos, han sido colonizadas por las l\u00f3gicas econ\u00f3micas y pol\u00edticas de la globalizada sociedad red. Cabe preguntarse: \u00bfqu\u00e9 instituciones pueden contener el individualismo en las democracias del siglo XXI?<\/p>\n<p>Lo distintivo de las actuales democracias es su alta complejidad y, por ello, los paradigmas de pensamiento unidimensionales, concretamente los enfoques basados en la raz\u00f3n ilustrada, que pod\u00edan ser pertinentes para pensar la democracia en el marco de una sociedad m\u00e1s simple, ya no son muy apropiados.<\/p>\n<p>Es necesario pensar la democracia en el marco de la complejidad e incertidumbre, se\u00f1as de nuestro tiempo, pero sin olvidar la gu\u00eda racional. La dif\u00edcil tarea de pensar las ideas claves de la democracia y de la pol\u00edtica \u2013libertad, igualdad, pluralidad y justicia\u2013 no puede obviar los sentimientos que embargan a las ciudadan\u00edas del tiempo presente. Estos sentimientos condicionan las vidas, los comportamientos y creencias de los votantes actuales.<\/p>\n<p>Continuemos con esta reflexi\u00f3n.<\/p>\n<p><a href=\"https:\/\/theconversation.com\/profiles\/jose-francisco-jimenez-diaz-1224047\">Jos\u00e9-Francisco Jim\u00e9nez-D\u00edaz<\/a>, Profesor Titular de Ciencia Pol\u00edtica y de la Administraci\u00f3n, <em><a href=\"https:\/\/theconversation.com\/institutions\/universidad-pablo-de-olavide-1362\">Universidad Pablo de Olavide<\/a><\/em><\/p>\n<p>Este art\u00edculo fue publicado originalmente en <a href=\"https:\/\/theconversation.com\">The Conversation<\/a>. Lea el <a href=\"https:\/\/theconversation.com\/aislamiento-desconfianza-e-individualismo-tres-sentimientos-que-dominan-el-presente-164568\">original<\/a>.<\/p>\n<p><img loading=\"lazy\" decoding=\"async\" style=\"border: none !important; box-shadow: none !important; margin: 0 !important; max-height: 1px !important; max-width: 1px !important; min-height: 1px !important; min-width: 1px !important; opacity: 0 !important; outline: none !important; padding: 0 !important; text-shadow: none !important;\" src=\"https:\/\/counter.theconversation.com\/content\/164568\/count.gif?distributor=republish-lightbox-advanced\" alt=\"The Conversation\" width=\"1\" height=\"1\" \/><\/p>\n","protected":false},"excerpt":{"rendered":"<p>El tiempo presente se caracteriza por la confluencia de diversas crisis: estas producen cambios sist\u00e9micos en las sociedades y en las formas de convivencia sociopol\u00edtica. En efecto, debido a las transformaciones derivadas de las crisis, los procesos de socializaci\u00f3n se producen en un contexto de mayor complejidad, incertidumbre, interdependencia y volatilidad.<\/p>\n","protected":false},"author":6,"featured_media":30867697,"comment_status":"closed","ping_status":"open","sticky":false,"template":"","format":"standard","meta":{"_monsterinsights_skip_tracking":false,"_monsterinsights_sitenote_active":false,"_monsterinsights_sitenote_note":"","_monsterinsights_sitenote_category":0,"footnotes":""},"categories":[5390],"tags":[146,104],"class_list":["post-30867695","post","type-post","status-publish","format-standard","has-post-thumbnail","hentry","category-theconversation","tag-sociedad","tag-sociologia"],"_links":{"self":[{"href":"https:\/\/www.upo.es\/diario\/wp-json\/wp\/v2\/posts\/30867695","targetHints":{"allow":["GET"]}}],"collection":[{"href":"https:\/\/www.upo.es\/diario\/wp-json\/wp\/v2\/posts"}],"about":[{"href":"https:\/\/www.upo.es\/diario\/wp-json\/wp\/v2\/types\/post"}],"author":[{"embeddable":true,"href":"https:\/\/www.upo.es\/diario\/wp-json\/wp\/v2\/users\/6"}],"replies":[{"embeddable":true,"href":"https:\/\/www.upo.es\/diario\/wp-json\/wp\/v2\/comments?post=30867695"}],"version-history":[{"count":2,"href":"https:\/\/www.upo.es\/diario\/wp-json\/wp\/v2\/posts\/30867695\/revisions"}],"predecessor-version":[{"id":30867698,"href":"https:\/\/www.upo.es\/diario\/wp-json\/wp\/v2\/posts\/30867695\/revisions\/30867698"}],"wp:featuredmedia":[{"embeddable":true,"href":"https:\/\/www.upo.es\/diario\/wp-json\/wp\/v2\/media\/30867697"}],"wp:attachment":[{"href":"https:\/\/www.upo.es\/diario\/wp-json\/wp\/v2\/media?parent=30867695"}],"wp:term":[{"taxonomy":"category","embeddable":true,"href":"https:\/\/www.upo.es\/diario\/wp-json\/wp\/v2\/categories?post=30867695"},{"taxonomy":"post_tag","embeddable":true,"href":"https:\/\/www.upo.es\/diario\/wp-json\/wp\/v2\/tags?post=30867695"}],"curies":[{"name":"wp","href":"https:\/\/api.w.org\/{rel}","templated":true}]}}