{"id":30867710,"date":"2021-07-19T12:00:00","date_gmt":"2021-07-19T10:00:00","guid":{"rendered":"https:\/\/www.upo.es\/diario\/?p=30867710"},"modified":"2021-07-21T09:11:16","modified_gmt":"2021-07-21T07:11:16","slug":"el-rector-de-la-upo-y-el-alcalde-de-carmona-inauguran-el-curso-de-verano-la-dinamica-metropolitana-de-las-ciudades","status":"publish","type":"post","link":"https:\/\/www.upo.es\/diario\/cursos-verano\/2021\/07\/el-rector-de-la-upo-y-el-alcalde-de-carmona-inauguran-el-curso-de-verano-la-dinamica-metropolitana-de-las-ciudades\/","title":{"rendered":"El rector de la UPO y el alcalde de Carmona inauguran el curso de verano &#8216;La din\u00e1mica metropolitana de las ciudades&#8217;"},"content":{"rendered":"<p><a href=\"https:\/\/www.upo.es\/diario\/wp-content\/uploads\/2021\/07\/CuVe-ciudades-metropolitanas_grupo-scaled.jpg\"><img loading=\"lazy\" decoding=\"async\" class=\"aligncenter size-large wp-image-30867713\" src=\"https:\/\/www.upo.es\/diario\/wp-content\/uploads\/2021\/07\/CuVe-ciudades-metropolitanas_grupo-750x500.jpg\" alt=\"\" width=\"750\" height=\"500\" srcset=\"https:\/\/www.upo.es\/diario\/wp-content\/uploads\/2021\/07\/CuVe-ciudades-metropolitanas_grupo-750x500.jpg 750w, https:\/\/www.upo.es\/diario\/wp-content\/uploads\/2021\/07\/CuVe-ciudades-metropolitanas_grupo-360x240.jpg 360w, https:\/\/www.upo.es\/diario\/wp-content\/uploads\/2021\/07\/CuVe-ciudades-metropolitanas_grupo-768x512.jpg 768w, https:\/\/www.upo.es\/diario\/wp-content\/uploads\/2021\/07\/CuVe-ciudades-metropolitanas_grupo-600x400.jpg 600w, https:\/\/www.upo.es\/diario\/wp-content\/uploads\/2021\/07\/CuVe-ciudades-metropolitanas_grupo-2048x1365.jpg 2048w\" sizes=\"auto, (max-width: 750px) 100vw, 750px\" \/><\/a>La sede Olavide en Carmona-Rectora Rosario Valpuesta ha acogido esta ma\u00f1ana la<strong> inauguraci\u00f3n del curso \u2018La din\u00e1mica metropolitana de las ciudades: retos para la gobernanza y la gesti\u00f3n de las \u00e1reas metropolitanas\u2019<\/strong> en el marco de la programaci\u00f3n de la XIX edici\u00f3n de los Cursos de Verano de la Universidad Pablo de Olavide. Un acto, que ha sido presidido por el rector de la UPO, <strong>Francisco Oliva Bl\u00e1zquez<\/strong>; el alcalde de Carmona, <strong>Juan \u00c1vila Guti\u00e9rrez<\/strong> y el teniente de alcalde del Ayuntamiento de Sevilla, <strong>Francisco Javier P\u00e1ez-V\u00e9lez Bracho<\/strong>.<\/p>\n<p>Durante la inauguraci\u00f3n, el rector ha destacado la importancia de este tipo de foros para debatir, analizar y reflexionar sobre la diferencia entre la ciudad real (metropolitana) y la ciudad administrativa (municipio). Ha destacado que \u201clos retos de las \u00e1reas metropolitanas nos involucran a todos\u201d y que este curso \u201cayudar\u00e1 a seguir mejorando el debate y a alcanzar el impulso para convertir las ciudades metropolitanas en realidad y con ello, mejorar la vida de los ciudadanos\u201d.<\/p>\n<p>Asimismo, en su discurso, Francisco Oliva ha subrayado la sostenibilidad medioambiental como uno de los retos principales a los que se enfrentan las \u00e1reas metropolitanas, \u201chay que adaptarse y trabajar hacia la transici\u00f3n ecol\u00f3gica pero haciendo compatible dos realidades: lograr ciudades m\u00e1s saludables pero teniendo presente las necesidades de los ciudadanos: incrementar el transporte p\u00fablico, apostar por bonos de transporte multimodal. Trabajar con el objetivo de alcanzar ciudades m\u00e1s justas y sostenibles\u201d. Y ha puesto de ejemplo a la Universidad Pablo de Olavide como un \u00e1rea metropolitana en el que confluyen tres municipios: Sevilla, Alcal\u00e1 de Guada\u00edra y Dos Hermanas, a la que ha a\u00f1adido tambi\u00e9n la ciudad de Carmona.<\/p>\n<p>Por \u00faltimo, el rector ha resaltado el plantel de lujo que compone el programa de este curso y que participar\u00e1n en los pr\u00f3ximos d\u00edas. Los ponentes reflejan un \u201cequilibrio necesario entre la presencia acad\u00e9mica y la participaci\u00f3n de profesionales que se enfrentan d\u00eda a d\u00eda a estas problem\u00e1ticas\u201d.<\/p>\n<p>Por su parte, el alcalde de Carmona ha subrayado durante su participaci\u00f3n que la \u00fanica forma de caminar y alcanzar objetivos importantes es ir de la mano ya que hay que tener presente que todas las decisiones de los ayuntamientos tienen repercusi\u00f3n directa sobre el ciudadano. Por eso hay que escuchar las demandas de la ciudadan\u00eda y trabajar para mejorar su vida. Entre los retos de las \u00e1reas metropolitanas, el alcalde ha hecho hincapi\u00e9 en la importancia del cambio clim\u00e1tico y la responsabilidad de las administraciones en la calificaci\u00f3n ambiental, sin olvidar la conservaci\u00f3n del patrimonio.<\/p>\n<p>El alcalde ha finalizado destacando tambi\u00e9n la importancia de este tipo de foros o lugares de encuentro donde se fomenta el intercambio de opiniones entre profesionales y acad\u00e9micos universitarios y aporta ideas y soluciones que posteriormente habr\u00e1 que llevar a la pr\u00e1ctica para mejorar la vida de los ciudadanos.<\/p>\n<p>Por su parte, el teniente de alcalde y delegado del \u00e1rea de Econom\u00eda y Comercio, Relaciones con la Comunidad Universitaria y \u00c1rea Metropolitana de Sevilla, Francisco Javier P\u00e1ez-V\u00e9lez ha explicado la necesidad de alcanzar alianzas metropolitanas y dotarlas de una planificaci\u00f3n estrat\u00e9gica que las haga crecer con tres objetivos fundamentales \u201cla reactivaci\u00f3n econ\u00f3mica y del empleo, el cambio clim\u00e1tico y la mejora de los servicios p\u00fablicos. En conclusi\u00f3n, \u201ccoordinar y gestionar de manera conjunta las administraciones para logar la mejora y riqueza de los municipios y enfrentarse al futuro con mayor certidumbre\u201d.<\/p>\n<p>El objetivo de este curso es dar a conocer los elementos fundamentales que sirven como marco de conocimiento para avanzar en nuevas f\u00f3rmulas de gobernanza y de gesti\u00f3n de servicios p\u00fablicos de \u00e1mbito metropolitano, con una especial atenci\u00f3n a los retos que se presentan para el desarrollo funcional del \u00e1rea metropolitana de Sevilla. Un seminario, dirigido por Rafael Merinero Rodr\u00edguez, profesor del Departamento de Sociolog\u00eda de la UPO y Gaspar Llanes D\u00edaz-Salazar, coordinador general del Plan Estrat\u00e9gico de Sevilla 2030 y que abordar\u00e1 en su primera jornada varias conferencias sobre los \u2018Fundamentos de la gobernanza metropolitana\u2019.<\/p>\n<p>&nbsp;<\/p>\n","protected":false},"excerpt":{"rendered":"<p>La sede Olavide en Carmona-Rectora Rosario Valpuesta ha acogido esta ma\u00f1ana la inauguraci\u00f3n del curso \u2018La din\u00e1mica metropolitana de las ciudades: retos para la gobernanza y la gesti\u00f3n de las \u00e1reas metropolitanas\u2019 en el marco de la programaci\u00f3n de la XIX edici\u00f3n de los Cursos de Verano de la Universidad Pablo de Olavide. Un acto, que ha sido presidido por el rector de la UPO, Francisco Oliva Bl\u00e1zquez; el alcalde de Carmona, Juan \u00c1vila Guti\u00e9rrez y el teniente de alcalde del Ayuntamiento de Sevilla, Francisco Javier P\u00e1ez-V\u00e9lez Bracho.<\/p>\n","protected":false},"author":6,"featured_media":30867713,"comment_status":"closed","ping_status":"open","sticky":false,"template":"","format":"standard","meta":{"_monsterinsights_skip_tracking":false,"_monsterinsights_sitenote_active":false,"_monsterinsights_sitenote_note":"","_monsterinsights_sitenote_category":0,"footnotes":""},"categories":[729],"tags":[7323,23,2815,22,1720,38,161],"class_list":["post-30867710","post","type-post","status-publish","format-standard","has-post-thumbnail","hentry","category-cursos-verano","tag-area-metropolitana","tag-carmona","tag-ciudades","tag-cursos-de-verano","tag-juan-avila","tag-rector","tag-sevilla"],"_links":{"self":[{"href":"https:\/\/www.upo.es\/diario\/wp-json\/wp\/v2\/posts\/30867710","targetHints":{"allow":["GET"]}}],"collection":[{"href":"https:\/\/www.upo.es\/diario\/wp-json\/wp\/v2\/posts"}],"about":[{"href":"https:\/\/www.upo.es\/diario\/wp-json\/wp\/v2\/types\/post"}],"author":[{"embeddable":true,"href":"https:\/\/www.upo.es\/diario\/wp-json\/wp\/v2\/users\/6"}],"replies":[{"embeddable":true,"href":"https:\/\/www.upo.es\/diario\/wp-json\/wp\/v2\/comments?post=30867710"}],"version-history":[{"count":4,"href":"https:\/\/www.upo.es\/diario\/wp-json\/wp\/v2\/posts\/30867710\/revisions"}],"predecessor-version":[{"id":30867716,"href":"https:\/\/www.upo.es\/diario\/wp-json\/wp\/v2\/posts\/30867710\/revisions\/30867716"}],"wp:featuredmedia":[{"embeddable":true,"href":"https:\/\/www.upo.es\/diario\/wp-json\/wp\/v2\/media\/30867713"}],"wp:attachment":[{"href":"https:\/\/www.upo.es\/diario\/wp-json\/wp\/v2\/media?parent=30867710"}],"wp:term":[{"taxonomy":"category","embeddable":true,"href":"https:\/\/www.upo.es\/diario\/wp-json\/wp\/v2\/categories?post=30867710"},{"taxonomy":"post_tag","embeddable":true,"href":"https:\/\/www.upo.es\/diario\/wp-json\/wp\/v2\/tags?post=30867710"}],"curies":[{"name":"wp","href":"https:\/\/api.w.org\/{rel}","templated":true}]}}