{"id":30867763,"date":"2021-07-21T13:11:41","date_gmt":"2021-07-21T11:11:41","guid":{"rendered":"https:\/\/www.upo.es\/diario\/?p=30867763"},"modified":"2021-07-23T09:26:27","modified_gmt":"2021-07-23T07:26:27","slug":"la-upo-y-la-fundacion-ak-guerrero-unidos-por-la-educacion-para-el-desarrollo-y-la-sensibilizacion-social","status":"publish","type":"post","link":"https:\/\/www.upo.es\/diario\/institucional\/2021\/07\/la-upo-y-la-fundacion-ak-guerrero-unidos-por-la-educacion-para-el-desarrollo-y-la-sensibilizacion-social\/","title":{"rendered":"La UPO y la Fundaci\u00f3n AK Guerrero, unidos por la educaci\u00f3n para el desarrollo y la sensibilizaci\u00f3n social"},"content":{"rendered":"<figure id=\"attachment_30867764\" aria-describedby=\"caption-attachment-30867764\" style=\"width: 750px\" class=\"wp-caption aligncenter\"><a href=\"https:\/\/www.upo.es\/diario\/wp-content\/uploads\/2021\/07\/conve_Fundacion_AKGuerrero02.jpg\"><img loading=\"lazy\" decoding=\"async\" class=\"size-large wp-image-30867764\" src=\"https:\/\/www.upo.es\/diario\/wp-content\/uploads\/2021\/07\/conve_Fundacion_AKGuerrero02-750x500.jpg\" alt=\"\" width=\"750\" height=\"500\" srcset=\"https:\/\/www.upo.es\/diario\/wp-content\/uploads\/2021\/07\/conve_Fundacion_AKGuerrero02-750x500.jpg 750w, https:\/\/www.upo.es\/diario\/wp-content\/uploads\/2021\/07\/conve_Fundacion_AKGuerrero02-360x240.jpg 360w, https:\/\/www.upo.es\/diario\/wp-content\/uploads\/2021\/07\/conve_Fundacion_AKGuerrero02-768x512.jpg 768w, https:\/\/www.upo.es\/diario\/wp-content\/uploads\/2021\/07\/conve_Fundacion_AKGuerrero02-600x400.jpg 600w, https:\/\/www.upo.es\/diario\/wp-content\/uploads\/2021\/07\/conve_Fundacion_AKGuerrero02-1536x1024.jpg 1536w, https:\/\/www.upo.es\/diario\/wp-content\/uploads\/2021\/07\/conve_Fundacion_AKGuerrero02-2048x1366.jpg 2048w, https:\/\/www.upo.es\/diario\/wp-content\/uploads\/2021\/07\/conve_Fundacion_AKGuerrero02-165x109.jpg 165w, https:\/\/www.upo.es\/diario\/wp-content\/uploads\/2021\/07\/conve_Fundacion_AKGuerrero02-1320x880.jpg 1320w\" sizes=\"auto, (max-width: 750px) 100vw, 750px\" \/><\/a><figcaption id=\"caption-attachment-30867764\" class=\"wp-caption-text\">El rector la de la UPO, Francisco Oliva Bl\u00e1zquez, y el presidente de la Asociaci\u00f3n AK Guerrero, Antonio Guerrero Le\u00f3n.<\/figcaption><\/figure>\n<p>El rector la de la Universidad Pablo de Olavide, <strong>Francisco Oliva Bl\u00e1zquez<\/strong>, y el presidente de la Asociaci\u00f3n AK Guerrero, <strong>Antonio Guerrero Le\u00f3n<\/strong>, han firmado en la ma\u00f1ana de hoy un convenio marco de colaboraci\u00f3n que sienta las bases para el dise\u00f1o y puesta en marcha de<strong> acciones encaminadas a la formaci\u00f3n, divulgaci\u00f3n y sensibilizaci\u00f3n en materia de educaci\u00f3n para el desarrollo<\/strong>.<\/p>\n<p>Lograr la verdadera <strong>integraci\u00f3n de las personas con diversidad funcional<\/strong>, as\u00ed como la garant\u00eda de cobertura de sus necesidades, desde que nacen y durante toda su vida, es la principal misi\u00f3n de la Fundaci\u00f3n AK Antonio Guerrero. \u00a0As\u00ed, la Fundaci\u00f3n desarrolla una serie de proyectos con el objetivo de ayudar a los que m\u00e1s lo necesiten, desde el aspecto asistencial, educativo, de empleo, protecci\u00f3n, formaci\u00f3n profesional, escuela de oficios, deportivo, etc.<\/p>\n<p>Uno de estos proyectos es el <strong>Centro de Atenci\u00f3n Infantil Temprana<\/strong> (CAIT) situado en el <strong>Pol\u00edgono Sur<\/strong> de la ciudad de Sevilla, barrio que comparte con la <strong>Residencia Universitaria Flora Trist\u00e1n de la Universidad Pablo de Olavide<\/strong>. As\u00ed, con la firma de este convenio se potencian <strong>sinergias entre ambas instituciones y, principalmente, entre el CAIT y la Flora Trist\u00e1n<\/strong>, en cuyas instalaciones se desarrollar\u00e1n acciones sociales coordinadas.<\/p>\n<p><span style=\"font-size: 16px;\">Adem\u00e1s, <\/span><strong style=\"font-size: 16px;\">los becarios y becarias de la residencia de la UPO colaborar\u00e1n en las actuaciones que la Fundaci\u00f3n AK ponga en marcha en el Pol\u00edgono Sur, principalmente con los ni\u00f1os y ni\u00f1as con diversidad funcional a los que asiste en el Centro de Atenci\u00f3n Infantil Temprana.<\/strong><\/p>\n<p>&nbsp;<\/p>\n<blockquote><p>Los becarios y becarias de la Flora Trist\u00e1n colaborar\u00e1n en las actuaciones que la Fundaci\u00f3n AK ponga en marcha en el Pol\u00edgono Sur<\/p><\/blockquote>\n<p>&nbsp;<\/p>\n<p>Otra de las acciones que contempla el convenio es la realizaci\u00f3n de <strong>pr\u00e1cticas curriculares y extracurriculares <\/strong>del estudiantado de Grado y M\u00e1ster, <strong>asesoramiento y colaboraci\u00f3n en programas y proyectos<\/strong> <strong>que promuevan mejora de la salud<\/strong>, h\u00e1bitos saludables, calidad de vida y, en general, en cualquier \u00e1mbito de actuaci\u00f3n social como puede ser educaci\u00f3n, formaci\u00f3n, asesoramiento, informaci\u00f3n, orientaci\u00f3n, concienciaci\u00f3n y divulgaci\u00f3n de los derechos inherentes a las personas, entre otros.<\/p>\n<p>En su intervenci\u00f3n, el rector Francisco Oliva Bl\u00e1zquez ha resaltado la importancia de la firma de este convenio \u201c<strong>centrado en la dimensi\u00f3n social de la diversidad funcional<\/strong>\u201d. Adem\u00e1s, el rector ha destacado los lazos de colaboraci\u00f3n entre las dos instituciones y la importancia de la implicaci\u00f3n de las personas y tambi\u00e9n de la Universidad en los distintos problemas de la sociedad. \u201cPara nosotros es un honor que nuestros estudiantes puedan realizar pr\u00e1cticas en la Fundaci\u00f3n y que los becarios y becarias de la Flora puedan participar en las acciones llevadas a cabo en el CAIT del Pol\u00edgono Sur, una apuesta valiente y valiosa\u201d, afirma Francisco Oliva, quien tambi\u00e9n ha subrayado la promoci\u00f3n de h\u00e1bitos saludables que contempla este convenio, \u201cunos h\u00e1bitos que construyen una sociedad sostenible\u201d.<\/p>\n<p>Por su parte, Antonio Guerrero Le\u00f3n ha destacado c\u00f3mo \u201ccon la ayuda de la universidad damos otro paso adelante para <strong>mejorar la vida de los ni\u00f1os con diversidad funcional en un barrio como es el Pol\u00edgono Sur<\/strong>\u201d. \u201cCon este acuerdo abrimos m\u00faltiples abanicos, iniciamos el di\u00e1logo y ponemos en marcha distintas iniciativas que poco a poco se van haciendo realidad, unos proyectos que sin las sinergias creadas entre ambas instituciones no se podr\u00edan llevar a cabo\u201d, destaca el presidente de la Asociaci\u00f3n AK Guerrero.<\/p>\n<figure id=\"attachment_30867765\" aria-describedby=\"caption-attachment-30867765\" style=\"width: 360px\" class=\"wp-caption alignright\"><a href=\"https:\/\/www.upo.es\/diario\/wp-content\/uploads\/2021\/07\/conve_Fundacion_AKGuerrero03.jpg\"><img loading=\"lazy\" decoding=\"async\" class=\"size-medium wp-image-30867765\" src=\"https:\/\/www.upo.es\/diario\/wp-content\/uploads\/2021\/07\/conve_Fundacion_AKGuerrero03-360x240.jpg\" alt=\"\" width=\"360\" height=\"240\" srcset=\"https:\/\/www.upo.es\/diario\/wp-content\/uploads\/2021\/07\/conve_Fundacion_AKGuerrero03-360x240.jpg 360w, https:\/\/www.upo.es\/diario\/wp-content\/uploads\/2021\/07\/conve_Fundacion_AKGuerrero03-750x500.jpg 750w, https:\/\/www.upo.es\/diario\/wp-content\/uploads\/2021\/07\/conve_Fundacion_AKGuerrero03-768x512.jpg 768w, https:\/\/www.upo.es\/diario\/wp-content\/uploads\/2021\/07\/conve_Fundacion_AKGuerrero03-600x400.jpg 600w, https:\/\/www.upo.es\/diario\/wp-content\/uploads\/2021\/07\/conve_Fundacion_AKGuerrero03-1536x1024.jpg 1536w, https:\/\/www.upo.es\/diario\/wp-content\/uploads\/2021\/07\/conve_Fundacion_AKGuerrero03-2048x1366.jpg 2048w, https:\/\/www.upo.es\/diario\/wp-content\/uploads\/2021\/07\/conve_Fundacion_AKGuerrero03-165x109.jpg 165w, https:\/\/www.upo.es\/diario\/wp-content\/uploads\/2021\/07\/conve_Fundacion_AKGuerrero03-1320x880.jpg 1320w\" sizes=\"auto, (max-width: 360px) 100vw, 360px\" \/><\/a><figcaption id=\"caption-attachment-30867765\" class=\"wp-caption-text\">Foto de grupo de los asistentes al acto.<\/figcaption><\/figure>\n<p>En el acto tambi\u00e9n han estado presentes el vicerrector de Cultura y Pol\u00edticas Sociales, <strong>David Cobos Sanchiz; <\/strong>la directora acad\u00e9mica de Integraci\u00f3n y Diversidad Funcional, <strong>Mar\u00eda Jos\u00e9 Parejo Guzm\u00e1n<\/strong>; la directora acad\u00e9mica del Aula Abierta de Mayores de esta universidad, <strong>Roc\u00edo Cruz D\u00edaz<\/strong>; el investigador de la Universidad Pablo de Olavide y referente en el estudio de las enfermedades raras <strong>Jos\u00e9 Antonio S\u00e1nchez Alc\u00e1zar<\/strong>; la vicepresidenta de la Asociaci\u00f3n AK Guerrero, <strong>Katy Herrero Ruiz<\/strong>; la directora del Centro de Atenci\u00f3n Infantil Temprana (CAIT) del Pol\u00edgono Sur, <strong>Mar\u00eda Megina<\/strong>; la trabajadora social de la Fundaci\u00f3n <strong>Mar\u00eda Cort\u00e9s Hoyo<\/strong>; el fisioterapeuta del CAIT <strong>Carlos Carrasco<\/strong>; la psic\u00f3loga cl\u00ednica de la Unidad de Maduraci\u00f3n del Hospital Macarena <strong>Antonia M\u00e1rquez<\/strong>; y el asesor cultural de la Fundaci\u00f3n y director de Recursos Humanos de Endesa <strong>David Pena<\/strong>.<\/p>\n<h3><strong>Residencia Universitaria Flora Trist\u00e1n<\/strong><\/h3>\n<p>Creada el 24 de marzo del a\u00f1o 2004, la Residencia Universitaria Flora Trist\u00e1n, dependiente del Vicerrectorado de Cultura y Pol\u00edticas Sociales y gestionada por la Fundaci\u00f3n Universidad Pablo de Olavide, es una iniciativa pionera en Andaluc\u00eda que pretende proporcionar al estudiantado universitario una <strong>formaci\u00f3n humana integral m\u00e1s all\u00e1 del \u00e1mbito acad\u00e9mico, adem\u00e1s de contribuir a la revitalizaci\u00f3n del Pol\u00edgono Sur<\/strong> a trav\u00e9s de la presencia cotidiana de estos j\u00f3venes en el barrio.<\/p>\n<p>La Flora supone, as\u00ed, un ejemplo de transferencia del conocimiento y de las activas pol\u00edticas sociales que desarrolla la Universidad Pablo de Olavide, se\u00f1a identitaria de la instituci\u00f3n.<\/p>\n<p>&nbsp;<\/p>\n","protected":false},"excerpt":{"rendered":"<p>El rector la de la Universidad Pablo de Olavide, Francisco Oliva Bl\u00e1zquez, y el presidente de la Asociaci\u00f3n AK Guerrero, Antonio Guerrero Le\u00f3n, han firmado en la ma\u00f1ana de hoy un convenio marco de colaboraci\u00f3n que sienta las bases para el dise\u00f1o y puesta en marcha de acciones encaminadas a la formaci\u00f3n, divulgaci\u00f3n y sensibilizaci\u00f3n en materia de educaci\u00f3n para el desarrollo.<\/p>\n","protected":false},"author":2,"featured_media":30867764,"comment_status":"closed","ping_status":"open","sticky":false,"template":"","format":"standard","meta":{"_monsterinsights_skip_tracking":false,"_monsterinsights_sitenote_active":false,"_monsterinsights_sitenote_note":"","_monsterinsights_sitenote_category":0,"footnotes":""},"categories":[6],"tags":[7526,7527,7528,326,2355,3616,861,451,357,1745,7525,7194],"class_list":["post-30867763","post","type-post","status-publish","format-standard","has-post-thumbnail","hentry","category-institucional","tag-asociacion-ak-guerrero","tag-atencion-temprana","tag-centro-de-atencion-infantil-temprana","tag-convenio","tag-diversidad-funcional","tag-educacion-para-el-desarrollo","tag-habitos-saludables","tag-infancia","tag-poligono-sur","tag-residencia-universitaria-flora-tristan","tag-sensibilizacion-social","tag-vicerrectorado-de-cultura-y-politicas-sociales"],"_links":{"self":[{"href":"https:\/\/www.upo.es\/diario\/wp-json\/wp\/v2\/posts\/30867763","targetHints":{"allow":["GET"]}}],"collection":[{"href":"https:\/\/www.upo.es\/diario\/wp-json\/wp\/v2\/posts"}],"about":[{"href":"https:\/\/www.upo.es\/diario\/wp-json\/wp\/v2\/types\/post"}],"author":[{"embeddable":true,"href":"https:\/\/www.upo.es\/diario\/wp-json\/wp\/v2\/users\/2"}],"replies":[{"embeddable":true,"href":"https:\/\/www.upo.es\/diario\/wp-json\/wp\/v2\/comments?post=30867763"}],"version-history":[{"count":3,"href":"https:\/\/www.upo.es\/diario\/wp-json\/wp\/v2\/posts\/30867763\/revisions"}],"predecessor-version":[{"id":30867768,"href":"https:\/\/www.upo.es\/diario\/wp-json\/wp\/v2\/posts\/30867763\/revisions\/30867768"}],"wp:featuredmedia":[{"embeddable":true,"href":"https:\/\/www.upo.es\/diario\/wp-json\/wp\/v2\/media\/30867764"}],"wp:attachment":[{"href":"https:\/\/www.upo.es\/diario\/wp-json\/wp\/v2\/media?parent=30867763"}],"wp:term":[{"taxonomy":"category","embeddable":true,"href":"https:\/\/www.upo.es\/diario\/wp-json\/wp\/v2\/categories?post=30867763"},{"taxonomy":"post_tag","embeddable":true,"href":"https:\/\/www.upo.es\/diario\/wp-json\/wp\/v2\/tags?post=30867763"}],"curies":[{"name":"wp","href":"https:\/\/api.w.org\/{rel}","templated":true}]}}