{"id":30867780,"date":"2021-07-21T16:49:49","date_gmt":"2021-07-21T14:49:49","guid":{"rendered":"https:\/\/www.upo.es\/diario\/?p=30867780"},"modified":"2021-07-21T16:52:29","modified_gmt":"2021-07-21T14:52:29","slug":"chica-fabrica-de-marta-sanchez-ortega-este-jueves-en-cultura-minima-2021","status":"publish","type":"post","link":"https:\/\/www.upo.es\/diario\/cultura-social\/2021\/07\/chica-fabrica-de-marta-sanchez-ortega-este-jueves-en-cultura-minima-2021\/","title":{"rendered":"&#8216;Chica F\u00e1brica&#8217; de Marta S\u00e1nchez Ortega, este jueves en Cultura M\u00ednima 2021"},"content":{"rendered":"<p><iframe loading=\"lazy\" title=\"YouTube video player\" src=\"https:\/\/www.youtube.com\/embed\/CxGbz13j2jU\" width=\"560\" height=\"315\" frameborder=\"0\" allowfullscreen=\"allowfullscreen\"><\/iframe><\/p>\n<p><strong>&#8216;Chica F\u00e1brica&#8217;<\/strong> <strong>a\u00fana teatro, cine, m\u00fasica, performance y una sesi\u00f3n de DJ<\/strong> en un espect\u00e1culo que podr\u00e1 verse <strong>desde las 18 horas de este jueves 22 de julio<\/strong> y cuyo hilo conductor es una f\u00e1brica de mujeres que son m\u00e1s maquinaria que personas, al servicio de una \u201cproducci\u00f3n\u201d que remueve la conciencia del espectador. Una creaci\u00f3n de <strong>Marta S\u00e1nchez Ortega<\/strong>, formada como actriz, locutora y actriz de doblaje y que ha trabajado en producci\u00f3n, direcci\u00f3n de espect\u00e1culos, composici\u00f3n musical y como cantante y actriz, adem\u00e1s de ser t\u00e9cnica audiovisual.<\/p>\n<p><strong>Pen\u00faltima cita de \u2018Cultura M\u00ednima\u2019<\/strong> <strong>de este curso<\/strong>, un programa de la Universidad creado para impulsar el trabajo de artistas y creadores emergentes locales y provenientes de la comunidad universitaria. Bajo la coordinaci\u00f3n del Servicio de Extensi\u00f3n Cultural de la UPO, facilita el escenario, una ayuda econ\u00f3mica y apoyo t\u00e9cnico para que desarrollen su propuesta cultural en el campus. Debido a las restricciones sanitarias y de aforo, muy limitantes en el momento de la convocatoria, la programaci\u00f3n de este a\u00f1o ha sido grabada y se difunde a trav\u00e9s del canal YouTube de la UPO.<\/p>\n","protected":false},"excerpt":{"rendered":"<p>&#8216;Chica F\u00e1brica&#8217; a\u00fana teatro, cine, m\u00fasica, performance y una sesi\u00f3n de DJ en un espect\u00e1culo que cuyo hilo conductor es una f\u00e1brica de mujeres que son m\u00e1s maquinaria que personas, al servicio de una \u201cproducci\u00f3n\u201d que remueve la conciencia del espectador. Una producci\u00f3n de Marta S\u00e1nchez Ortega, formada como actriz, locutora y actriz de doblaje y que ha trabajado en producci\u00f3n, direcci\u00f3n de espect\u00e1culos, composici\u00f3n musical y como cantante y actriz, adem\u00e1s de ser t\u00e9cnica audiovisual.<\/p>\n","protected":false},"author":6,"featured_media":30867784,"comment_status":"closed","ping_status":"open","sticky":false,"template":"","format":"standard","meta":{"_monsterinsights_skip_tracking":false,"_monsterinsights_sitenote_active":false,"_monsterinsights_sitenote_note":"","_monsterinsights_sitenote_category":0,"footnotes":""},"categories":[5843],"tags":[3869,402,4050,3746,95],"class_list":["post-30867780","post","type-post","status-publish","format-standard","has-post-thumbnail","hentry","category-cultura-social","tag-cultura-minima","tag-musica","tag-performance","tag-servicio-de-extension-cultural","tag-teatro"],"_links":{"self":[{"href":"https:\/\/www.upo.es\/diario\/wp-json\/wp\/v2\/posts\/30867780","targetHints":{"allow":["GET"]}}],"collection":[{"href":"https:\/\/www.upo.es\/diario\/wp-json\/wp\/v2\/posts"}],"about":[{"href":"https:\/\/www.upo.es\/diario\/wp-json\/wp\/v2\/types\/post"}],"author":[{"embeddable":true,"href":"https:\/\/www.upo.es\/diario\/wp-json\/wp\/v2\/users\/6"}],"replies":[{"embeddable":true,"href":"https:\/\/www.upo.es\/diario\/wp-json\/wp\/v2\/comments?post=30867780"}],"version-history":[{"count":3,"href":"https:\/\/www.upo.es\/diario\/wp-json\/wp\/v2\/posts\/30867780\/revisions"}],"predecessor-version":[{"id":30867785,"href":"https:\/\/www.upo.es\/diario\/wp-json\/wp\/v2\/posts\/30867780\/revisions\/30867785"}],"wp:featuredmedia":[{"embeddable":true,"href":"https:\/\/www.upo.es\/diario\/wp-json\/wp\/v2\/media\/30867784"}],"wp:attachment":[{"href":"https:\/\/www.upo.es\/diario\/wp-json\/wp\/v2\/media?parent=30867780"}],"wp:term":[{"taxonomy":"category","embeddable":true,"href":"https:\/\/www.upo.es\/diario\/wp-json\/wp\/v2\/categories?post=30867780"},{"taxonomy":"post_tag","embeddable":true,"href":"https:\/\/www.upo.es\/diario\/wp-json\/wp\/v2\/tags?post=30867780"}],"curies":[{"name":"wp","href":"https:\/\/api.w.org\/{rel}","templated":true}]}}