{"id":30867789,"date":"2021-07-21T19:49:33","date_gmt":"2021-07-21T17:49:33","guid":{"rendered":"https:\/\/www.upo.es\/diario\/?p=30867789"},"modified":"2021-07-22T09:50:01","modified_gmt":"2021-07-22T07:50:01","slug":"rafael-merinero-defiende-que-la-solucion-para-avanzar-en-la-ciudad-real-es-avanzar-en-cooperacion","status":"publish","type":"post","link":"https:\/\/www.upo.es\/diario\/cursos-verano\/2021\/07\/rafael-merinero-defiende-que-la-solucion-para-avanzar-en-la-ciudad-real-es-avanzar-en-cooperacion\/","title":{"rendered":"Rafael Merinero defiende que la soluci\u00f3n para \u00abavanzar en la ciudad real\u00bb es \u00abavanzar en cooperaci\u00f3n\u00bb"},"content":{"rendered":"<figure id=\"attachment_30867798\" aria-describedby=\"caption-attachment-30867798\" style=\"width: 750px\" class=\"wp-caption aligncenter\"><a href=\"https:\/\/www.upo.es\/diario\/wp-content\/uploads\/2021\/07\/Rafael-Merinero-2-scaled.jpg\"><img loading=\"lazy\" decoding=\"async\" class=\"size-large wp-image-30867798\" src=\"https:\/\/www.upo.es\/diario\/wp-content\/uploads\/2021\/07\/Rafael-Merinero-2-750x423.jpg\" alt=\"Rafael Merinero en la sede de la UPO en Carmona\" width=\"750\" height=\"423\" srcset=\"https:\/\/www.upo.es\/diario\/wp-content\/uploads\/2021\/07\/Rafael-Merinero-2-750x423.jpg 750w, https:\/\/www.upo.es\/diario\/wp-content\/uploads\/2021\/07\/Rafael-Merinero-2-360x203.jpg 360w, https:\/\/www.upo.es\/diario\/wp-content\/uploads\/2021\/07\/Rafael-Merinero-2-768x433.jpg 768w, https:\/\/www.upo.es\/diario\/wp-content\/uploads\/2021\/07\/Rafael-Merinero-2-600x338.jpg 600w, https:\/\/www.upo.es\/diario\/wp-content\/uploads\/2021\/07\/Rafael-Merinero-2-1536x866.jpg 1536w, https:\/\/www.upo.es\/diario\/wp-content\/uploads\/2021\/07\/Rafael-Merinero-2-2048x1154.jpg 2048w, https:\/\/www.upo.es\/diario\/wp-content\/uploads\/2021\/07\/Rafael-Merinero-2-1320x744.jpg 1320w\" sizes=\"auto, (max-width: 750px) 100vw, 750px\" \/><\/a><figcaption id=\"caption-attachment-30867798\" class=\"wp-caption-text\">Rafael Merinero en la sede de la UPO en Carmona<\/figcaption><\/figure>\n<p>El profesor del Departamento de Sociolog\u00eda de la Universidad Pablo de Olavide <strong>Rafael Merinero ha defendido que la soluci\u00f3n para avanzar en la ciudad real es \u00abavanzar en cooperaci\u00f3n\u00bb, puesto que \u00ablos organismos internacionales aconsejan que haya capacidad de incorporar soluciones a la vida cotidiana desde la perspectiva de la cooperaci\u00f3n de municipios\u00bb<\/strong>.<\/p>\n<p>En esta l\u00ednea, ha manifestado que<strong> \u00abno se pueden ni se deben perder los elementos de identidad que aporta cada uno de los municipios a sus habitantes, la soluci\u00f3n no est\u00e1 solo en crear grandes aparatos administrativos con capacidad de responder a la realidad del territorio\u00bb ya que \u00abno hay garant\u00edas de que creando un \u00fanico municipio se resuelvan los problemas de la ciudad real\u00bb.<\/strong> \u00abDesde mi punto de vista, la construcci\u00f3n de la ciudad real hay que hacerla desde los elementos que ya existen\u00bb, ha a\u00f1adido.<\/p>\n<p>Merinero codirige junto al coordinador general del Plan Estrat\u00e9gico de Sevilla 2030, Gaspar Llanes, el <strong>seminario &#8216;La din\u00e1mica metropolitana de las ciudades: retos para la gobernanza y la gesti\u00f3n de las \u00e1reas metropolitanas&#8217;<\/strong>, que se desarrolla en el marco de la<strong> XIX edici\u00f3n de los Cursos de Verano de la UPO en Carmona<\/strong>.<\/p>\n<p>El director ha se\u00f1alado que, desde el enfoque del desarrollo metropolitano, <strong>Sevilla tiene el reto de \u00ablanzar un proceso de planificaci\u00f3n estrat\u00e9gico\u00bb que sirva como \u00abelemento de referencia para articular el desarrollo de la ciudad real\u00bb<\/strong> y que \u00abaglutine a todos los actores que intervienen en el \u00e1rea metropolitana de Sevilla\u00bb.<\/p>\n<p>Respecto a los factores a tener en cuenta en la elaboraci\u00f3n de un plan estrat\u00e9gico del \u00e1rea metropolitana, Merinero ha resaltado dos asuntos fundamentales, el primero relacionado con \u00ablos componentes del contenido de los planes estrat\u00e9gicos\u00bb y otro con \u00abel proceso, la gobernanza\u00bb que es \u00abla capacidad de articular a los actores que intervienen en el desarrollo\u00a0 del \u00e1rea metropolitana\u00bb.<\/p>\n<p>Desde el punto de vista del contenido, el profesor ha sostenido que <strong>es muy importante \u00abque el plan estrat\u00e9gico aborde el territorio metropolitano como un elemento de fuerza para su desarrollo\u00bb<\/strong>, es decir, \u00abque la realidad metropolitana\u00a0 sea tenida en cuenta como territorio de referencia y que sea lo m\u00e1s integral posible\u00bb, teniendo en cuenta \u00abno solo las infraestructuras y los equipamientos, sino que tenga capacidad de atender a los procesos econ\u00f3micos, a las desigualdades sociales, los retos ambientales y del cambio clim\u00e1tico o la movilidad\u00bb.<\/p>\n<p>Desde la perspectiva de la <strong>gobernanza<\/strong>, ha recalcado que el plan estrat\u00e9gico \u00abdebe incorporar a todos los actores que tienen incidencia importante en el territorio metropolitano a trav\u00e9s de sus competencias\u00bb como son \u00ablos Ayuntamientos, gobiernos locales y auton\u00f3micos o el Estado\u00bb, apuntando tambi\u00e9n a \u00abla sociedad civil, actores del \u00e1mbito privado que representan intereses particulares dentro de las preocupaciones que la sociedad tiene respecto a los problemas del\u00a0 \u00e1mbito metropolitano\u00bb.<\/p>\n<p>Merinero ha indicado que<strong> \u00abel \u00e1rea metropolitana es una forma t\u00e9cnica de denominar una realidad, que es c\u00f3mo se desarrolla la vida cotidiana en un territorio\u00bb<\/strong>, por lo tanto \u00ablos asuntos que son importantes en el desarrollo socioecon\u00f3mico contempor\u00e1neo son tambi\u00e9n los propios ejes tem\u00e1ticos del desarrollo metropolitano\u00bb. \u00abLos retos que tiene la sociedad deben responderse tambi\u00e9n desde el \u00e1mbito territorial, desde la perspectiva de la ciudad real\u00bb.<\/p>\n<p>&nbsp;<\/p>\n","protected":false},"excerpt":{"rendered":"<p>El profesor del Departamento de Sociolog\u00eda de la Universidad Pablo de Olavide Rafael Merinero ha defendido que la soluci\u00f3n para avanzar en la ciudad real es \u00abavanzar en cooperaci\u00f3n\u00bb, puesto que \u00ablos organismos internacionales aconsejan que haya capacidad de incorporar soluciones a la vida cotidiana desde la perspectiva de la cooperaci\u00f3n de municipios\u00bb.<\/p>\n","protected":false},"author":6,"featured_media":30867798,"comment_status":"closed","ping_status":"open","sticky":false,"template":"","format":"standard","meta":{"_monsterinsights_skip_tracking":false,"_monsterinsights_sitenote_active":false,"_monsterinsights_sitenote_note":"","_monsterinsights_sitenote_category":0,"footnotes":""},"categories":[729],"tags":[7323,23,22,519,2906,161,104],"class_list":["post-30867789","post","type-post","status-publish","format-standard","has-post-thumbnail","hentry","category-cursos-verano","tag-area-metropolitana","tag-carmona","tag-cursos-de-verano","tag-olavide-en-carmona","tag-ordenacion-del-territorio","tag-sevilla","tag-sociologia"],"_links":{"self":[{"href":"https:\/\/www.upo.es\/diario\/wp-json\/wp\/v2\/posts\/30867789","targetHints":{"allow":["GET"]}}],"collection":[{"href":"https:\/\/www.upo.es\/diario\/wp-json\/wp\/v2\/posts"}],"about":[{"href":"https:\/\/www.upo.es\/diario\/wp-json\/wp\/v2\/types\/post"}],"author":[{"embeddable":true,"href":"https:\/\/www.upo.es\/diario\/wp-json\/wp\/v2\/users\/6"}],"replies":[{"embeddable":true,"href":"https:\/\/www.upo.es\/diario\/wp-json\/wp\/v2\/comments?post=30867789"}],"version-history":[{"count":4,"href":"https:\/\/www.upo.es\/diario\/wp-json\/wp\/v2\/posts\/30867789\/revisions"}],"predecessor-version":[{"id":30867799,"href":"https:\/\/www.upo.es\/diario\/wp-json\/wp\/v2\/posts\/30867789\/revisions\/30867799"}],"wp:featuredmedia":[{"embeddable":true,"href":"https:\/\/www.upo.es\/diario\/wp-json\/wp\/v2\/media\/30867798"}],"wp:attachment":[{"href":"https:\/\/www.upo.es\/diario\/wp-json\/wp\/v2\/media?parent=30867789"}],"wp:term":[{"taxonomy":"category","embeddable":true,"href":"https:\/\/www.upo.es\/diario\/wp-json\/wp\/v2\/categories?post=30867789"},{"taxonomy":"post_tag","embeddable":true,"href":"https:\/\/www.upo.es\/diario\/wp-json\/wp\/v2\/tags?post=30867789"}],"curies":[{"name":"wp","href":"https:\/\/api.w.org\/{rel}","templated":true}]}}